{"id":732,"date":"2025-11-13T14:37:00","date_gmt":"2025-11-13T13:37:00","guid":{"rendered":"https:\/\/zastalowcy.pl\/?p=732"},"modified":"2025-11-14T12:50:57","modified_gmt":"2025-11-14T11:50:57","slug":"filip-matczak-i-michal-sitnik-z-powolaniem-do-kosz-kadry-3x3","status":"publish","type":"post","link":"https:\/\/zastalowcy.pl\/?p=732","title":{"rendered":"Filip Matczak i Micha\u0142 Sitnik z powo\u0142aniem do Kosz Kadry 3&#215;3!"},"content":{"rendered":"\n<p class=\"wp-block-paragraph\">Doskona\u0142e wie\u015bci dla zielonog\u00f3rskich kibic\u00f3w! Dwaj zawodnicy <strong>Zastalu Zielona G\u00f3ra \u2013 Filip Matczak i Micha\u0142 Sitnik <\/strong>zostali powo\u0142ani do reprezentacji Polski w koszyk\u00f3wce 3&#215;3. Obaj wezm\u0105 udzia\u0142 w zgrupowaniu przygotowawczym, kt\u00f3re odb\u0119dzie si\u0119 w dniach <strong>25-29 listopada<\/strong> 2025 roku.<\/p>\n\n\n\n<p class=\"wp-block-paragraph\">Podczas obozu kadra b\u0119dzie pracowa\u0107 nad elementami gry, kt\u00f3re maj\u0105 kluczowe znaczenie w rywalizacji na najwy\u017cszym poziomie \u2013 szybko\u015bci\u0105 reakcji, gr\u0105 jeden na jeden, wsp\u00f3\u0142prac\u0105 w ograniczonej przestrzeni i skuteczno\u015bci\u0105 rzutow\u0105. Zgrupowanie stanowi pierwszy etap przygotowa\u0144 do <strong>Mistrzostw \u015awiata w koszyk\u00f3wce 3&#215;3<\/strong>, zaplanowanych na przysz\u0142y rok.<\/p>\n\n\n\n<p class=\"wp-block-paragraph\">Dla Filipa Matczaka to kolejna okazja, by potwierdzi\u0107 swoje do\u015bwiadczenie i wszechstronno\u015b\u0107 \u2013 zawodnik Zastalu od lat \u0142\u0105czy skuteczno\u015b\u0107 w ataku z kreatywno\u015bci\u0105 w kreowaniu gry. Z kolei Micha\u0142 Sitnik, jeden z m\u0142odszych graczy w zespole, imponuje energi\u0105 i zadziorno\u015bci\u0105, kt\u00f3re doskonale wpisuj\u0105 si\u0119 w dynamiczny styl 3&#215;3.<\/p>\n\n\n\n<p class=\"wp-block-paragraph\">Powo\u0142anie obu zawodnik\u00f3w to pow\u00f3d do dumy dla ca\u0142ej spo\u0142eczno\u015bci Zastalowc\u00f3w. To tak\u017ce dow\u00f3d na to, \u017ce <strong>zielonog\u00f3rska koszyk\u00f3wka<\/strong> nieustannie rozwija talenty gotowe do rywalizacji na arenie mi\u0119dzynarodowej.<\/p>\n\n\n\n<p class=\"wp-block-paragraph\">Trzymamy kciuki za Filipa i Micha\u0142a! Powodzenia w bia\u0142o-czerwonych barwach! \ud83c\uddf5\ud83c\uddf1\ud83c\udfc0<\/p>\n\n\n\n<p class=\"wp-block-paragraph\">\ud83c\udfc0 Zastalowcy.pl \u2013 o Zastalu od kibic\u00f3w \u2013 dla kibic\u00f3w<\/p>\n","protected":false},"excerpt":{"rendered":"<p>Doskona\u0142e wie\u015bci dla zielonog\u00f3rskich kibic\u00f3w! Dwaj zawodnicy Zastalu Zielona G\u00f3ra \u2013 Filip Matczak i Micha\u0142 Sitnik zostali powo\u0142ani<\/p>\n","protected":false},"author":3,"featured_media":733,"comment_status":"open","ping_status":"open","sticky":false,"template":"","format":"standard","meta":{"om_disable_all_campaigns":false,"footnotes":""},"categories":[18,9],"tags":[17,26,90,191,167,15,31,91,60,99,61,12,14,42,11,10,16],"class_list":["post-732","post","type-post","status-publish","format-standard","has-post-thumbnail","hentry","category-aktualnosci","category-sezon-2025-2026","tag-basketzg","tag-druzyna","tag-filip-matczak","tag-kadra-3x3","tag-kosz-kadra","tag-koszykowka","tag-koszykowka-3x3","tag-matczak","tag-michal-sitnik","tag-reprezentacja-polski","tag-sitnik","tag-zastal","tag-zastal-zielona-gora","tag-zastalowcy","tag-zielona-gora","tag-zielonagora","tag-zielonogorska-koszykowka"],"aioseo_notices":[],"aioseo_head":"\n\t\t<!-- All in One SEO 5.0.0.1 - aioseo.com -->\n\t<meta name=\"description\" content=\"Doskona\u0142e wie\u015bci dla zielonog\u00f3rskich kibic\u00f3w! Dwaj zawodnicy Zastalu Zielona G\u00f3ra \u2013 Filip Matczak i Micha\u0142 Sitnik zostali powo\u0142ani do reprezentacji Polski w koszyk\u00f3wce 3x3. Obaj wezm\u0105 udzia\u0142 w zgrupowaniu przygotowawczym, kt\u00f3re odb\u0119dzie si\u0119 w dniach 25-29 listopada 2025 roku. Podczas obozu kadra b\u0119dzie pracowa\u0107 nad elementami gry, kt\u00f3re maj\u0105 kluczowe znaczenie w rywalizacji na najwy\u017cszym\" \/>\n\t<meta name=\"robots\" content=\"max-image-preview:large\" \/>\n\t<meta name=\"author\" content=\"Joanna Nawlicka\"\/>\n\t<link rel=\"canonical\" href=\"https:\/\/zastalowcy.pl\/?p=732\" \/>\n\t<meta name=\"generator\" content=\"All in One SEO (AIOSEO) 5.0.0.1\" \/>\n\t\t<meta property=\"og:locale\" content=\"pl_PL\" \/>\n\t\t<meta property=\"og:site_name\" content=\"- O Zastalu od kibic\u00f3w \u2013 dla kibic\u00f3w\" \/>\n\t\t<meta property=\"og:type\" content=\"article\" \/>\n\t\t<meta property=\"og:title\" content=\"Filip Matczak i Micha\u0142 Sitnik z powo\u0142aniem do Kosz Kadry 3\u00d73! -\" \/>\n\t\t<meta property=\"og:description\" content=\"Doskona\u0142e wie\u015bci dla zielonog\u00f3rskich kibic\u00f3w! Dwaj zawodnicy Zastalu Zielona G\u00f3ra \u2013 Filip Matczak i Micha\u0142 Sitnik zostali powo\u0142ani do reprezentacji Polski w koszyk\u00f3wce 3x3. Obaj wezm\u0105 udzia\u0142 w zgrupowaniu przygotowawczym, kt\u00f3re odb\u0119dzie si\u0119 w dniach 25-29 listopada 2025 roku. Podczas obozu kadra b\u0119dzie pracowa\u0107 nad elementami gry, kt\u00f3re maj\u0105 kluczowe znaczenie w rywalizacji na najwy\u017cszym\" \/>\n\t\t<meta property=\"og:url\" content=\"https:\/\/zastalowcy.pl\/?p=732\" \/>\n\t\t<meta property=\"og:image\" content=\"https:\/\/zastalowcy.pl\/wp-content\/uploads\/2025\/09\/cropped-logo-strony-2.png\" \/>\n\t\t<meta property=\"og:image:secure_url\" content=\"https:\/\/zastalowcy.pl\/wp-content\/uploads\/2025\/09\/cropped-logo-strony-2.png\" \/>\n\t\t<meta property=\"og:image:width\" content=\"1862\" \/>\n\t\t<meta property=\"og:image:height\" content=\"384\" \/>\n\t\t<meta property=\"article:published_time\" content=\"2025-11-13T13:37:00+00:00\" \/>\n\t\t<meta property=\"article:modified_time\" content=\"2025-11-14T11:50:57+00:00\" \/>\n\t\t<meta name=\"twitter:card\" content=\"summary_large_image\" \/>\n\t\t<meta name=\"twitter:title\" content=\"Filip Matczak i Micha\u0142 Sitnik z powo\u0142aniem do Kosz Kadry 3\u00d73! -\" \/>\n\t\t<meta name=\"twitter:description\" content=\"Doskona\u0142e wie\u015bci dla zielonog\u00f3rskich kibic\u00f3w! Dwaj zawodnicy Zastalu Zielona G\u00f3ra \u2013 Filip Matczak i Micha\u0142 Sitnik zostali powo\u0142ani do reprezentacji Polski w koszyk\u00f3wce 3x3. Obaj wezm\u0105 udzia\u0142 w zgrupowaniu przygotowawczym, kt\u00f3re odb\u0119dzie si\u0119 w dniach 25-29 listopada 2025 roku. Podczas obozu kadra b\u0119dzie pracowa\u0107 nad elementami gry, kt\u00f3re maj\u0105 kluczowe znaczenie w rywalizacji na najwy\u017cszym\" \/>\n\t\t<meta name=\"twitter:image\" content=\"https:\/\/zastalowcy.pl\/wp-content\/uploads\/2025\/09\/cropped-logo-strony-2.png\" \/>\n\t\t<script type=\"application\/ld+json\" class=\"aioseo-schema\">\n\t\t\t{\"@context\":\"https:\\\/\\\/schema.org\",\"@graph\":[{\"@type\":\"BlogPosting\",\"@id\":\"https:\\\/\\\/zastalowcy.pl\\\/?p=732#blogposting\",\"name\":\"Filip Matczak i Micha\\u0142 Sitnik z powo\\u0142aniem do Kosz Kadry 3\\u00d73! -\",\"headline\":\"Filip Matczak i Micha\\u0142 Sitnik z powo\\u0142aniem do Kosz Kadry 3&#215;3!\",\"author\":{\"@id\":\"https:\\\/\\\/zastalowcy.pl\\\/?author=3#author\"},\"publisher\":{\"@id\":\"https:\\\/\\\/zastalowcy.pl\\\/#organization\"},\"image\":{\"@type\":\"ImageObject\",\"url\":\"https:\\\/\\\/zastalowcy.pl\\\/wp-content\\\/uploads\\\/2025\\\/11\\\/profilowe-37.png\",\"width\":2048,\"height\":2048},\"datePublished\":\"2025-11-13T14:37:00+01:00\",\"dateModified\":\"2025-11-14T12:50:57+01:00\",\"inLanguage\":\"pl-PL\",\"mainEntityOfPage\":{\"@id\":\"https:\\\/\\\/zastalowcy.pl\\\/?p=732#webpage\"},\"isPartOf\":{\"@id\":\"https:\\\/\\\/zastalowcy.pl\\\/?p=732#webpage\"},\"articleSection\":\"Aktualno\\u015bci, Sezon 2025\\\/2026, basketzg, dru\\u017cyna, filip matczak, kadra 3x3, kosz kadra, koszyk\\u00f3wka, koszyk\\u00f3wka 3x3, matczak, micha\\u0142 sitnik, reprezentacja polski, sitnik, zastal, zastal zielona g\\u00f3ra, zastalowcy, zielona g\\u00f3ra, zielonagora, zielonog\\u00f3rska koszyk\\u00f3wka\"},{\"@type\":\"BreadcrumbList\",\"@id\":\"https:\\\/\\\/zastalowcy.pl\\\/?p=732#breadcrumblist\",\"itemListElement\":[{\"@type\":\"ListItem\",\"@id\":\"https:\\\/\\\/zastalowcy.pl#listItem\",\"position\":1,\"name\":\"Home\",\"item\":\"https:\\\/\\\/zastalowcy.pl\",\"nextItem\":{\"@type\":\"ListItem\",\"@id\":\"https:\\\/\\\/zastalowcy.pl\\\/?cat=9#listItem\",\"name\":\"Sezon 2025\\\/2026\"}},{\"@type\":\"ListItem\",\"@id\":\"https:\\\/\\\/zastalowcy.pl\\\/?cat=9#listItem\",\"position\":2,\"name\":\"Sezon 2025\\\/2026\",\"item\":\"https:\\\/\\\/zastalowcy.pl\\\/?cat=9\",\"nextItem\":{\"@type\":\"ListItem\",\"@id\":\"https:\\\/\\\/zastalowcy.pl\\\/?p=732#listItem\",\"name\":\"Filip Matczak i Micha\\u0142 Sitnik z powo\\u0142aniem do Kosz Kadry 3&#215;3!\"},\"previousItem\":{\"@type\":\"ListItem\",\"@id\":\"https:\\\/\\\/zastalowcy.pl#listItem\",\"name\":\"Home\"}},{\"@type\":\"ListItem\",\"@id\":\"https:\\\/\\\/zastalowcy.pl\\\/?p=732#listItem\",\"position\":3,\"name\":\"Filip Matczak i Micha\\u0142 Sitnik z powo\\u0142aniem do Kosz Kadry 3&#215;3!\",\"previousItem\":{\"@type\":\"ListItem\",\"@id\":\"https:\\\/\\\/zastalowcy.pl\\\/?cat=9#listItem\",\"name\":\"Sezon 2025\\\/2026\"}}]},{\"@type\":\"Organization\",\"@id\":\"https:\\\/\\\/zastalowcy.pl\\\/#organization\",\"description\":\"O Zastalu od kibic\\u00f3w \\u2013 dla kibic\\u00f3w\",\"url\":\"https:\\\/\\\/zastalowcy.pl\\\/\",\"logo\":{\"@type\":\"ImageObject\",\"url\":\"https:\\\/\\\/zastalowcy.pl\\\/wp-content\\\/uploads\\\/2025\\\/09\\\/cropped-logo-strony-2.png\",\"@id\":\"https:\\\/\\\/zastalowcy.pl\\\/?p=732\\\/#organizationLogo\",\"width\":1862,\"height\":384},\"image\":{\"@id\":\"https:\\\/\\\/zastalowcy.pl\\\/?p=732\\\/#organizationLogo\"}},{\"@type\":\"Person\",\"@id\":\"https:\\\/\\\/zastalowcy.pl\\\/?author=3#author\",\"url\":\"https:\\\/\\\/zastalowcy.pl\\\/?author=3\",\"name\":\"Joanna Nawlicka\",\"image\":{\"@type\":\"ImageObject\",\"@id\":\"https:\\\/\\\/zastalowcy.pl\\\/?p=732#authorImage\",\"url\":\"https:\\\/\\\/secure.gravatar.com\\\/avatar\\\/66fc557d97536ff5096b6295970275631b7a4673997738477642001957f5274c?s=96&d=mm&r=g\",\"width\":96,\"height\":96,\"caption\":\"Joanna Nawlicka\"}},{\"@type\":\"WebPage\",\"@id\":\"https:\\\/\\\/zastalowcy.pl\\\/?p=732#webpage\",\"url\":\"https:\\\/\\\/zastalowcy.pl\\\/?p=732\",\"name\":\"Filip Matczak i Micha\\u0142 Sitnik z powo\\u0142aniem do Kosz Kadry 3\\u00d73! -\",\"description\":\"Doskona\\u0142e wie\\u015bci dla zielonog\\u00f3rskich kibic\\u00f3w! Dwaj zawodnicy Zastalu Zielona G\\u00f3ra \\u2013 Filip Matczak i Micha\\u0142 Sitnik zostali powo\\u0142ani do reprezentacji Polski w koszyk\\u00f3wce 3x3. Obaj wezm\\u0105 udzia\\u0142 w zgrupowaniu przygotowawczym, kt\\u00f3re odb\\u0119dzie si\\u0119 w dniach 25-29 listopada 2025 roku. Podczas obozu kadra b\\u0119dzie pracowa\\u0107 nad elementami gry, kt\\u00f3re maj\\u0105 kluczowe znaczenie w rywalizacji na najwy\\u017cszym\",\"inLanguage\":\"pl-PL\",\"isPartOf\":{\"@id\":\"https:\\\/\\\/zastalowcy.pl\\\/#website\"},\"breadcrumb\":{\"@id\":\"https:\\\/\\\/zastalowcy.pl\\\/?p=732#breadcrumblist\"},\"author\":{\"@id\":\"https:\\\/\\\/zastalowcy.pl\\\/?author=3#author\"},\"creator\":{\"@id\":\"https:\\\/\\\/zastalowcy.pl\\\/?author=3#author\"},\"image\":{\"@type\":\"ImageObject\",\"url\":\"https:\\\/\\\/zastalowcy.pl\\\/wp-content\\\/uploads\\\/2025\\\/11\\\/profilowe-37.png\",\"@id\":\"https:\\\/\\\/zastalowcy.pl\\\/?p=732\\\/#mainImage\",\"width\":2048,\"height\":2048},\"primaryImageOfPage\":{\"@id\":\"https:\\\/\\\/zastalowcy.pl\\\/?p=732#mainImage\"},\"datePublished\":\"2025-11-13T14:37:00+01:00\",\"dateModified\":\"2025-11-14T12:50:57+01:00\"},{\"@type\":\"WebSite\",\"@id\":\"https:\\\/\\\/zastalowcy.pl\\\/#website\",\"url\":\"https:\\\/\\\/zastalowcy.pl\\\/\",\"description\":\"O Zastalu od kibic\\u00f3w \\u2013 dla kibic\\u00f3w\",\"inLanguage\":\"pl-PL\",\"publisher\":{\"@id\":\"https:\\\/\\\/zastalowcy.pl\\\/#organization\"}}]}\n\t\t<\/script>\n\t\t<!-- All in One SEO -->\n\n","aioseo_head_json":{"title":"Filip Matczak i Micha\u0142 Sitnik z powo\u0142aniem do Kosz Kadry 3\u00d73! -","description":"Doskona\u0142e wie\u015bci dla zielonog\u00f3rskich kibic\u00f3w! Dwaj zawodnicy Zastalu Zielona G\u00f3ra \u2013 Filip Matczak i Micha\u0142 Sitnik zostali powo\u0142ani do reprezentacji Polski w koszyk\u00f3wce 3x3. Obaj wezm\u0105 udzia\u0142 w zgrupowaniu przygotowawczym, kt\u00f3re odb\u0119dzie si\u0119 w dniach 25-29 listopada 2025 roku. Podczas obozu kadra b\u0119dzie pracowa\u0107 nad elementami gry, kt\u00f3re maj\u0105 kluczowe znaczenie w rywalizacji na najwy\u017cszym","canonical_url":"https:\/\/zastalowcy.pl\/?p=732","robots":"max-image-preview:large","keywords":"","webmasterTools":{"miscellaneous":""},"schema":{"@context":"https:\/\/schema.org","@graph":[{"@type":"BlogPosting","@id":"https:\/\/zastalowcy.pl\/?p=732#blogposting","name":"Filip Matczak i Micha\u0142 Sitnik z powo\u0142aniem do Kosz Kadry 3\u00d73! -","headline":"Filip Matczak i Micha\u0142 Sitnik z powo\u0142aniem do Kosz Kadry 3&#215;3!","author":{"@id":"https:\/\/zastalowcy.pl\/?author=3#author"},"publisher":{"@id":"https:\/\/zastalowcy.pl\/#organization"},"image":{"@type":"ImageObject","url":"https:\/\/zastalowcy.pl\/wp-content\/uploads\/2025\/11\/profilowe-37.png","width":2048,"height":2048},"datePublished":"2025-11-13T14:37:00+01:00","dateModified":"2025-11-14T12:50:57+01:00","inLanguage":"pl-PL","mainEntityOfPage":{"@id":"https:\/\/zastalowcy.pl\/?p=732#webpage"},"isPartOf":{"@id":"https:\/\/zastalowcy.pl\/?p=732#webpage"},"articleSection":"Aktualno\u015bci, Sezon 2025\/2026, basketzg, dru\u017cyna, filip matczak, kadra 3x3, kosz kadra, koszyk\u00f3wka, koszyk\u00f3wka 3x3, matczak, micha\u0142 sitnik, reprezentacja polski, sitnik, zastal, zastal zielona g\u00f3ra, zastalowcy, zielona g\u00f3ra, zielonagora, zielonog\u00f3rska koszyk\u00f3wka"},{"@type":"BreadcrumbList","@id":"https:\/\/zastalowcy.pl\/?p=732#breadcrumblist","itemListElement":[{"@type":"ListItem","@id":"https:\/\/zastalowcy.pl#listItem","position":1,"name":"Home","item":"https:\/\/zastalowcy.pl","nextItem":{"@type":"ListItem","@id":"https:\/\/zastalowcy.pl\/?cat=9#listItem","name":"Sezon 2025\/2026"}},{"@type":"ListItem","@id":"https:\/\/zastalowcy.pl\/?cat=9#listItem","position":2,"name":"Sezon 2025\/2026","item":"https:\/\/zastalowcy.pl\/?cat=9","nextItem":{"@type":"ListItem","@id":"https:\/\/zastalowcy.pl\/?p=732#listItem","name":"Filip Matczak i Micha\u0142 Sitnik z powo\u0142aniem do Kosz Kadry 3&#215;3!"},"previousItem":{"@type":"ListItem","@id":"https:\/\/zastalowcy.pl#listItem","name":"Home"}},{"@type":"ListItem","@id":"https:\/\/zastalowcy.pl\/?p=732#listItem","position":3,"name":"Filip Matczak i Micha\u0142 Sitnik z powo\u0142aniem do Kosz Kadry 3&#215;3!","previousItem":{"@type":"ListItem","@id":"https:\/\/zastalowcy.pl\/?cat=9#listItem","name":"Sezon 2025\/2026"}}]},{"@type":"Organization","@id":"https:\/\/zastalowcy.pl\/#organization","description":"O Zastalu od kibic\u00f3w \u2013 dla kibic\u00f3w","url":"https:\/\/zastalowcy.pl\/","logo":{"@type":"ImageObject","url":"https:\/\/zastalowcy.pl\/wp-content\/uploads\/2025\/09\/cropped-logo-strony-2.png","@id":"https:\/\/zastalowcy.pl\/?p=732\/#organizationLogo","width":1862,"height":384},"image":{"@id":"https:\/\/zastalowcy.pl\/?p=732\/#organizationLogo"}},{"@type":"Person","@id":"https:\/\/zastalowcy.pl\/?author=3#author","url":"https:\/\/zastalowcy.pl\/?author=3","name":"Joanna Nawlicka","image":{"@type":"ImageObject","@id":"https:\/\/zastalowcy.pl\/?p=732#authorImage","url":"https:\/\/secure.gravatar.com\/avatar\/66fc557d97536ff5096b6295970275631b7a4673997738477642001957f5274c?s=96&d=mm&r=g","width":96,"height":96,"caption":"Joanna Nawlicka"}},{"@type":"WebPage","@id":"https:\/\/zastalowcy.pl\/?p=732#webpage","url":"https:\/\/zastalowcy.pl\/?p=732","name":"Filip Matczak i Micha\u0142 Sitnik z powo\u0142aniem do Kosz Kadry 3\u00d73! -","description":"Doskona\u0142e wie\u015bci dla zielonog\u00f3rskich kibic\u00f3w! Dwaj zawodnicy Zastalu Zielona G\u00f3ra \u2013 Filip Matczak i Micha\u0142 Sitnik zostali powo\u0142ani do reprezentacji Polski w koszyk\u00f3wce 3x3. Obaj wezm\u0105 udzia\u0142 w zgrupowaniu przygotowawczym, kt\u00f3re odb\u0119dzie si\u0119 w dniach 25-29 listopada 2025 roku. Podczas obozu kadra b\u0119dzie pracowa\u0107 nad elementami gry, kt\u00f3re maj\u0105 kluczowe znaczenie w rywalizacji na najwy\u017cszym","inLanguage":"pl-PL","isPartOf":{"@id":"https:\/\/zastalowcy.pl\/#website"},"breadcrumb":{"@id":"https:\/\/zastalowcy.pl\/?p=732#breadcrumblist"},"author":{"@id":"https:\/\/zastalowcy.pl\/?author=3#author"},"creator":{"@id":"https:\/\/zastalowcy.pl\/?author=3#author"},"image":{"@type":"ImageObject","url":"https:\/\/zastalowcy.pl\/wp-content\/uploads\/2025\/11\/profilowe-37.png","@id":"https:\/\/zastalowcy.pl\/?p=732\/#mainImage","width":2048,"height":2048},"primaryImageOfPage":{"@id":"https:\/\/zastalowcy.pl\/?p=732#mainImage"},"datePublished":"2025-11-13T14:37:00+01:00","dateModified":"2025-11-14T12:50:57+01:00"},{"@type":"WebSite","@id":"https:\/\/zastalowcy.pl\/#website","url":"https:\/\/zastalowcy.pl\/","description":"O Zastalu od kibic\u00f3w \u2013 dla kibic\u00f3w","inLanguage":"pl-PL","publisher":{"@id":"https:\/\/zastalowcy.pl\/#organization"}}]},"og:locale":"pl_PL","og:site_name":"- O Zastalu od kibic\u00f3w \u2013 dla kibic\u00f3w","og:type":"article","og:title":"Filip Matczak i Micha\u0142 Sitnik z powo\u0142aniem do Kosz Kadry 3\u00d73! -","og:description":"Doskona\u0142e wie\u015bci dla zielonog\u00f3rskich kibic\u00f3w! Dwaj zawodnicy Zastalu Zielona G\u00f3ra \u2013 Filip Matczak i Micha\u0142 Sitnik zostali powo\u0142ani do reprezentacji Polski w koszyk\u00f3wce 3x3. Obaj wezm\u0105 udzia\u0142 w zgrupowaniu przygotowawczym, kt\u00f3re odb\u0119dzie si\u0119 w dniach 25-29 listopada 2025 roku. Podczas obozu kadra b\u0119dzie pracowa\u0107 nad elementami gry, kt\u00f3re maj\u0105 kluczowe znaczenie w rywalizacji na najwy\u017cszym","og:url":"https:\/\/zastalowcy.pl\/?p=732","og:image":"https:\/\/zastalowcy.pl\/wp-content\/uploads\/2025\/09\/cropped-logo-strony-2.png","og:image:secure_url":"https:\/\/zastalowcy.pl\/wp-content\/uploads\/2025\/09\/cropped-logo-strony-2.png","og:image:width":1862,"og:image:height":384,"article:published_time":"2025-11-13T13:37:00+00:00","article:modified_time":"2025-11-14T11:50:57+00:00","twitter:card":"summary_large_image","twitter:title":"Filip Matczak i Micha\u0142 Sitnik z powo\u0142aniem do Kosz Kadry 3\u00d73! -","twitter:description":"Doskona\u0142e wie\u015bci dla zielonog\u00f3rskich kibic\u00f3w! Dwaj zawodnicy Zastalu Zielona G\u00f3ra \u2013 Filip Matczak i Micha\u0142 Sitnik zostali powo\u0142ani do reprezentacji Polski w koszyk\u00f3wce 3x3. Obaj wezm\u0105 udzia\u0142 w zgrupowaniu przygotowawczym, kt\u00f3re odb\u0119dzie si\u0119 w dniach 25-29 listopada 2025 roku. Podczas obozu kadra b\u0119dzie pracowa\u0107 nad elementami gry, kt\u00f3re maj\u0105 kluczowe znaczenie w rywalizacji na najwy\u017cszym","twitter:image":"https:\/\/zastalowcy.pl\/wp-content\/uploads\/2025\/09\/cropped-logo-strony-2.png"},"aioseo_meta_data":{"post_id":"732","title":null,"description":null,"keywords":null,"keyphrases":null,"primary_term":null,"canonical_url":null,"og_title":null,"og_description":null,"og_object_type":"default","og_image_type":"default","og_image_custom_url":null,"og_image_custom_fields":null,"og_image_url":null,"og_image_width":null,"og_image_height":null,"og_video":null,"og_custom_url":null,"og_article_section":null,"og_article_tags":null,"twitter_use_og":false,"twitter_card":"default","twitter_image_type":"default","twitter_image_custom_url":null,"twitter_image_custom_fields":null,"twitter_image_url":null,"twitter_title":null,"twitter_description":null,"schema_type":"default","schema_type_options":null,"schema":{"blockGraphs":[],"customGraphs":[],"default":{"data":{"Article":[],"Course":[],"Dataset":[],"FAQPage":[],"Movie":[],"Person":[],"Product":[],"ProductReview":[],"Car":[],"Recipe":[],"Service":[],"SoftwareApplication":[],"WebPage":[]},"graphName":"","isEnabled":true},"graphs":[]},"pillar_content":false,"robots_default":true,"robots_noindex":false,"robots_noarchive":false,"robots_nosnippet":false,"robots_nofollow":false,"robots_noimageindex":false,"robots_noodp":false,"robots_notranslate":false,"robots_max_snippet":null,"robots_max_videopreview":null,"robots_max_imagepreview":"large","priority":null,"frequency":null,"local_seo":null,"limit_modified_date":false,"ai":null,"breadcrumb_settings":null,"seo_analyzer_scan_date":null,"created":"2026-07-15 16:41:18","updated":"2026-07-15 16:41:18","focus_keyword":null,"additional_keywords":null,"truseo_locale":null},"aioseo_breadcrumb":"<div class=\"aioseo-breadcrumbs\"><span class=\"aioseo-breadcrumb\">\n\t\t\t<a href=\"https:\/\/zastalowcy.pl\" title=\"Home\">Home<\/a>\n\t\t<\/span><span class=\"aioseo-breadcrumb-separator\">&raquo;<\/span><span class=\"aioseo-breadcrumb\">\n\t\t\t<a href=\"https:\/\/zastalowcy.pl\/?cat=9\" title=\"Sezon 2025\/2026\">Sezon 2025\/2026<\/a>\n\t\t<\/span><span class=\"aioseo-breadcrumb-separator\">&raquo;<\/span><span class=\"aioseo-breadcrumb\">\n\t\t\tFilip Matczak i Micha\u0142 Sitnik z powo\u0142aniem do Kosz Kadry 3\u00d73!\n\t\t<\/span><\/div>","aioseo_breadcrumb_json":[{"label":"Home","link":"https:\/\/zastalowcy.pl"},{"label":"Sezon 2025\/2026","link":"https:\/\/zastalowcy.pl\/?cat=9"},{"label":"Filip Matczak i Micha\u0142 Sitnik z powo\u0142aniem do Kosz Kadry 3&#215;3!","link":"https:\/\/zastalowcy.pl\/?p=732"}],"_links":{"self":[{"href":"https:\/\/zastalowcy.pl\/index.php?rest_route=\/wp\/v2\/posts\/732","targetHints":{"allow":["GET"]}}],"collection":[{"href":"https:\/\/zastalowcy.pl\/index.php?rest_route=\/wp\/v2\/posts"}],"about":[{"href":"https:\/\/zastalowcy.pl\/index.php?rest_route=\/wp\/v2\/types\/post"}],"author":[{"embeddable":true,"href":"https:\/\/zastalowcy.pl\/index.php?rest_route=\/wp\/v2\/users\/3"}],"replies":[{"embeddable":true,"href":"https:\/\/zastalowcy.pl\/index.php?rest_route=%2Fwp%2Fv2%2Fcomments&post=732"}],"version-history":[{"count":1,"href":"https:\/\/zastalowcy.pl\/index.php?rest_route=\/wp\/v2\/posts\/732\/revisions"}],"predecessor-version":[{"id":734,"href":"https:\/\/zastalowcy.pl\/index.php?rest_route=\/wp\/v2\/posts\/732\/revisions\/734"}],"wp:featuredmedia":[{"embeddable":true,"href":"https:\/\/zastalowcy.pl\/index.php?rest_route=\/wp\/v2\/media\/733"}],"wp:attachment":[{"href":"https:\/\/zastalowcy.pl\/index.php?rest_route=%2Fwp%2Fv2%2Fmedia&parent=732"}],"wp:term":[{"taxonomy":"category","embeddable":true,"href":"https:\/\/zastalowcy.pl\/index.php?rest_route=%2Fwp%2Fv2%2Fcategories&post=732"},{"taxonomy":"post_tag","embeddable":true,"href":"https:\/\/zastalowcy.pl\/index.php?rest_route=%2Fwp%2Fv2%2Ftags&post=732"}],"curies":[{"name":"wp","href":"https:\/\/api.w.org\/{rel}","templated":true}]}}