{"id":735,"date":"2025-11-15T10:39:26","date_gmt":"2025-11-15T09:39:26","guid":{"rendered":"https:\/\/zastalowcy.pl\/?p=735"},"modified":"2025-11-15T10:39:26","modified_gmt":"2025-11-15T09:39:26","slug":"zastal-jedzie-do-lublina-po-przelamanie","status":"publish","type":"post","link":"https:\/\/zastalowcy.pl\/?p=735","title":{"rendered":"Zastal jedzie do Lublina po prze\u0142amanie"},"content":{"rendered":"\n<p class=\"wp-block-paragraph\">Po wymagaj\u0105cym meczu z Legi\u0105 Warszawa, Zastal Zielona G\u00f3ra rusza w delegacj\u0119. W sobotnie po\u0142udnie (15 listopada 2025 roku) zielonog\u00f3rzanie zmierz\u0105 si\u0119 na wyje\u017adzie z PGE Startem Lublin \u2013 rywalem, kt\u00f3ry w tym sezonie pokazuje zmienn\u0105 form\u0119, ale na w\u0142asnym parkiecie jest gro\u017any.<\/p>\n\n\n\n<h3 class=\"wp-block-heading\"><strong>Zastal walczy o powr\u00f3t na zwyci\u0119sk\u0105 \u015bcie\u017ck\u0119<\/strong><\/h3>\n\n\n\n<p class=\"wp-block-paragraph\">Dru\u017cyna trenera Arkadiusza Mi\u0142oszewskiego ma za sob\u0105 sze\u015b\u0107 ligowych spotka\u0144 (bilans 2-4) i zajmuje obecnie 11. miejsce w tabeli. Najwi\u0119ksz\u0105 si\u0142\u0105 Zastalu pozostaje konsekwentna gra lider\u00f3w oraz szeroka rotacja, kt\u00f3ra w trudnych fragmentach potrafi utrzyma\u0107 tempo rywali.<\/p>\n\n\n\n<p class=\"wp-block-paragraph\">Najja\u015bniejsz\u0105 postaci\u0105 od pocz\u0105tku sezonu jest <strong>Andrzej Mazurczak<\/strong> \u2013 \u015brednio <strong>15 pkt, 4,3 zbi\u00f3rki, 5,7 asysty<\/strong> na mecz \u2013 jeden z najskuteczniejszych rozgrywaj\u0105cych ca\u0142ej ligi. Stabiln\u0105 form\u0119 pokazuj\u0105 tak\u017ce:<\/p>\n\n\n\n<ul class=\"wp-block-list\">\n<li><strong>Conley Garrison \u2013 11,2 pkt\/mecz<\/strong>,<\/li>\n\n\n\n<li><strong>Patrick Cartier \u2013 10,5 pkt\/mecz<\/strong>,<\/li>\n\n\n\n<li><strong>Phil Fayne \u2013 9,2 pkt i 4,7 zbi\u00f3rki<\/strong>,<\/li>\n\n\n\n<li><strong>Jakub Szumert \u2013 8,8 pkt, 5,7 zbi\u00f3rki<\/strong>.<\/li>\n<\/ul>\n\n\n\n<p class=\"wp-block-paragraph\">Zielonog\u00f3rzanie dobrze radz\u0105 sobie tak\u017ce w walce na tablicach (\u015brednio ponad 35 zbi\u00f3rek w sze\u015bciu meczach) oraz w punktach zdobywanych pod koszem \u2013 efekt skutecznej wsp\u00f3\u0142pracy Mazurczaka z wysokimi zawodnikami.<\/p>\n\n\n\n<h3 class=\"wp-block-heading\"><strong>PGE Start Lublin: mocne trio Wright <strong>\u2013<\/strong> Hawkins \u2013 Mack<\/strong><\/h3>\n\n\n\n<p class=\"wp-block-paragraph\">Lublinianie (bilans 2-4) w poprzedniej kolejce przegrali we W\u0142oc\u0142awku 81:90, cho\u0107 przez wi\u0119kszo\u015b\u0107 spotkania byli w grze. Najgro\u017aniejszymi zawodnikami Startu pozostaj\u0105:<\/p>\n\n\n\n<ul class=\"wp-block-list\">\n<li><strong>Tevin Mack \u2013 16,7 pkt i 6,8 zbi\u00f3rki\/mecz<\/strong>,<\/li>\n\n\n\n<li><strong>Jordan Wright \u2013 15,2 pkt\/mecz<\/strong>,<\/li>\n\n\n\n<li><strong>Elijah Jamil Hawkins \u2013 14,5 pkt, 4,5 asysty<\/strong>,<\/li>\n\n\n\n<li><strong>Quincy Ford \u2013 12,5 pkt i 7,7 zbi\u00f3rki<\/strong>.<\/li>\n<\/ul>\n\n\n\n<p class=\"wp-block-paragraph\">Start imponuje przede wszystkim fizyczno\u015bci\u0105 i agresywn\u0105 obron\u0105, a do tego regularnie kreuje du\u017c\u0105 liczb\u0119 rzut\u00f3w z dystansu. To w\u0142a\u015bnie walka o zbi\u00f3rki i kontrola tempa \u2013 elementy, kt\u00f3re cz\u0119sto decyduj\u0105 o wyjazdowych wynikach \u2013 mog\u0105 by\u0107 kluczem dla Zastalu.<\/p>\n\n\n\n<h3 class=\"wp-block-heading\"><strong>Co mo\u017ce przes\u0105dzi\u0107 o wyniku?<\/strong><\/h3>\n\n\n\n<p class=\"wp-block-paragraph\">1.<strong> Pojedynek rozgrywaj\u0105cych<\/strong> \u2013 Mazurczak kontra Hawkins \u2013 dwaj szybcy, kreatywni zawodnicy, nap\u0119dzaj\u0105cy ofensywy swoich zespo\u0142\u00f3w.<br>2.<strong> Skuteczno\u015b\u0107 z dystansu<\/strong> \u2013 oba kluby oddaj\u0105 po ponad 20 tr\u00f3jek na mecz, co mo\u017ce znacz\u0105co wp\u0142yn\u0105\u0107 na ko\u0144cowy wynik.<br>3.<strong> Energia z \u0142awki<\/strong> \u2013 w ostatnich spotkaniach Zastal coraz cz\u0119\u015bciej dostaje solidne minuty od graczy z \u0142awki. Je\u015bli rezerwowi utrzymaj\u0105 rytm, Zastal mo\u017ce zyska\u0107 przewag\u0119.<\/p>\n\n\n\n<h3 class=\"wp-block-heading\"><strong>Liczymy na prze\u0142amanie<\/strong><\/h3>\n\n\n\n<p class=\"wp-block-paragraph\">Mecz w Lublinie b\u0119dzie wa\u017cnym sprawdzianem charakteru. Dru\u017cyna Mi\u0142oszewskiego ma argumenty, by wr\u00f3ci\u0107 z Globusa z kompletem punkt\u00f3w \u2013 potrzebne b\u0119dzie jednak skoncentrowane, twarde granie od pierwszych minut, lepsza skuteczno\u015b\u0107 w rzutach za trzy oraz ograniczenie strat.<\/p>\n\n\n\n<p class=\"wp-block-paragraph\"><strong>Pocz\u0105tek meczu: sobota, 15 listopada o godzinie 12:30.<br>Transmisja: <\/strong><\/p>\n\n\n\n<figure class=\"wp-block-embed is-type-video is-provider-youtube wp-block-embed-youtube wp-embed-aspect-16-9 wp-has-aspect-ratio\"><div class=\"wp-block-embed__wrapper\">\n<iframe loading=\"lazy\" title=\"PGE Start Lublin - Zastal Zielona G\u00f3ra | NA \u017bYWO | 15.11.2025 \/ godz. 12:30\" width=\"640\" height=\"360\" src=\"https:\/\/www.youtube.com\/embed\/wujC_sXbs7E?feature=oembed\" frameborder=\"0\" allow=\"accelerometer; autoplay; clipboard-write; encrypted-media; gyroscope; picture-in-picture; web-share\" referrerpolicy=\"strict-origin-when-cross-origin\" allowfullscreen><\/iframe>\n<\/div><\/figure>\n\n\n\n<p class=\"wp-block-paragraph\">\ud83c\udfc0 Zastalowcy.pl \u2013 o Zastalu od kibic\u00f3w \u2013 dla kibic\u00f3w<\/p>\n","protected":false},"excerpt":{"rendered":"<p>Po wymagaj\u0105cym meczu z Legi\u0105 Warszawa, Zastal Zielona G\u00f3ra rusza w delegacj\u0119. W sobotnie po\u0142udnie (15 listopada 2025<\/p>\n","protected":false},"author":3,"featured_media":736,"comment_status":"open","ping_status":"open","sticky":false,"template":"","format":"standard","meta":{"om_disable_all_campaigns":false,"footnotes":""},"categories":[18,9,6],"tags":[17,26,15,192,65,66,193,64,118,194,12,14,42,11,10,16],"class_list":["post-735","post","type-post","status-publish","format-standard","has-post-thumbnail","hentry","category-aktualnosci","category-sezon-2025-2026","category-zapowiedzi-przedmeczowe","tag-basketzg","tag-druzyna","tag-koszykowka","tag-lublin","tag-obl","tag-orlen-basket-liga","tag-pge-start-lublin","tag-plk","tag-polska-liga-koszykowki","tag-transmisja","tag-zastal","tag-zastal-zielona-gora","tag-zastalowcy","tag-zielona-gora","tag-zielonagora","tag-zielonogorska-koszykowka"],"aioseo_notices":[],"aioseo_head":"\n\t\t<!-- All in One SEO 5.0.0.1 - aioseo.com -->\n\t<meta name=\"description\" content=\"Po wymagaj\u0105cym meczu z Legi\u0105 Warszawa, Zastal Zielona G\u00f3ra rusza w delegacj\u0119. W sobotnie po\u0142udnie (15 listopada 2025 roku) zielonog\u00f3rzanie zmierz\u0105 si\u0119 na wyje\u017adzie z PGE Startem Lublin \u2013 rywalem, kt\u00f3ry w tym sezonie pokazuje zmienn\u0105 form\u0119, ale na w\u0142asnym parkiecie jest gro\u017any. Zastal walczy o powr\u00f3t na zwyci\u0119sk\u0105 \u015bcie\u017ck\u0119 Dru\u017cyna trenera Arkadiusza Mi\u0142oszewskiego ma\" \/>\n\t<meta name=\"robots\" content=\"max-image-preview:large\" \/>\n\t<meta name=\"author\" content=\"Joanna Nawlicka\"\/>\n\t<link rel=\"canonical\" href=\"https:\/\/zastalowcy.pl\/?p=735\" \/>\n\t<meta name=\"generator\" content=\"All in One SEO (AIOSEO) 5.0.0.1\" \/>\n\t\t<meta property=\"og:locale\" content=\"pl_PL\" \/>\n\t\t<meta property=\"og:site_name\" content=\"- O Zastalu od kibic\u00f3w \u2013 dla kibic\u00f3w\" \/>\n\t\t<meta property=\"og:type\" content=\"article\" \/>\n\t\t<meta property=\"og:title\" content=\"Zastal jedzie do Lublina po prze\u0142amanie -\" \/>\n\t\t<meta property=\"og:description\" content=\"Po wymagaj\u0105cym meczu z Legi\u0105 Warszawa, Zastal Zielona G\u00f3ra rusza w delegacj\u0119. W sobotnie po\u0142udnie (15 listopada 2025 roku) zielonog\u00f3rzanie zmierz\u0105 si\u0119 na wyje\u017adzie z PGE Startem Lublin \u2013 rywalem, kt\u00f3ry w tym sezonie pokazuje zmienn\u0105 form\u0119, ale na w\u0142asnym parkiecie jest gro\u017any. Zastal walczy o powr\u00f3t na zwyci\u0119sk\u0105 \u015bcie\u017ck\u0119 Dru\u017cyna trenera Arkadiusza Mi\u0142oszewskiego ma\" \/>\n\t\t<meta property=\"og:url\" content=\"https:\/\/zastalowcy.pl\/?p=735\" \/>\n\t\t<meta property=\"og:image\" content=\"https:\/\/zastalowcy.pl\/wp-content\/uploads\/2025\/09\/cropped-logo-strony-2.png\" \/>\n\t\t<meta property=\"og:image:secure_url\" content=\"https:\/\/zastalowcy.pl\/wp-content\/uploads\/2025\/09\/cropped-logo-strony-2.png\" \/>\n\t\t<meta property=\"og:image:width\" content=\"1862\" \/>\n\t\t<meta property=\"og:image:height\" content=\"384\" \/>\n\t\t<meta property=\"article:published_time\" content=\"2025-11-15T09:39:26+00:00\" \/>\n\t\t<meta property=\"article:modified_time\" content=\"2025-11-15T09:39:26+00:00\" \/>\n\t\t<meta name=\"twitter:card\" content=\"summary_large_image\" \/>\n\t\t<meta name=\"twitter:title\" content=\"Zastal jedzie do Lublina po prze\u0142amanie -\" \/>\n\t\t<meta name=\"twitter:description\" content=\"Po wymagaj\u0105cym meczu z Legi\u0105 Warszawa, Zastal Zielona G\u00f3ra rusza w delegacj\u0119. W sobotnie po\u0142udnie (15 listopada 2025 roku) zielonog\u00f3rzanie zmierz\u0105 si\u0119 na wyje\u017adzie z PGE Startem Lublin \u2013 rywalem, kt\u00f3ry w tym sezonie pokazuje zmienn\u0105 form\u0119, ale na w\u0142asnym parkiecie jest gro\u017any. Zastal walczy o powr\u00f3t na zwyci\u0119sk\u0105 \u015bcie\u017ck\u0119 Dru\u017cyna trenera Arkadiusza Mi\u0142oszewskiego ma\" \/>\n\t\t<meta name=\"twitter:image\" content=\"https:\/\/zastalowcy.pl\/wp-content\/uploads\/2025\/09\/cropped-logo-strony-2.png\" \/>\n\t\t<script type=\"application\/ld+json\" class=\"aioseo-schema\">\n\t\t\t{\"@context\":\"https:\\\/\\\/schema.org\",\"@graph\":[{\"@type\":\"BlogPosting\",\"@id\":\"https:\\\/\\\/zastalowcy.pl\\\/?p=735#blogposting\",\"name\":\"Zastal jedzie do Lublina po prze\\u0142amanie -\",\"headline\":\"Zastal jedzie do Lublina po prze\\u0142amanie\",\"author\":{\"@id\":\"https:\\\/\\\/zastalowcy.pl\\\/?author=3#author\"},\"publisher\":{\"@id\":\"https:\\\/\\\/zastalowcy.pl\\\/#organization\"},\"image\":{\"@type\":\"ImageObject\",\"url\":\"https:\\\/\\\/zastalowcy.pl\\\/wp-content\\\/uploads\\\/2025\\\/11\\\/profilowe-38.png\",\"width\":2048,\"height\":2048},\"datePublished\":\"2025-11-15T10:39:26+01:00\",\"dateModified\":\"2025-11-15T10:39:26+01:00\",\"inLanguage\":\"pl-PL\",\"mainEntityOfPage\":{\"@id\":\"https:\\\/\\\/zastalowcy.pl\\\/?p=735#webpage\"},\"isPartOf\":{\"@id\":\"https:\\\/\\\/zastalowcy.pl\\\/?p=735#webpage\"},\"articleSection\":\"Aktualno\\u015bci, Sezon 2025\\\/2026, Zapowiedzi przedmeczowe, basketzg, dru\\u017cyna, koszyk\\u00f3wka, lublin, obl, Orlen Basket Liga, pge start lublin, plk, Polska Liga Koszyk\\u00f3wki, transmisja, zastal, zastal zielona g\\u00f3ra, zastalowcy, zielona g\\u00f3ra, zielonagora, zielonog\\u00f3rska koszyk\\u00f3wka\"},{\"@type\":\"BreadcrumbList\",\"@id\":\"https:\\\/\\\/zastalowcy.pl\\\/?p=735#breadcrumblist\",\"itemListElement\":[{\"@type\":\"ListItem\",\"@id\":\"https:\\\/\\\/zastalowcy.pl#listItem\",\"position\":1,\"name\":\"Home\",\"item\":\"https:\\\/\\\/zastalowcy.pl\",\"nextItem\":{\"@type\":\"ListItem\",\"@id\":\"https:\\\/\\\/zastalowcy.pl\\\/?cat=6#listItem\",\"name\":\"Zapowiedzi przedmeczowe\"}},{\"@type\":\"ListItem\",\"@id\":\"https:\\\/\\\/zastalowcy.pl\\\/?cat=6#listItem\",\"position\":2,\"name\":\"Zapowiedzi przedmeczowe\",\"item\":\"https:\\\/\\\/zastalowcy.pl\\\/?cat=6\",\"nextItem\":{\"@type\":\"ListItem\",\"@id\":\"https:\\\/\\\/zastalowcy.pl\\\/?p=735#listItem\",\"name\":\"Zastal jedzie do Lublina po prze\\u0142amanie\"},\"previousItem\":{\"@type\":\"ListItem\",\"@id\":\"https:\\\/\\\/zastalowcy.pl#listItem\",\"name\":\"Home\"}},{\"@type\":\"ListItem\",\"@id\":\"https:\\\/\\\/zastalowcy.pl\\\/?p=735#listItem\",\"position\":3,\"name\":\"Zastal jedzie do Lublina po prze\\u0142amanie\",\"previousItem\":{\"@type\":\"ListItem\",\"@id\":\"https:\\\/\\\/zastalowcy.pl\\\/?cat=6#listItem\",\"name\":\"Zapowiedzi przedmeczowe\"}}]},{\"@type\":\"Organization\",\"@id\":\"https:\\\/\\\/zastalowcy.pl\\\/#organization\",\"description\":\"O Zastalu od kibic\\u00f3w \\u2013 dla kibic\\u00f3w\",\"url\":\"https:\\\/\\\/zastalowcy.pl\\\/\",\"logo\":{\"@type\":\"ImageObject\",\"url\":\"https:\\\/\\\/zastalowcy.pl\\\/wp-content\\\/uploads\\\/2025\\\/09\\\/cropped-logo-strony-2.png\",\"@id\":\"https:\\\/\\\/zastalowcy.pl\\\/?p=735\\\/#organizationLogo\",\"width\":1862,\"height\":384},\"image\":{\"@id\":\"https:\\\/\\\/zastalowcy.pl\\\/?p=735\\\/#organizationLogo\"}},{\"@type\":\"Person\",\"@id\":\"https:\\\/\\\/zastalowcy.pl\\\/?author=3#author\",\"url\":\"https:\\\/\\\/zastalowcy.pl\\\/?author=3\",\"name\":\"Joanna Nawlicka\",\"image\":{\"@type\":\"ImageObject\",\"@id\":\"https:\\\/\\\/zastalowcy.pl\\\/?p=735#authorImage\",\"url\":\"https:\\\/\\\/secure.gravatar.com\\\/avatar\\\/66fc557d97536ff5096b6295970275631b7a4673997738477642001957f5274c?s=96&d=mm&r=g\",\"width\":96,\"height\":96,\"caption\":\"Joanna Nawlicka\"}},{\"@type\":\"WebPage\",\"@id\":\"https:\\\/\\\/zastalowcy.pl\\\/?p=735#webpage\",\"url\":\"https:\\\/\\\/zastalowcy.pl\\\/?p=735\",\"name\":\"Zastal jedzie do Lublina po prze\\u0142amanie -\",\"description\":\"Po wymagaj\\u0105cym meczu z Legi\\u0105 Warszawa, Zastal Zielona G\\u00f3ra rusza w delegacj\\u0119. W sobotnie po\\u0142udnie (15 listopada 2025 roku) zielonog\\u00f3rzanie zmierz\\u0105 si\\u0119 na wyje\\u017adzie z PGE Startem Lublin \\u2013 rywalem, kt\\u00f3ry w tym sezonie pokazuje zmienn\\u0105 form\\u0119, ale na w\\u0142asnym parkiecie jest gro\\u017any. Zastal walczy o powr\\u00f3t na zwyci\\u0119sk\\u0105 \\u015bcie\\u017ck\\u0119 Dru\\u017cyna trenera Arkadiusza Mi\\u0142oszewskiego ma\",\"inLanguage\":\"pl-PL\",\"isPartOf\":{\"@id\":\"https:\\\/\\\/zastalowcy.pl\\\/#website\"},\"breadcrumb\":{\"@id\":\"https:\\\/\\\/zastalowcy.pl\\\/?p=735#breadcrumblist\"},\"author\":{\"@id\":\"https:\\\/\\\/zastalowcy.pl\\\/?author=3#author\"},\"creator\":{\"@id\":\"https:\\\/\\\/zastalowcy.pl\\\/?author=3#author\"},\"image\":{\"@type\":\"ImageObject\",\"url\":\"https:\\\/\\\/zastalowcy.pl\\\/wp-content\\\/uploads\\\/2025\\\/11\\\/profilowe-38.png\",\"@id\":\"https:\\\/\\\/zastalowcy.pl\\\/?p=735\\\/#mainImage\",\"width\":2048,\"height\":2048},\"primaryImageOfPage\":{\"@id\":\"https:\\\/\\\/zastalowcy.pl\\\/?p=735#mainImage\"},\"datePublished\":\"2025-11-15T10:39:26+01:00\",\"dateModified\":\"2025-11-15T10:39:26+01:00\"},{\"@type\":\"WebSite\",\"@id\":\"https:\\\/\\\/zastalowcy.pl\\\/#website\",\"url\":\"https:\\\/\\\/zastalowcy.pl\\\/\",\"description\":\"O Zastalu od kibic\\u00f3w \\u2013 dla kibic\\u00f3w\",\"inLanguage\":\"pl-PL\",\"publisher\":{\"@id\":\"https:\\\/\\\/zastalowcy.pl\\\/#organization\"}}]}\n\t\t<\/script>\n\t\t<!-- All in One SEO -->\n\n","aioseo_head_json":{"title":"Zastal jedzie do Lublina po prze\u0142amanie -","description":"Po wymagaj\u0105cym meczu z Legi\u0105 Warszawa, Zastal Zielona G\u00f3ra rusza w delegacj\u0119. W sobotnie po\u0142udnie (15 listopada 2025 roku) zielonog\u00f3rzanie zmierz\u0105 si\u0119 na wyje\u017adzie z PGE Startem Lublin \u2013 rywalem, kt\u00f3ry w tym sezonie pokazuje zmienn\u0105 form\u0119, ale na w\u0142asnym parkiecie jest gro\u017any. Zastal walczy o powr\u00f3t na zwyci\u0119sk\u0105 \u015bcie\u017ck\u0119 Dru\u017cyna trenera Arkadiusza Mi\u0142oszewskiego ma","canonical_url":"https:\/\/zastalowcy.pl\/?p=735","robots":"max-image-preview:large","keywords":"","webmasterTools":{"miscellaneous":""},"schema":{"@context":"https:\/\/schema.org","@graph":[{"@type":"BlogPosting","@id":"https:\/\/zastalowcy.pl\/?p=735#blogposting","name":"Zastal jedzie do Lublina po prze\u0142amanie -","headline":"Zastal jedzie do Lublina po prze\u0142amanie","author":{"@id":"https:\/\/zastalowcy.pl\/?author=3#author"},"publisher":{"@id":"https:\/\/zastalowcy.pl\/#organization"},"image":{"@type":"ImageObject","url":"https:\/\/zastalowcy.pl\/wp-content\/uploads\/2025\/11\/profilowe-38.png","width":2048,"height":2048},"datePublished":"2025-11-15T10:39:26+01:00","dateModified":"2025-11-15T10:39:26+01:00","inLanguage":"pl-PL","mainEntityOfPage":{"@id":"https:\/\/zastalowcy.pl\/?p=735#webpage"},"isPartOf":{"@id":"https:\/\/zastalowcy.pl\/?p=735#webpage"},"articleSection":"Aktualno\u015bci, Sezon 2025\/2026, Zapowiedzi przedmeczowe, basketzg, dru\u017cyna, koszyk\u00f3wka, lublin, obl, Orlen Basket Liga, pge start lublin, plk, Polska Liga Koszyk\u00f3wki, transmisja, zastal, zastal zielona g\u00f3ra, zastalowcy, zielona g\u00f3ra, zielonagora, zielonog\u00f3rska koszyk\u00f3wka"},{"@type":"BreadcrumbList","@id":"https:\/\/zastalowcy.pl\/?p=735#breadcrumblist","itemListElement":[{"@type":"ListItem","@id":"https:\/\/zastalowcy.pl#listItem","position":1,"name":"Home","item":"https:\/\/zastalowcy.pl","nextItem":{"@type":"ListItem","@id":"https:\/\/zastalowcy.pl\/?cat=6#listItem","name":"Zapowiedzi przedmeczowe"}},{"@type":"ListItem","@id":"https:\/\/zastalowcy.pl\/?cat=6#listItem","position":2,"name":"Zapowiedzi przedmeczowe","item":"https:\/\/zastalowcy.pl\/?cat=6","nextItem":{"@type":"ListItem","@id":"https:\/\/zastalowcy.pl\/?p=735#listItem","name":"Zastal jedzie do Lublina po prze\u0142amanie"},"previousItem":{"@type":"ListItem","@id":"https:\/\/zastalowcy.pl#listItem","name":"Home"}},{"@type":"ListItem","@id":"https:\/\/zastalowcy.pl\/?p=735#listItem","position":3,"name":"Zastal jedzie do Lublina po prze\u0142amanie","previousItem":{"@type":"ListItem","@id":"https:\/\/zastalowcy.pl\/?cat=6#listItem","name":"Zapowiedzi przedmeczowe"}}]},{"@type":"Organization","@id":"https:\/\/zastalowcy.pl\/#organization","description":"O Zastalu od kibic\u00f3w \u2013 dla kibic\u00f3w","url":"https:\/\/zastalowcy.pl\/","logo":{"@type":"ImageObject","url":"https:\/\/zastalowcy.pl\/wp-content\/uploads\/2025\/09\/cropped-logo-strony-2.png","@id":"https:\/\/zastalowcy.pl\/?p=735\/#organizationLogo","width":1862,"height":384},"image":{"@id":"https:\/\/zastalowcy.pl\/?p=735\/#organizationLogo"}},{"@type":"Person","@id":"https:\/\/zastalowcy.pl\/?author=3#author","url":"https:\/\/zastalowcy.pl\/?author=3","name":"Joanna Nawlicka","image":{"@type":"ImageObject","@id":"https:\/\/zastalowcy.pl\/?p=735#authorImage","url":"https:\/\/secure.gravatar.com\/avatar\/66fc557d97536ff5096b6295970275631b7a4673997738477642001957f5274c?s=96&d=mm&r=g","width":96,"height":96,"caption":"Joanna Nawlicka"}},{"@type":"WebPage","@id":"https:\/\/zastalowcy.pl\/?p=735#webpage","url":"https:\/\/zastalowcy.pl\/?p=735","name":"Zastal jedzie do Lublina po prze\u0142amanie -","description":"Po wymagaj\u0105cym meczu z Legi\u0105 Warszawa, Zastal Zielona G\u00f3ra rusza w delegacj\u0119. W sobotnie po\u0142udnie (15 listopada 2025 roku) zielonog\u00f3rzanie zmierz\u0105 si\u0119 na wyje\u017adzie z PGE Startem Lublin \u2013 rywalem, kt\u00f3ry w tym sezonie pokazuje zmienn\u0105 form\u0119, ale na w\u0142asnym parkiecie jest gro\u017any. Zastal walczy o powr\u00f3t na zwyci\u0119sk\u0105 \u015bcie\u017ck\u0119 Dru\u017cyna trenera Arkadiusza Mi\u0142oszewskiego ma","inLanguage":"pl-PL","isPartOf":{"@id":"https:\/\/zastalowcy.pl\/#website"},"breadcrumb":{"@id":"https:\/\/zastalowcy.pl\/?p=735#breadcrumblist"},"author":{"@id":"https:\/\/zastalowcy.pl\/?author=3#author"},"creator":{"@id":"https:\/\/zastalowcy.pl\/?author=3#author"},"image":{"@type":"ImageObject","url":"https:\/\/zastalowcy.pl\/wp-content\/uploads\/2025\/11\/profilowe-38.png","@id":"https:\/\/zastalowcy.pl\/?p=735\/#mainImage","width":2048,"height":2048},"primaryImageOfPage":{"@id":"https:\/\/zastalowcy.pl\/?p=735#mainImage"},"datePublished":"2025-11-15T10:39:26+01:00","dateModified":"2025-11-15T10:39:26+01:00"},{"@type":"WebSite","@id":"https:\/\/zastalowcy.pl\/#website","url":"https:\/\/zastalowcy.pl\/","description":"O Zastalu od kibic\u00f3w \u2013 dla kibic\u00f3w","inLanguage":"pl-PL","publisher":{"@id":"https:\/\/zastalowcy.pl\/#organization"}}]},"og:locale":"pl_PL","og:site_name":"- O Zastalu od kibic\u00f3w \u2013 dla kibic\u00f3w","og:type":"article","og:title":"Zastal jedzie do Lublina po prze\u0142amanie -","og:description":"Po wymagaj\u0105cym meczu z Legi\u0105 Warszawa, Zastal Zielona G\u00f3ra rusza w delegacj\u0119. W sobotnie po\u0142udnie (15 listopada 2025 roku) zielonog\u00f3rzanie zmierz\u0105 si\u0119 na wyje\u017adzie z PGE Startem Lublin \u2013 rywalem, kt\u00f3ry w tym sezonie pokazuje zmienn\u0105 form\u0119, ale na w\u0142asnym parkiecie jest gro\u017any. Zastal walczy o powr\u00f3t na zwyci\u0119sk\u0105 \u015bcie\u017ck\u0119 Dru\u017cyna trenera Arkadiusza Mi\u0142oszewskiego ma","og:url":"https:\/\/zastalowcy.pl\/?p=735","og:image":"https:\/\/zastalowcy.pl\/wp-content\/uploads\/2025\/09\/cropped-logo-strony-2.png","og:image:secure_url":"https:\/\/zastalowcy.pl\/wp-content\/uploads\/2025\/09\/cropped-logo-strony-2.png","og:image:width":1862,"og:image:height":384,"article:published_time":"2025-11-15T09:39:26+00:00","article:modified_time":"2025-11-15T09:39:26+00:00","twitter:card":"summary_large_image","twitter:title":"Zastal jedzie do Lublina po prze\u0142amanie -","twitter:description":"Po wymagaj\u0105cym meczu z Legi\u0105 Warszawa, Zastal Zielona G\u00f3ra rusza w delegacj\u0119. W sobotnie po\u0142udnie (15 listopada 2025 roku) zielonog\u00f3rzanie zmierz\u0105 si\u0119 na wyje\u017adzie z PGE Startem Lublin \u2013 rywalem, kt\u00f3ry w tym sezonie pokazuje zmienn\u0105 form\u0119, ale na w\u0142asnym parkiecie jest gro\u017any. Zastal walczy o powr\u00f3t na zwyci\u0119sk\u0105 \u015bcie\u017ck\u0119 Dru\u017cyna trenera Arkadiusza Mi\u0142oszewskiego ma","twitter:image":"https:\/\/zastalowcy.pl\/wp-content\/uploads\/2025\/09\/cropped-logo-strony-2.png"},"aioseo_meta_data":{"post_id":"735","title":null,"description":null,"keywords":null,"keyphrases":null,"primary_term":null,"canonical_url":null,"og_title":null,"og_description":null,"og_object_type":"default","og_image_type":"default","og_image_custom_url":null,"og_image_custom_fields":null,"og_image_url":null,"og_image_width":null,"og_image_height":null,"og_video":null,"og_custom_url":null,"og_article_section":null,"og_article_tags":null,"twitter_use_og":false,"twitter_card":"default","twitter_image_type":"default","twitter_image_custom_url":null,"twitter_image_custom_fields":null,"twitter_image_url":null,"twitter_title":null,"twitter_description":null,"schema_type":"default","schema_type_options":null,"schema":{"blockGraphs":[],"customGraphs":[],"default":{"data":{"Article":[],"Course":[],"Dataset":[],"FAQPage":[],"Movie":[],"Person":[],"Product":[],"ProductReview":[],"Car":[],"Recipe":[],"Service":[],"SoftwareApplication":[],"WebPage":[]},"graphName":"","isEnabled":true},"graphs":[]},"pillar_content":false,"robots_default":true,"robots_noindex":false,"robots_noarchive":false,"robots_nosnippet":false,"robots_nofollow":false,"robots_noimageindex":false,"robots_noodp":false,"robots_notranslate":false,"robots_max_snippet":null,"robots_max_videopreview":null,"robots_max_imagepreview":"large","priority":null,"frequency":null,"local_seo":null,"limit_modified_date":false,"ai":null,"breadcrumb_settings":null,"seo_analyzer_scan_date":null,"created":"2026-07-15 16:41:18","updated":"2026-07-15 16:41:18","focus_keyword":null,"additional_keywords":null,"truseo_locale":null},"aioseo_breadcrumb":"<div class=\"aioseo-breadcrumbs\"><span class=\"aioseo-breadcrumb\">\n\t\t\t<a href=\"https:\/\/zastalowcy.pl\" title=\"Home\">Home<\/a>\n\t\t<\/span><span class=\"aioseo-breadcrumb-separator\">&raquo;<\/span><span class=\"aioseo-breadcrumb\">\n\t\t\t<a href=\"https:\/\/zastalowcy.pl\/?cat=6\" title=\"Zapowiedzi przedmeczowe\">Zapowiedzi przedmeczowe<\/a>\n\t\t<\/span><span class=\"aioseo-breadcrumb-separator\">&raquo;<\/span><span class=\"aioseo-breadcrumb\">\n\t\t\tZastal jedzie do Lublina po prze\u0142amanie\n\t\t<\/span><\/div>","aioseo_breadcrumb_json":[{"label":"Home","link":"https:\/\/zastalowcy.pl"},{"label":"Zapowiedzi przedmeczowe","link":"https:\/\/zastalowcy.pl\/?cat=6"},{"label":"Zastal jedzie do Lublina po prze\u0142amanie","link":"https:\/\/zastalowcy.pl\/?p=735"}],"_links":{"self":[{"href":"https:\/\/zastalowcy.pl\/index.php?rest_route=\/wp\/v2\/posts\/735","targetHints":{"allow":["GET"]}}],"collection":[{"href":"https:\/\/zastalowcy.pl\/index.php?rest_route=\/wp\/v2\/posts"}],"about":[{"href":"https:\/\/zastalowcy.pl\/index.php?rest_route=\/wp\/v2\/types\/post"}],"author":[{"embeddable":true,"href":"https:\/\/zastalowcy.pl\/index.php?rest_route=\/wp\/v2\/users\/3"}],"replies":[{"embeddable":true,"href":"https:\/\/zastalowcy.pl\/index.php?rest_route=%2Fwp%2Fv2%2Fcomments&post=735"}],"version-history":[{"count":1,"href":"https:\/\/zastalowcy.pl\/index.php?rest_route=\/wp\/v2\/posts\/735\/revisions"}],"predecessor-version":[{"id":737,"href":"https:\/\/zastalowcy.pl\/index.php?rest_route=\/wp\/v2\/posts\/735\/revisions\/737"}],"wp:featuredmedia":[{"embeddable":true,"href":"https:\/\/zastalowcy.pl\/index.php?rest_route=\/wp\/v2\/media\/736"}],"wp:attachment":[{"href":"https:\/\/zastalowcy.pl\/index.php?rest_route=%2Fwp%2Fv2%2Fmedia&parent=735"}],"wp:term":[{"taxonomy":"category","embeddable":true,"href":"https:\/\/zastalowcy.pl\/index.php?rest_route=%2Fwp%2Fv2%2Fcategories&post=735"},{"taxonomy":"post_tag","embeddable":true,"href":"https:\/\/zastalowcy.pl\/index.php?rest_route=%2Fwp%2Fv2%2Ftags&post=735"}],"curies":[{"name":"wp","href":"https:\/\/api.w.org\/{rel}","templated":true}]}}