{"id":751,"date":"2025-11-28T23:08:11","date_gmt":"2025-11-28T22:08:11","guid":{"rendered":"https:\/\/zastalowcy.pl\/?p=751"},"modified":"2025-11-29T23:14:37","modified_gmt":"2025-11-29T22:14:37","slug":"jakub-szumert-zagral-w-zwycieskim-meczu-reprezentacji-polski-z-austria","status":"publish","type":"post","link":"https:\/\/zastalowcy.pl\/?p=751","title":{"rendered":"Jakub Szumert zagra\u0142 w zwyci\u0119skim meczu reprezentacji Polski z Austri\u0105"},"content":{"rendered":"\n<p class=\"wp-block-paragraph\">Reprezentacja Polski rozpocz\u0119\u0142a eliminacje do Mistrzostw \u015awiata od pewnego zwyci\u0119stwa \u2013 bia\u0142o-czerwoni pokonali Austri\u0119 90:78 w Polsat Plus Arenie Gdynia. W sk\u0142adzie dru\u017cyny znalaz\u0142 si\u0119 r\u00f3wnie\u017c zawodnik Zastalu Zielona G\u00f3ra <strong>Jakub Szumert<\/strong>, kt\u00f3ry rozegra\u0142 solidne 19 minut, pokazuj\u0105c sw\u00f3j charakter i aktywno\u015b\u0107 pod koszem.<\/p>\n\n\n\n<p class=\"wp-block-paragraph\">Szumert zako\u0144czy\u0142 spotkanie z dorobkiem 4 punkt\u00f3w (2\/7 z gry), ale to nie zdobycz punktowa by\u0142a jego najwa\u017cniejszym wk\u0142adem. Zielonog\u00f3rzanin imponowa\u0142 waleczno\u015bci\u0105 na tablicach \u2013 zanotowa\u0142 6 zbi\u00f3rek (3 w ataku, 3 w obronie), kt\u00f3re w kilku momentach przed\u0142u\u017ca\u0142y akcje Polak\u00f3w i dawa\u0142y dru\u017cynie dodatkow\u0105 energi\u0119. W obronie prezentowa\u0142 si\u0119 twardo i odpowiedzialnie, notuj\u0105c r\u00f3wnie\u017c 1 przechwyt i 2 bloki.<\/p>\n\n\n\n<p class=\"wp-block-paragraph\">To kolejny krok rozwojowy m\u0142odego zawodnika Zastalu \u2013 wyst\u0119p na poziomie reprezentacyjnym i pewne minuty w wa\u017cnym meczu to sygna\u0142, \u017ce Szumert coraz \u015bmielej odnajduje si\u0119 nie tylko w strukturach klubu, ale i w dru\u017cynie narodowej.<\/p>\n\n\n\n<p class=\"wp-block-paragraph\">\ud83c\udfc0 Zastalowcy.pl \u2013 o Zastalu od kibic\u00f3w \u2013 dla kibic\u00f3w<\/p>\n","protected":false},"excerpt":{"rendered":"<p>Reprezentacja Polski rozpocz\u0119\u0142a eliminacje do Mistrzostw \u015awiata od pewnego zwyci\u0119stwa \u2013 bia\u0142o-czerwoni pokonali Austri\u0119 90:78 w Polsat Plus<\/p>\n","protected":false},"author":3,"featured_media":752,"comment_status":"open","ping_status":"open","sticky":false,"template":"","format":"standard","meta":{"om_disable_all_campaigns":false,"footnotes":""},"categories":[18],"tags":[17,204,75,167,15,99,203,156,205,12,14,42,11,10,16],"class_list":["post-751","post","type-post","status-publish","format-standard","has-post-thumbnail","hentry","category-aktualnosci","tag-basketzg","tag-fiba-world-cup","tag-jakub-szumert","tag-kosz-kadra","tag-koszykowka","tag-reprezentacja-polski","tag-reprezentacja-polski-w-koszykowce","tag-szumert","tag-world-cup","tag-zastal","tag-zastal-zielona-gora","tag-zastalowcy","tag-zielona-gora","tag-zielonagora","tag-zielonogorska-koszykowka"],"aioseo_notices":[],"aioseo_head":"\n\t\t<!-- All in One SEO 5.0.0.1 - aioseo.com -->\n\t<meta name=\"description\" content=\"Reprezentacja Polski rozpocz\u0119\u0142a eliminacje do Mistrzostw \u015awiata od pewnego zwyci\u0119stwa \u2013 bia\u0142o-czerwoni pokonali Austri\u0119 90:78 w Polsat Plus Arenie Gdynia. W sk\u0142adzie dru\u017cyny znalaz\u0142 si\u0119 r\u00f3wnie\u017c zawodnik Zastalu Zielona G\u00f3ra Jakub Szumert, kt\u00f3ry rozegra\u0142 solidne 19 minut, pokazuj\u0105c sw\u00f3j charakter i aktywno\u015b\u0107 pod koszem. Szumert zako\u0144czy\u0142 spotkanie z dorobkiem 4 punkt\u00f3w (2\/7 z gry), ale\" \/>\n\t<meta name=\"robots\" content=\"max-image-preview:large\" \/>\n\t<meta name=\"author\" content=\"Joanna Nawlicka\"\/>\n\t<link rel=\"canonical\" href=\"https:\/\/zastalowcy.pl\/?p=751\" \/>\n\t<meta name=\"generator\" content=\"All in One SEO (AIOSEO) 5.0.0.1\" \/>\n\t\t<meta property=\"og:locale\" content=\"pl_PL\" \/>\n\t\t<meta property=\"og:site_name\" content=\"- O Zastalu od kibic\u00f3w \u2013 dla kibic\u00f3w\" \/>\n\t\t<meta property=\"og:type\" content=\"article\" \/>\n\t\t<meta property=\"og:title\" content=\"Jakub Szumert zagra\u0142 w zwyci\u0119skim meczu reprezentacji Polski z Austri\u0105 -\" \/>\n\t\t<meta property=\"og:description\" content=\"Reprezentacja Polski rozpocz\u0119\u0142a eliminacje do Mistrzostw \u015awiata od pewnego zwyci\u0119stwa \u2013 bia\u0142o-czerwoni pokonali Austri\u0119 90:78 w Polsat Plus Arenie Gdynia. W sk\u0142adzie dru\u017cyny znalaz\u0142 si\u0119 r\u00f3wnie\u017c zawodnik Zastalu Zielona G\u00f3ra Jakub Szumert, kt\u00f3ry rozegra\u0142 solidne 19 minut, pokazuj\u0105c sw\u00f3j charakter i aktywno\u015b\u0107 pod koszem. Szumert zako\u0144czy\u0142 spotkanie z dorobkiem 4 punkt\u00f3w (2\/7 z gry), ale\" \/>\n\t\t<meta property=\"og:url\" content=\"https:\/\/zastalowcy.pl\/?p=751\" \/>\n\t\t<meta property=\"og:image\" content=\"https:\/\/zastalowcy.pl\/wp-content\/uploads\/2025\/09\/cropped-logo-strony-2.png\" \/>\n\t\t<meta property=\"og:image:secure_url\" content=\"https:\/\/zastalowcy.pl\/wp-content\/uploads\/2025\/09\/cropped-logo-strony-2.png\" \/>\n\t\t<meta property=\"og:image:width\" content=\"1862\" \/>\n\t\t<meta property=\"og:image:height\" content=\"384\" \/>\n\t\t<meta property=\"article:published_time\" content=\"2025-11-28T22:08:11+00:00\" \/>\n\t\t<meta property=\"article:modified_time\" content=\"2025-11-29T22:14:37+00:00\" \/>\n\t\t<meta name=\"twitter:card\" content=\"summary_large_image\" \/>\n\t\t<meta name=\"twitter:title\" content=\"Jakub Szumert zagra\u0142 w zwyci\u0119skim meczu reprezentacji Polski z Austri\u0105 -\" \/>\n\t\t<meta name=\"twitter:description\" content=\"Reprezentacja Polski rozpocz\u0119\u0142a eliminacje do Mistrzostw \u015awiata od pewnego zwyci\u0119stwa \u2013 bia\u0142o-czerwoni pokonali Austri\u0119 90:78 w Polsat Plus Arenie Gdynia. W sk\u0142adzie dru\u017cyny znalaz\u0142 si\u0119 r\u00f3wnie\u017c zawodnik Zastalu Zielona G\u00f3ra Jakub Szumert, kt\u00f3ry rozegra\u0142 solidne 19 minut, pokazuj\u0105c sw\u00f3j charakter i aktywno\u015b\u0107 pod koszem. Szumert zako\u0144czy\u0142 spotkanie z dorobkiem 4 punkt\u00f3w (2\/7 z gry), ale\" \/>\n\t\t<meta name=\"twitter:image\" content=\"https:\/\/zastalowcy.pl\/wp-content\/uploads\/2025\/09\/cropped-logo-strony-2.png\" \/>\n\t\t<script type=\"application\/ld+json\" class=\"aioseo-schema\">\n\t\t\t{\"@context\":\"https:\\\/\\\/schema.org\",\"@graph\":[{\"@type\":\"BlogPosting\",\"@id\":\"https:\\\/\\\/zastalowcy.pl\\\/?p=751#blogposting\",\"name\":\"Jakub Szumert zagra\\u0142 w zwyci\\u0119skim meczu reprezentacji Polski z Austri\\u0105 -\",\"headline\":\"Jakub Szumert zagra\\u0142 w zwyci\\u0119skim meczu reprezentacji Polski z Austri\\u0105\",\"author\":{\"@id\":\"https:\\\/\\\/zastalowcy.pl\\\/?author=3#author\"},\"publisher\":{\"@id\":\"https:\\\/\\\/zastalowcy.pl\\\/#organization\"},\"image\":{\"@type\":\"ImageObject\",\"url\":\"https:\\\/\\\/zastalowcy.pl\\\/wp-content\\\/uploads\\\/2025\\\/11\\\/profilowe-12.png\",\"width\":2048,\"height\":2048},\"datePublished\":\"2025-11-28T23:08:11+01:00\",\"dateModified\":\"2025-11-29T23:14:37+01:00\",\"inLanguage\":\"pl-PL\",\"mainEntityOfPage\":{\"@id\":\"https:\\\/\\\/zastalowcy.pl\\\/?p=751#webpage\"},\"isPartOf\":{\"@id\":\"https:\\\/\\\/zastalowcy.pl\\\/?p=751#webpage\"},\"articleSection\":\"Aktualno\\u015bci, basketzg, fiba world cup, jakub szumert, kosz kadra, koszyk\\u00f3wka, reprezentacja polski, reprezentacja polski w koszyk\\u00f3wce, szumert, world cup, zastal, zastal zielona g\\u00f3ra, zastalowcy, zielona g\\u00f3ra, zielonagora, zielonog\\u00f3rska koszyk\\u00f3wka\"},{\"@type\":\"BreadcrumbList\",\"@id\":\"https:\\\/\\\/zastalowcy.pl\\\/?p=751#breadcrumblist\",\"itemListElement\":[{\"@type\":\"ListItem\",\"@id\":\"https:\\\/\\\/zastalowcy.pl#listItem\",\"position\":1,\"name\":\"Home\",\"item\":\"https:\\\/\\\/zastalowcy.pl\",\"nextItem\":{\"@type\":\"ListItem\",\"@id\":\"https:\\\/\\\/zastalowcy.pl\\\/?cat=18#listItem\",\"name\":\"Aktualno\\u015bci\"}},{\"@type\":\"ListItem\",\"@id\":\"https:\\\/\\\/zastalowcy.pl\\\/?cat=18#listItem\",\"position\":2,\"name\":\"Aktualno\\u015bci\",\"item\":\"https:\\\/\\\/zastalowcy.pl\\\/?cat=18\",\"nextItem\":{\"@type\":\"ListItem\",\"@id\":\"https:\\\/\\\/zastalowcy.pl\\\/?p=751#listItem\",\"name\":\"Jakub Szumert zagra\\u0142 w zwyci\\u0119skim meczu reprezentacji Polski z Austri\\u0105\"},\"previousItem\":{\"@type\":\"ListItem\",\"@id\":\"https:\\\/\\\/zastalowcy.pl#listItem\",\"name\":\"Home\"}},{\"@type\":\"ListItem\",\"@id\":\"https:\\\/\\\/zastalowcy.pl\\\/?p=751#listItem\",\"position\":3,\"name\":\"Jakub Szumert zagra\\u0142 w zwyci\\u0119skim meczu reprezentacji Polski z Austri\\u0105\",\"previousItem\":{\"@type\":\"ListItem\",\"@id\":\"https:\\\/\\\/zastalowcy.pl\\\/?cat=18#listItem\",\"name\":\"Aktualno\\u015bci\"}}]},{\"@type\":\"Organization\",\"@id\":\"https:\\\/\\\/zastalowcy.pl\\\/#organization\",\"description\":\"O Zastalu od kibic\\u00f3w \\u2013 dla kibic\\u00f3w\",\"url\":\"https:\\\/\\\/zastalowcy.pl\\\/\",\"logo\":{\"@type\":\"ImageObject\",\"url\":\"https:\\\/\\\/zastalowcy.pl\\\/wp-content\\\/uploads\\\/2025\\\/09\\\/cropped-logo-strony-2.png\",\"@id\":\"https:\\\/\\\/zastalowcy.pl\\\/?p=751\\\/#organizationLogo\",\"width\":1862,\"height\":384},\"image\":{\"@id\":\"https:\\\/\\\/zastalowcy.pl\\\/?p=751\\\/#organizationLogo\"}},{\"@type\":\"Person\",\"@id\":\"https:\\\/\\\/zastalowcy.pl\\\/?author=3#author\",\"url\":\"https:\\\/\\\/zastalowcy.pl\\\/?author=3\",\"name\":\"Joanna Nawlicka\",\"image\":{\"@type\":\"ImageObject\",\"@id\":\"https:\\\/\\\/zastalowcy.pl\\\/?p=751#authorImage\",\"url\":\"https:\\\/\\\/secure.gravatar.com\\\/avatar\\\/66fc557d97536ff5096b6295970275631b7a4673997738477642001957f5274c?s=96&d=mm&r=g\",\"width\":96,\"height\":96,\"caption\":\"Joanna Nawlicka\"}},{\"@type\":\"WebPage\",\"@id\":\"https:\\\/\\\/zastalowcy.pl\\\/?p=751#webpage\",\"url\":\"https:\\\/\\\/zastalowcy.pl\\\/?p=751\",\"name\":\"Jakub Szumert zagra\\u0142 w zwyci\\u0119skim meczu reprezentacji Polski z Austri\\u0105 -\",\"description\":\"Reprezentacja Polski rozpocz\\u0119\\u0142a eliminacje do Mistrzostw \\u015awiata od pewnego zwyci\\u0119stwa \\u2013 bia\\u0142o-czerwoni pokonali Austri\\u0119 90:78 w Polsat Plus Arenie Gdynia. W sk\\u0142adzie dru\\u017cyny znalaz\\u0142 si\\u0119 r\\u00f3wnie\\u017c zawodnik Zastalu Zielona G\\u00f3ra Jakub Szumert, kt\\u00f3ry rozegra\\u0142 solidne 19 minut, pokazuj\\u0105c sw\\u00f3j charakter i aktywno\\u015b\\u0107 pod koszem. Szumert zako\\u0144czy\\u0142 spotkanie z dorobkiem 4 punkt\\u00f3w (2\\\/7 z gry), ale\",\"inLanguage\":\"pl-PL\",\"isPartOf\":{\"@id\":\"https:\\\/\\\/zastalowcy.pl\\\/#website\"},\"breadcrumb\":{\"@id\":\"https:\\\/\\\/zastalowcy.pl\\\/?p=751#breadcrumblist\"},\"author\":{\"@id\":\"https:\\\/\\\/zastalowcy.pl\\\/?author=3#author\"},\"creator\":{\"@id\":\"https:\\\/\\\/zastalowcy.pl\\\/?author=3#author\"},\"image\":{\"@type\":\"ImageObject\",\"url\":\"https:\\\/\\\/zastalowcy.pl\\\/wp-content\\\/uploads\\\/2025\\\/11\\\/profilowe-12.png\",\"@id\":\"https:\\\/\\\/zastalowcy.pl\\\/?p=751\\\/#mainImage\",\"width\":2048,\"height\":2048},\"primaryImageOfPage\":{\"@id\":\"https:\\\/\\\/zastalowcy.pl\\\/?p=751#mainImage\"},\"datePublished\":\"2025-11-28T23:08:11+01:00\",\"dateModified\":\"2025-11-29T23:14:37+01:00\"},{\"@type\":\"WebSite\",\"@id\":\"https:\\\/\\\/zastalowcy.pl\\\/#website\",\"url\":\"https:\\\/\\\/zastalowcy.pl\\\/\",\"description\":\"O Zastalu od kibic\\u00f3w \\u2013 dla kibic\\u00f3w\",\"inLanguage\":\"pl-PL\",\"publisher\":{\"@id\":\"https:\\\/\\\/zastalowcy.pl\\\/#organization\"}}]}\n\t\t<\/script>\n\t\t<!-- All in One SEO -->\n\n","aioseo_head_json":{"title":"Jakub Szumert zagra\u0142 w zwyci\u0119skim meczu reprezentacji Polski z Austri\u0105 -","description":"Reprezentacja Polski rozpocz\u0119\u0142a eliminacje do Mistrzostw \u015awiata od pewnego zwyci\u0119stwa \u2013 bia\u0142o-czerwoni pokonali Austri\u0119 90:78 w Polsat Plus Arenie Gdynia. W sk\u0142adzie dru\u017cyny znalaz\u0142 si\u0119 r\u00f3wnie\u017c zawodnik Zastalu Zielona G\u00f3ra Jakub Szumert, kt\u00f3ry rozegra\u0142 solidne 19 minut, pokazuj\u0105c sw\u00f3j charakter i aktywno\u015b\u0107 pod koszem. Szumert zako\u0144czy\u0142 spotkanie z dorobkiem 4 punkt\u00f3w (2\/7 z gry), ale","canonical_url":"https:\/\/zastalowcy.pl\/?p=751","robots":"max-image-preview:large","keywords":"","webmasterTools":{"miscellaneous":""},"schema":{"@context":"https:\/\/schema.org","@graph":[{"@type":"BlogPosting","@id":"https:\/\/zastalowcy.pl\/?p=751#blogposting","name":"Jakub Szumert zagra\u0142 w zwyci\u0119skim meczu reprezentacji Polski z Austri\u0105 -","headline":"Jakub Szumert zagra\u0142 w zwyci\u0119skim meczu reprezentacji Polski z Austri\u0105","author":{"@id":"https:\/\/zastalowcy.pl\/?author=3#author"},"publisher":{"@id":"https:\/\/zastalowcy.pl\/#organization"},"image":{"@type":"ImageObject","url":"https:\/\/zastalowcy.pl\/wp-content\/uploads\/2025\/11\/profilowe-12.png","width":2048,"height":2048},"datePublished":"2025-11-28T23:08:11+01:00","dateModified":"2025-11-29T23:14:37+01:00","inLanguage":"pl-PL","mainEntityOfPage":{"@id":"https:\/\/zastalowcy.pl\/?p=751#webpage"},"isPartOf":{"@id":"https:\/\/zastalowcy.pl\/?p=751#webpage"},"articleSection":"Aktualno\u015bci, basketzg, fiba world cup, jakub szumert, kosz kadra, koszyk\u00f3wka, reprezentacja polski, reprezentacja polski w koszyk\u00f3wce, szumert, world cup, zastal, zastal zielona g\u00f3ra, zastalowcy, zielona g\u00f3ra, zielonagora, zielonog\u00f3rska koszyk\u00f3wka"},{"@type":"BreadcrumbList","@id":"https:\/\/zastalowcy.pl\/?p=751#breadcrumblist","itemListElement":[{"@type":"ListItem","@id":"https:\/\/zastalowcy.pl#listItem","position":1,"name":"Home","item":"https:\/\/zastalowcy.pl","nextItem":{"@type":"ListItem","@id":"https:\/\/zastalowcy.pl\/?cat=18#listItem","name":"Aktualno\u015bci"}},{"@type":"ListItem","@id":"https:\/\/zastalowcy.pl\/?cat=18#listItem","position":2,"name":"Aktualno\u015bci","item":"https:\/\/zastalowcy.pl\/?cat=18","nextItem":{"@type":"ListItem","@id":"https:\/\/zastalowcy.pl\/?p=751#listItem","name":"Jakub Szumert zagra\u0142 w zwyci\u0119skim meczu reprezentacji Polski z Austri\u0105"},"previousItem":{"@type":"ListItem","@id":"https:\/\/zastalowcy.pl#listItem","name":"Home"}},{"@type":"ListItem","@id":"https:\/\/zastalowcy.pl\/?p=751#listItem","position":3,"name":"Jakub Szumert zagra\u0142 w zwyci\u0119skim meczu reprezentacji Polski z Austri\u0105","previousItem":{"@type":"ListItem","@id":"https:\/\/zastalowcy.pl\/?cat=18#listItem","name":"Aktualno\u015bci"}}]},{"@type":"Organization","@id":"https:\/\/zastalowcy.pl\/#organization","description":"O Zastalu od kibic\u00f3w \u2013 dla kibic\u00f3w","url":"https:\/\/zastalowcy.pl\/","logo":{"@type":"ImageObject","url":"https:\/\/zastalowcy.pl\/wp-content\/uploads\/2025\/09\/cropped-logo-strony-2.png","@id":"https:\/\/zastalowcy.pl\/?p=751\/#organizationLogo","width":1862,"height":384},"image":{"@id":"https:\/\/zastalowcy.pl\/?p=751\/#organizationLogo"}},{"@type":"Person","@id":"https:\/\/zastalowcy.pl\/?author=3#author","url":"https:\/\/zastalowcy.pl\/?author=3","name":"Joanna Nawlicka","image":{"@type":"ImageObject","@id":"https:\/\/zastalowcy.pl\/?p=751#authorImage","url":"https:\/\/secure.gravatar.com\/avatar\/66fc557d97536ff5096b6295970275631b7a4673997738477642001957f5274c?s=96&d=mm&r=g","width":96,"height":96,"caption":"Joanna Nawlicka"}},{"@type":"WebPage","@id":"https:\/\/zastalowcy.pl\/?p=751#webpage","url":"https:\/\/zastalowcy.pl\/?p=751","name":"Jakub Szumert zagra\u0142 w zwyci\u0119skim meczu reprezentacji Polski z Austri\u0105 -","description":"Reprezentacja Polski rozpocz\u0119\u0142a eliminacje do Mistrzostw \u015awiata od pewnego zwyci\u0119stwa \u2013 bia\u0142o-czerwoni pokonali Austri\u0119 90:78 w Polsat Plus Arenie Gdynia. W sk\u0142adzie dru\u017cyny znalaz\u0142 si\u0119 r\u00f3wnie\u017c zawodnik Zastalu Zielona G\u00f3ra Jakub Szumert, kt\u00f3ry rozegra\u0142 solidne 19 minut, pokazuj\u0105c sw\u00f3j charakter i aktywno\u015b\u0107 pod koszem. Szumert zako\u0144czy\u0142 spotkanie z dorobkiem 4 punkt\u00f3w (2\/7 z gry), ale","inLanguage":"pl-PL","isPartOf":{"@id":"https:\/\/zastalowcy.pl\/#website"},"breadcrumb":{"@id":"https:\/\/zastalowcy.pl\/?p=751#breadcrumblist"},"author":{"@id":"https:\/\/zastalowcy.pl\/?author=3#author"},"creator":{"@id":"https:\/\/zastalowcy.pl\/?author=3#author"},"image":{"@type":"ImageObject","url":"https:\/\/zastalowcy.pl\/wp-content\/uploads\/2025\/11\/profilowe-12.png","@id":"https:\/\/zastalowcy.pl\/?p=751\/#mainImage","width":2048,"height":2048},"primaryImageOfPage":{"@id":"https:\/\/zastalowcy.pl\/?p=751#mainImage"},"datePublished":"2025-11-28T23:08:11+01:00","dateModified":"2025-11-29T23:14:37+01:00"},{"@type":"WebSite","@id":"https:\/\/zastalowcy.pl\/#website","url":"https:\/\/zastalowcy.pl\/","description":"O Zastalu od kibic\u00f3w \u2013 dla kibic\u00f3w","inLanguage":"pl-PL","publisher":{"@id":"https:\/\/zastalowcy.pl\/#organization"}}]},"og:locale":"pl_PL","og:site_name":"- O Zastalu od kibic\u00f3w \u2013 dla kibic\u00f3w","og:type":"article","og:title":"Jakub Szumert zagra\u0142 w zwyci\u0119skim meczu reprezentacji Polski z Austri\u0105 -","og:description":"Reprezentacja Polski rozpocz\u0119\u0142a eliminacje do Mistrzostw \u015awiata od pewnego zwyci\u0119stwa \u2013 bia\u0142o-czerwoni pokonali Austri\u0119 90:78 w Polsat Plus Arenie Gdynia. W sk\u0142adzie dru\u017cyny znalaz\u0142 si\u0119 r\u00f3wnie\u017c zawodnik Zastalu Zielona G\u00f3ra Jakub Szumert, kt\u00f3ry rozegra\u0142 solidne 19 minut, pokazuj\u0105c sw\u00f3j charakter i aktywno\u015b\u0107 pod koszem. Szumert zako\u0144czy\u0142 spotkanie z dorobkiem 4 punkt\u00f3w (2\/7 z gry), ale","og:url":"https:\/\/zastalowcy.pl\/?p=751","og:image":"https:\/\/zastalowcy.pl\/wp-content\/uploads\/2025\/09\/cropped-logo-strony-2.png","og:image:secure_url":"https:\/\/zastalowcy.pl\/wp-content\/uploads\/2025\/09\/cropped-logo-strony-2.png","og:image:width":1862,"og:image:height":384,"article:published_time":"2025-11-28T22:08:11+00:00","article:modified_time":"2025-11-29T22:14:37+00:00","twitter:card":"summary_large_image","twitter:title":"Jakub Szumert zagra\u0142 w zwyci\u0119skim meczu reprezentacji Polski z Austri\u0105 -","twitter:description":"Reprezentacja Polski rozpocz\u0119\u0142a eliminacje do Mistrzostw \u015awiata od pewnego zwyci\u0119stwa \u2013 bia\u0142o-czerwoni pokonali Austri\u0119 90:78 w Polsat Plus Arenie Gdynia. W sk\u0142adzie dru\u017cyny znalaz\u0142 si\u0119 r\u00f3wnie\u017c zawodnik Zastalu Zielona G\u00f3ra Jakub Szumert, kt\u00f3ry rozegra\u0142 solidne 19 minut, pokazuj\u0105c sw\u00f3j charakter i aktywno\u015b\u0107 pod koszem. Szumert zako\u0144czy\u0142 spotkanie z dorobkiem 4 punkt\u00f3w (2\/7 z gry), ale","twitter:image":"https:\/\/zastalowcy.pl\/wp-content\/uploads\/2025\/09\/cropped-logo-strony-2.png"},"aioseo_meta_data":{"post_id":"751","title":null,"description":null,"keywords":null,"keyphrases":null,"primary_term":null,"canonical_url":null,"og_title":null,"og_description":null,"og_object_type":"default","og_image_type":"default","og_image_custom_url":null,"og_image_custom_fields":null,"og_image_url":null,"og_image_width":null,"og_image_height":null,"og_video":null,"og_custom_url":null,"og_article_section":null,"og_article_tags":null,"twitter_use_og":false,"twitter_card":"default","twitter_image_type":"default","twitter_image_custom_url":null,"twitter_image_custom_fields":null,"twitter_image_url":null,"twitter_title":null,"twitter_description":null,"schema_type":"default","schema_type_options":null,"schema":{"blockGraphs":[],"customGraphs":[],"default":{"data":{"Article":[],"Course":[],"Dataset":[],"FAQPage":[],"Movie":[],"Person":[],"Product":[],"ProductReview":[],"Car":[],"Recipe":[],"Service":[],"SoftwareApplication":[],"WebPage":[]},"graphName":"","isEnabled":true},"graphs":[]},"pillar_content":false,"robots_default":true,"robots_noindex":false,"robots_noarchive":false,"robots_nosnippet":false,"robots_nofollow":false,"robots_noimageindex":false,"robots_noodp":false,"robots_notranslate":false,"robots_max_snippet":null,"robots_max_videopreview":null,"robots_max_imagepreview":"large","priority":null,"frequency":null,"local_seo":null,"limit_modified_date":false,"ai":null,"breadcrumb_settings":null,"seo_analyzer_scan_date":null,"created":"2026-07-15 16:42:54","updated":"2026-07-15 16:42:54","focus_keyword":null,"additional_keywords":null,"truseo_locale":null},"aioseo_breadcrumb":"<div class=\"aioseo-breadcrumbs\"><span class=\"aioseo-breadcrumb\">\n\t\t\t<a href=\"https:\/\/zastalowcy.pl\" title=\"Home\">Home<\/a>\n\t\t<\/span><span class=\"aioseo-breadcrumb-separator\">&raquo;<\/span><span class=\"aioseo-breadcrumb\">\n\t\t\t<a href=\"https:\/\/zastalowcy.pl\/?cat=18\" title=\"Aktualno\u015bci\">Aktualno\u015bci<\/a>\n\t\t<\/span><span class=\"aioseo-breadcrumb-separator\">&raquo;<\/span><span class=\"aioseo-breadcrumb\">\n\t\t\tJakub Szumert zagra\u0142 w zwyci\u0119skim meczu reprezentacji Polski z Austri\u0105\n\t\t<\/span><\/div>","aioseo_breadcrumb_json":[{"label":"Home","link":"https:\/\/zastalowcy.pl"},{"label":"Aktualno\u015bci","link":"https:\/\/zastalowcy.pl\/?cat=18"},{"label":"Jakub Szumert zagra\u0142 w zwyci\u0119skim meczu reprezentacji Polski z Austri\u0105","link":"https:\/\/zastalowcy.pl\/?p=751"}],"_links":{"self":[{"href":"https:\/\/zastalowcy.pl\/index.php?rest_route=\/wp\/v2\/posts\/751","targetHints":{"allow":["GET"]}}],"collection":[{"href":"https:\/\/zastalowcy.pl\/index.php?rest_route=\/wp\/v2\/posts"}],"about":[{"href":"https:\/\/zastalowcy.pl\/index.php?rest_route=\/wp\/v2\/types\/post"}],"author":[{"embeddable":true,"href":"https:\/\/zastalowcy.pl\/index.php?rest_route=\/wp\/v2\/users\/3"}],"replies":[{"embeddable":true,"href":"https:\/\/zastalowcy.pl\/index.php?rest_route=%2Fwp%2Fv2%2Fcomments&post=751"}],"version-history":[{"count":1,"href":"https:\/\/zastalowcy.pl\/index.php?rest_route=\/wp\/v2\/posts\/751\/revisions"}],"predecessor-version":[{"id":753,"href":"https:\/\/zastalowcy.pl\/index.php?rest_route=\/wp\/v2\/posts\/751\/revisions\/753"}],"wp:featuredmedia":[{"embeddable":true,"href":"https:\/\/zastalowcy.pl\/index.php?rest_route=\/wp\/v2\/media\/752"}],"wp:attachment":[{"href":"https:\/\/zastalowcy.pl\/index.php?rest_route=%2Fwp%2Fv2%2Fmedia&parent=751"}],"wp:term":[{"taxonomy":"category","embeddable":true,"href":"https:\/\/zastalowcy.pl\/index.php?rest_route=%2Fwp%2Fv2%2Fcategories&post=751"},{"taxonomy":"post_tag","embeddable":true,"href":"https:\/\/zastalowcy.pl\/index.php?rest_route=%2Fwp%2Fv2%2Ftags&post=751"}],"curies":[{"name":"wp","href":"https:\/\/api.w.org\/{rel}","templated":true}]}}