{"id":766,"date":"2025-12-05T08:28:32","date_gmt":"2025-12-05T07:28:32","guid":{"rendered":"https:\/\/zastalowcy.pl\/?p=766"},"modified":"2025-12-05T08:28:33","modified_gmt":"2025-12-05T07:28:33","slug":"blizej-niz-dalej-zakonczenia-umowy-z-petarem-rakicevicem","status":"publish","type":"post","link":"https:\/\/zastalowcy.pl\/?p=766","title":{"rendered":"Bli\u017cej ni\u017c dalej zako\u0144czenia umowy z Petarem Raki\u0107evi\u0107em?"},"content":{"rendered":"\n<p class=\"wp-block-paragraph\">W \u015brod\u0119, podczas spotkania z mediami po opcjonalnym treningu Zastalu Zielona G\u00f3ra, trener Arkadiusz Mi\u0142oszewski odni\u00f3s\u0142 si\u0119 do sytuacji Petara Raki\u0107evi\u0107a. Serbski niski skrzyd\u0142owy by\u0142 obecny na hali wraz z innymi zawodnikami, ale jego przysz\u0142o\u015b\u0107 w klubie jest ju\u017c przes\u0105dzona \u2013 brakuje jedynie formalnego domkni\u0119cia rozm\u00f3w.<\/p>\n\n\n\n<p class=\"wp-block-paragraph\">Jak podkre\u015bli\u0142 szkoleniowiec, proces rozstania jest na ostatniej prostej. \u2013 Rozmowy s\u0105 ju\u017c na finiszu. My\u015bl\u0119, \u017ce to mo\u017ce by\u0107 nawet nie kwestia dni, a godzin, \u017ceby wszystko zosta\u0142o wyja\u015bnione \u2013 m\u00f3wi\u0142 Mi\u0142oszewski.<\/p>\n\n\n\n<p class=\"wp-block-paragraph\">Trener zaznaczy\u0142 r\u00f3wnie\u017c, \u017ce klub nie zamierza stawia\u0107 zawodnikowi przeszk\u00f3d. Raki\u0107evi\u0107 otrzyma\u0142 mo\u017cliwo\u015b\u0107 trenowania z zespo\u0142em podczas takich trening\u00f3w jak ten w \u015brod\u0119, aby utrzymywa\u0107 form\u0119 przed potencjalnym transferem. \u2013 Nie robimy nikomu pod g\u00f3rk\u0119. Zawodnik chce kontynuowa\u0107 gr\u0119 gdzie indziej, wi\u0119c pozwalamy mu przychodzi\u0107 i trenowa\u0107. Chcemy si\u0119 rozsta\u0107 po przyjacielsku, ka\u017cdy p\u00f3jdzie w swoj\u0105 stron\u0119 i b\u0119dzie tworzy\u0142 dalej swoj\u0105 histori\u0119 \u2013 podkre\u015bli\u0142 Arkadiusz Mi\u0142oszewski.<\/p>\n\n\n\n<p class=\"wp-block-paragraph\">Wszystko wskazuje na to, \u017ce Zastal w najbli\u017cszym czasie oficjalnie poinformuje o zako\u0144czeniu wsp\u00f3\u0142pracy z Petarem Raki\u0107evi\u0107em. Klub kontynuuje <a href=\"https:\/\/zastalowcy.pl\/?p=745\">proces zmian kadrowych<\/a> zapowiadany wcze\u015bniej przez trenera Mi\u0142oszewskiego. Wi\u0119cej na ten temat wkr\u00f3tce.<\/p>\n\n\n\n<p class=\"wp-block-paragraph\">\ud83c\udfc0 Zastalowcy.pl \u2013 o Zastalu od kibic\u00f3w \u2013 dla kibic\u00f3w<\/p>\n","protected":false},"excerpt":{"rendered":"<p>W \u015brod\u0119, podczas spotkania z mediami po opcjonalnym treningu Zastalu Zielona G\u00f3ra, trener Arkadiusz Mi\u0142oszewski odni\u00f3s\u0142 si\u0119 do<\/p>\n","protected":false},"author":3,"featured_media":768,"comment_status":"open","ping_status":"open","sticky":false,"template":"","format":"standard","meta":{"om_disable_all_campaigns":false,"footnotes":""},"categories":[18,9],"tags":[17,26,15,115,12,14,42,11,10,16],"class_list":["post-766","post","type-post","status-publish","format-standard","has-post-thumbnail","hentry","category-aktualnosci","category-sezon-2025-2026","tag-basketzg","tag-druzyna","tag-koszykowka","tag-petar-rakicevic","tag-zastal","tag-zastal-zielona-gora","tag-zastalowcy","tag-zielona-gora","tag-zielonagora","tag-zielonogorska-koszykowka"],"aioseo_notices":[],"aioseo_head":"\n\t\t<!-- All in One SEO 5.0.0.1 - aioseo.com -->\n\t<meta name=\"description\" content=\"W \u015brod\u0119, podczas spotkania z mediami po opcjonalnym treningu Zastalu Zielona G\u00f3ra, trener Arkadiusz Mi\u0142oszewski odni\u00f3s\u0142 si\u0119 do sytuacji Petara Raki\u0107evi\u0107a. Serbski niski skrzyd\u0142owy by\u0142 obecny na hali wraz z innymi zawodnikami, ale jego przysz\u0142o\u015b\u0107 w klubie jest ju\u017c przes\u0105dzona \u2013 brakuje jedynie formalnego domkni\u0119cia rozm\u00f3w. Jak podkre\u015bli\u0142 szkoleniowiec, proces rozstania jest na ostatniej prostej.\" \/>\n\t<meta name=\"robots\" content=\"max-image-preview:large\" \/>\n\t<meta name=\"author\" content=\"Joanna Nawlicka\"\/>\n\t<link rel=\"canonical\" href=\"https:\/\/zastalowcy.pl\/?p=766\" \/>\n\t<meta name=\"generator\" content=\"All in One SEO (AIOSEO) 5.0.0.1\" \/>\n\t\t<meta property=\"og:locale\" content=\"pl_PL\" \/>\n\t\t<meta property=\"og:site_name\" content=\"- O Zastalu od kibic\u00f3w \u2013 dla kibic\u00f3w\" \/>\n\t\t<meta property=\"og:type\" content=\"article\" \/>\n\t\t<meta property=\"og:title\" content=\"Bli\u017cej ni\u017c dalej zako\u0144czenia umowy z Petarem Raki\u0107evi\u0107em? -\" \/>\n\t\t<meta property=\"og:description\" content=\"W \u015brod\u0119, podczas spotkania z mediami po opcjonalnym treningu Zastalu Zielona G\u00f3ra, trener Arkadiusz Mi\u0142oszewski odni\u00f3s\u0142 si\u0119 do sytuacji Petara Raki\u0107evi\u0107a. Serbski niski skrzyd\u0142owy by\u0142 obecny na hali wraz z innymi zawodnikami, ale jego przysz\u0142o\u015b\u0107 w klubie jest ju\u017c przes\u0105dzona \u2013 brakuje jedynie formalnego domkni\u0119cia rozm\u00f3w. Jak podkre\u015bli\u0142 szkoleniowiec, proces rozstania jest na ostatniej prostej.\" \/>\n\t\t<meta property=\"og:url\" content=\"https:\/\/zastalowcy.pl\/?p=766\" \/>\n\t\t<meta property=\"og:image\" content=\"https:\/\/zastalowcy.pl\/wp-content\/uploads\/2025\/09\/cropped-logo-strony-2.png\" \/>\n\t\t<meta property=\"og:image:secure_url\" content=\"https:\/\/zastalowcy.pl\/wp-content\/uploads\/2025\/09\/cropped-logo-strony-2.png\" \/>\n\t\t<meta property=\"og:image:width\" content=\"1862\" \/>\n\t\t<meta property=\"og:image:height\" content=\"384\" \/>\n\t\t<meta property=\"article:published_time\" content=\"2025-12-05T07:28:32+00:00\" \/>\n\t\t<meta property=\"article:modified_time\" content=\"2025-12-05T07:28:33+00:00\" \/>\n\t\t<meta name=\"twitter:card\" content=\"summary_large_image\" \/>\n\t\t<meta name=\"twitter:title\" content=\"Bli\u017cej ni\u017c dalej zako\u0144czenia umowy z Petarem Raki\u0107evi\u0107em? -\" \/>\n\t\t<meta name=\"twitter:description\" content=\"W \u015brod\u0119, podczas spotkania z mediami po opcjonalnym treningu Zastalu Zielona G\u00f3ra, trener Arkadiusz Mi\u0142oszewski odni\u00f3s\u0142 si\u0119 do sytuacji Petara Raki\u0107evi\u0107a. Serbski niski skrzyd\u0142owy by\u0142 obecny na hali wraz z innymi zawodnikami, ale jego przysz\u0142o\u015b\u0107 w klubie jest ju\u017c przes\u0105dzona \u2013 brakuje jedynie formalnego domkni\u0119cia rozm\u00f3w. Jak podkre\u015bli\u0142 szkoleniowiec, proces rozstania jest na ostatniej prostej.\" \/>\n\t\t<meta name=\"twitter:image\" content=\"https:\/\/zastalowcy.pl\/wp-content\/uploads\/2025\/09\/cropped-logo-strony-2.png\" \/>\n\t\t<script type=\"application\/ld+json\" class=\"aioseo-schema\">\n\t\t\t{\"@context\":\"https:\\\/\\\/schema.org\",\"@graph\":[{\"@type\":\"BlogPosting\",\"@id\":\"https:\\\/\\\/zastalowcy.pl\\\/?p=766#blogposting\",\"name\":\"Bli\\u017cej ni\\u017c dalej zako\\u0144czenia umowy z Petarem Raki\\u0107evi\\u0107em? -\",\"headline\":\"Bli\\u017cej ni\\u017c dalej zako\\u0144czenia umowy z Petarem Raki\\u0107evi\\u0107em?\",\"author\":{\"@id\":\"https:\\\/\\\/zastalowcy.pl\\\/?author=3#author\"},\"publisher\":{\"@id\":\"https:\\\/\\\/zastalowcy.pl\\\/#organization\"},\"image\":{\"@type\":\"ImageObject\",\"url\":\"https:\\\/\\\/zastalowcy.pl\\\/wp-content\\\/uploads\\\/2025\\\/12\\\/profilowe-16.png\",\"width\":2048,\"height\":2048},\"datePublished\":\"2025-12-05T08:28:32+01:00\",\"dateModified\":\"2025-12-05T08:28:33+01:00\",\"inLanguage\":\"pl-PL\",\"commentCount\":1,\"mainEntityOfPage\":{\"@id\":\"https:\\\/\\\/zastalowcy.pl\\\/?p=766#webpage\"},\"isPartOf\":{\"@id\":\"https:\\\/\\\/zastalowcy.pl\\\/?p=766#webpage\"},\"articleSection\":\"Aktualno\\u015bci, Sezon 2025\\\/2026, basketzg, dru\\u017cyna, koszyk\\u00f3wka, Petar Raki\\u0107evi\\u0107, zastal, zastal zielona g\\u00f3ra, zastalowcy, zielona g\\u00f3ra, zielonagora, zielonog\\u00f3rska koszyk\\u00f3wka\"},{\"@type\":\"BreadcrumbList\",\"@id\":\"https:\\\/\\\/zastalowcy.pl\\\/?p=766#breadcrumblist\",\"itemListElement\":[{\"@type\":\"ListItem\",\"@id\":\"https:\\\/\\\/zastalowcy.pl#listItem\",\"position\":1,\"name\":\"Home\",\"item\":\"https:\\\/\\\/zastalowcy.pl\",\"nextItem\":{\"@type\":\"ListItem\",\"@id\":\"https:\\\/\\\/zastalowcy.pl\\\/?cat=9#listItem\",\"name\":\"Sezon 2025\\\/2026\"}},{\"@type\":\"ListItem\",\"@id\":\"https:\\\/\\\/zastalowcy.pl\\\/?cat=9#listItem\",\"position\":2,\"name\":\"Sezon 2025\\\/2026\",\"item\":\"https:\\\/\\\/zastalowcy.pl\\\/?cat=9\",\"nextItem\":{\"@type\":\"ListItem\",\"@id\":\"https:\\\/\\\/zastalowcy.pl\\\/?p=766#listItem\",\"name\":\"Bli\\u017cej ni\\u017c dalej zako\\u0144czenia umowy z Petarem Raki\\u0107evi\\u0107em?\"},\"previousItem\":{\"@type\":\"ListItem\",\"@id\":\"https:\\\/\\\/zastalowcy.pl#listItem\",\"name\":\"Home\"}},{\"@type\":\"ListItem\",\"@id\":\"https:\\\/\\\/zastalowcy.pl\\\/?p=766#listItem\",\"position\":3,\"name\":\"Bli\\u017cej ni\\u017c dalej zako\\u0144czenia umowy z Petarem Raki\\u0107evi\\u0107em?\",\"previousItem\":{\"@type\":\"ListItem\",\"@id\":\"https:\\\/\\\/zastalowcy.pl\\\/?cat=9#listItem\",\"name\":\"Sezon 2025\\\/2026\"}}]},{\"@type\":\"Organization\",\"@id\":\"https:\\\/\\\/zastalowcy.pl\\\/#organization\",\"description\":\"O Zastalu od kibic\\u00f3w \\u2013 dla kibic\\u00f3w\",\"url\":\"https:\\\/\\\/zastalowcy.pl\\\/\",\"logo\":{\"@type\":\"ImageObject\",\"url\":\"https:\\\/\\\/zastalowcy.pl\\\/wp-content\\\/uploads\\\/2025\\\/09\\\/cropped-logo-strony-2.png\",\"@id\":\"https:\\\/\\\/zastalowcy.pl\\\/?p=766\\\/#organizationLogo\",\"width\":1862,\"height\":384},\"image\":{\"@id\":\"https:\\\/\\\/zastalowcy.pl\\\/?p=766\\\/#organizationLogo\"}},{\"@type\":\"Person\",\"@id\":\"https:\\\/\\\/zastalowcy.pl\\\/?author=3#author\",\"url\":\"https:\\\/\\\/zastalowcy.pl\\\/?author=3\",\"name\":\"Joanna Nawlicka\",\"image\":{\"@type\":\"ImageObject\",\"@id\":\"https:\\\/\\\/zastalowcy.pl\\\/?p=766#authorImage\",\"url\":\"https:\\\/\\\/secure.gravatar.com\\\/avatar\\\/66fc557d97536ff5096b6295970275631b7a4673997738477642001957f5274c?s=96&d=mm&r=g\",\"width\":96,\"height\":96,\"caption\":\"Joanna Nawlicka\"}},{\"@type\":\"WebPage\",\"@id\":\"https:\\\/\\\/zastalowcy.pl\\\/?p=766#webpage\",\"url\":\"https:\\\/\\\/zastalowcy.pl\\\/?p=766\",\"name\":\"Bli\\u017cej ni\\u017c dalej zako\\u0144czenia umowy z Petarem Raki\\u0107evi\\u0107em? -\",\"description\":\"W \\u015brod\\u0119, podczas spotkania z mediami po opcjonalnym treningu Zastalu Zielona G\\u00f3ra, trener Arkadiusz Mi\\u0142oszewski odni\\u00f3s\\u0142 si\\u0119 do sytuacji Petara Raki\\u0107evi\\u0107a. Serbski niski skrzyd\\u0142owy by\\u0142 obecny na hali wraz z innymi zawodnikami, ale jego przysz\\u0142o\\u015b\\u0107 w klubie jest ju\\u017c przes\\u0105dzona \\u2013 brakuje jedynie formalnego domkni\\u0119cia rozm\\u00f3w. Jak podkre\\u015bli\\u0142 szkoleniowiec, proces rozstania jest na ostatniej prostej.\",\"inLanguage\":\"pl-PL\",\"isPartOf\":{\"@id\":\"https:\\\/\\\/zastalowcy.pl\\\/#website\"},\"breadcrumb\":{\"@id\":\"https:\\\/\\\/zastalowcy.pl\\\/?p=766#breadcrumblist\"},\"author\":{\"@id\":\"https:\\\/\\\/zastalowcy.pl\\\/?author=3#author\"},\"creator\":{\"@id\":\"https:\\\/\\\/zastalowcy.pl\\\/?author=3#author\"},\"image\":{\"@type\":\"ImageObject\",\"url\":\"https:\\\/\\\/zastalowcy.pl\\\/wp-content\\\/uploads\\\/2025\\\/12\\\/profilowe-16.png\",\"@id\":\"https:\\\/\\\/zastalowcy.pl\\\/?p=766\\\/#mainImage\",\"width\":2048,\"height\":2048},\"primaryImageOfPage\":{\"@id\":\"https:\\\/\\\/zastalowcy.pl\\\/?p=766#mainImage\"},\"datePublished\":\"2025-12-05T08:28:32+01:00\",\"dateModified\":\"2025-12-05T08:28:33+01:00\"},{\"@type\":\"WebSite\",\"@id\":\"https:\\\/\\\/zastalowcy.pl\\\/#website\",\"url\":\"https:\\\/\\\/zastalowcy.pl\\\/\",\"description\":\"O Zastalu od kibic\\u00f3w \\u2013 dla kibic\\u00f3w\",\"inLanguage\":\"pl-PL\",\"publisher\":{\"@id\":\"https:\\\/\\\/zastalowcy.pl\\\/#organization\"}}]}\n\t\t<\/script>\n\t\t<!-- All in One SEO -->\n\n","aioseo_head_json":{"title":"Bli\u017cej ni\u017c dalej zako\u0144czenia umowy z Petarem Raki\u0107evi\u0107em? -","description":"W \u015brod\u0119, podczas spotkania z mediami po opcjonalnym treningu Zastalu Zielona G\u00f3ra, trener Arkadiusz Mi\u0142oszewski odni\u00f3s\u0142 si\u0119 do sytuacji Petara Raki\u0107evi\u0107a. Serbski niski skrzyd\u0142owy by\u0142 obecny na hali wraz z innymi zawodnikami, ale jego przysz\u0142o\u015b\u0107 w klubie jest ju\u017c przes\u0105dzona \u2013 brakuje jedynie formalnego domkni\u0119cia rozm\u00f3w. Jak podkre\u015bli\u0142 szkoleniowiec, proces rozstania jest na ostatniej prostej.","canonical_url":"https:\/\/zastalowcy.pl\/?p=766","robots":"max-image-preview:large","keywords":"","webmasterTools":{"miscellaneous":""},"schema":{"@context":"https:\/\/schema.org","@graph":[{"@type":"BlogPosting","@id":"https:\/\/zastalowcy.pl\/?p=766#blogposting","name":"Bli\u017cej ni\u017c dalej zako\u0144czenia umowy z Petarem Raki\u0107evi\u0107em? -","headline":"Bli\u017cej ni\u017c dalej zako\u0144czenia umowy z Petarem Raki\u0107evi\u0107em?","author":{"@id":"https:\/\/zastalowcy.pl\/?author=3#author"},"publisher":{"@id":"https:\/\/zastalowcy.pl\/#organization"},"image":{"@type":"ImageObject","url":"https:\/\/zastalowcy.pl\/wp-content\/uploads\/2025\/12\/profilowe-16.png","width":2048,"height":2048},"datePublished":"2025-12-05T08:28:32+01:00","dateModified":"2025-12-05T08:28:33+01:00","inLanguage":"pl-PL","commentCount":1,"mainEntityOfPage":{"@id":"https:\/\/zastalowcy.pl\/?p=766#webpage"},"isPartOf":{"@id":"https:\/\/zastalowcy.pl\/?p=766#webpage"},"articleSection":"Aktualno\u015bci, Sezon 2025\/2026, basketzg, dru\u017cyna, koszyk\u00f3wka, Petar Raki\u0107evi\u0107, zastal, zastal zielona g\u00f3ra, zastalowcy, zielona g\u00f3ra, zielonagora, zielonog\u00f3rska koszyk\u00f3wka"},{"@type":"BreadcrumbList","@id":"https:\/\/zastalowcy.pl\/?p=766#breadcrumblist","itemListElement":[{"@type":"ListItem","@id":"https:\/\/zastalowcy.pl#listItem","position":1,"name":"Home","item":"https:\/\/zastalowcy.pl","nextItem":{"@type":"ListItem","@id":"https:\/\/zastalowcy.pl\/?cat=9#listItem","name":"Sezon 2025\/2026"}},{"@type":"ListItem","@id":"https:\/\/zastalowcy.pl\/?cat=9#listItem","position":2,"name":"Sezon 2025\/2026","item":"https:\/\/zastalowcy.pl\/?cat=9","nextItem":{"@type":"ListItem","@id":"https:\/\/zastalowcy.pl\/?p=766#listItem","name":"Bli\u017cej ni\u017c dalej zako\u0144czenia umowy z Petarem Raki\u0107evi\u0107em?"},"previousItem":{"@type":"ListItem","@id":"https:\/\/zastalowcy.pl#listItem","name":"Home"}},{"@type":"ListItem","@id":"https:\/\/zastalowcy.pl\/?p=766#listItem","position":3,"name":"Bli\u017cej ni\u017c dalej zako\u0144czenia umowy z Petarem Raki\u0107evi\u0107em?","previousItem":{"@type":"ListItem","@id":"https:\/\/zastalowcy.pl\/?cat=9#listItem","name":"Sezon 2025\/2026"}}]},{"@type":"Organization","@id":"https:\/\/zastalowcy.pl\/#organization","description":"O Zastalu od kibic\u00f3w \u2013 dla kibic\u00f3w","url":"https:\/\/zastalowcy.pl\/","logo":{"@type":"ImageObject","url":"https:\/\/zastalowcy.pl\/wp-content\/uploads\/2025\/09\/cropped-logo-strony-2.png","@id":"https:\/\/zastalowcy.pl\/?p=766\/#organizationLogo","width":1862,"height":384},"image":{"@id":"https:\/\/zastalowcy.pl\/?p=766\/#organizationLogo"}},{"@type":"Person","@id":"https:\/\/zastalowcy.pl\/?author=3#author","url":"https:\/\/zastalowcy.pl\/?author=3","name":"Joanna Nawlicka","image":{"@type":"ImageObject","@id":"https:\/\/zastalowcy.pl\/?p=766#authorImage","url":"https:\/\/secure.gravatar.com\/avatar\/66fc557d97536ff5096b6295970275631b7a4673997738477642001957f5274c?s=96&d=mm&r=g","width":96,"height":96,"caption":"Joanna Nawlicka"}},{"@type":"WebPage","@id":"https:\/\/zastalowcy.pl\/?p=766#webpage","url":"https:\/\/zastalowcy.pl\/?p=766","name":"Bli\u017cej ni\u017c dalej zako\u0144czenia umowy z Petarem Raki\u0107evi\u0107em? -","description":"W \u015brod\u0119, podczas spotkania z mediami po opcjonalnym treningu Zastalu Zielona G\u00f3ra, trener Arkadiusz Mi\u0142oszewski odni\u00f3s\u0142 si\u0119 do sytuacji Petara Raki\u0107evi\u0107a. Serbski niski skrzyd\u0142owy by\u0142 obecny na hali wraz z innymi zawodnikami, ale jego przysz\u0142o\u015b\u0107 w klubie jest ju\u017c przes\u0105dzona \u2013 brakuje jedynie formalnego domkni\u0119cia rozm\u00f3w. Jak podkre\u015bli\u0142 szkoleniowiec, proces rozstania jest na ostatniej prostej.","inLanguage":"pl-PL","isPartOf":{"@id":"https:\/\/zastalowcy.pl\/#website"},"breadcrumb":{"@id":"https:\/\/zastalowcy.pl\/?p=766#breadcrumblist"},"author":{"@id":"https:\/\/zastalowcy.pl\/?author=3#author"},"creator":{"@id":"https:\/\/zastalowcy.pl\/?author=3#author"},"image":{"@type":"ImageObject","url":"https:\/\/zastalowcy.pl\/wp-content\/uploads\/2025\/12\/profilowe-16.png","@id":"https:\/\/zastalowcy.pl\/?p=766\/#mainImage","width":2048,"height":2048},"primaryImageOfPage":{"@id":"https:\/\/zastalowcy.pl\/?p=766#mainImage"},"datePublished":"2025-12-05T08:28:32+01:00","dateModified":"2025-12-05T08:28:33+01:00"},{"@type":"WebSite","@id":"https:\/\/zastalowcy.pl\/#website","url":"https:\/\/zastalowcy.pl\/","description":"O Zastalu od kibic\u00f3w \u2013 dla kibic\u00f3w","inLanguage":"pl-PL","publisher":{"@id":"https:\/\/zastalowcy.pl\/#organization"}}]},"og:locale":"pl_PL","og:site_name":"- O Zastalu od kibic\u00f3w \u2013 dla kibic\u00f3w","og:type":"article","og:title":"Bli\u017cej ni\u017c dalej zako\u0144czenia umowy z Petarem Raki\u0107evi\u0107em? -","og:description":"W \u015brod\u0119, podczas spotkania z mediami po opcjonalnym treningu Zastalu Zielona G\u00f3ra, trener Arkadiusz Mi\u0142oszewski odni\u00f3s\u0142 si\u0119 do sytuacji Petara Raki\u0107evi\u0107a. Serbski niski skrzyd\u0142owy by\u0142 obecny na hali wraz z innymi zawodnikami, ale jego przysz\u0142o\u015b\u0107 w klubie jest ju\u017c przes\u0105dzona \u2013 brakuje jedynie formalnego domkni\u0119cia rozm\u00f3w. Jak podkre\u015bli\u0142 szkoleniowiec, proces rozstania jest na ostatniej prostej.","og:url":"https:\/\/zastalowcy.pl\/?p=766","og:image":"https:\/\/zastalowcy.pl\/wp-content\/uploads\/2025\/09\/cropped-logo-strony-2.png","og:image:secure_url":"https:\/\/zastalowcy.pl\/wp-content\/uploads\/2025\/09\/cropped-logo-strony-2.png","og:image:width":1862,"og:image:height":384,"article:published_time":"2025-12-05T07:28:32+00:00","article:modified_time":"2025-12-05T07:28:33+00:00","twitter:card":"summary_large_image","twitter:title":"Bli\u017cej ni\u017c dalej zako\u0144czenia umowy z Petarem Raki\u0107evi\u0107em? -","twitter:description":"W \u015brod\u0119, podczas spotkania z mediami po opcjonalnym treningu Zastalu Zielona G\u00f3ra, trener Arkadiusz Mi\u0142oszewski odni\u00f3s\u0142 si\u0119 do sytuacji Petara Raki\u0107evi\u0107a. Serbski niski skrzyd\u0142owy by\u0142 obecny na hali wraz z innymi zawodnikami, ale jego przysz\u0142o\u015b\u0107 w klubie jest ju\u017c przes\u0105dzona \u2013 brakuje jedynie formalnego domkni\u0119cia rozm\u00f3w. Jak podkre\u015bli\u0142 szkoleniowiec, proces rozstania jest na ostatniej prostej.","twitter:image":"https:\/\/zastalowcy.pl\/wp-content\/uploads\/2025\/09\/cropped-logo-strony-2.png"},"aioseo_meta_data":{"post_id":"766","title":null,"description":null,"keywords":null,"keyphrases":null,"primary_term":null,"canonical_url":null,"og_title":null,"og_description":null,"og_object_type":"default","og_image_type":"default","og_image_custom_url":null,"og_image_custom_fields":null,"og_image_url":null,"og_image_width":null,"og_image_height":null,"og_video":null,"og_custom_url":null,"og_article_section":null,"og_article_tags":null,"twitter_use_og":false,"twitter_card":"default","twitter_image_type":"default","twitter_image_custom_url":null,"twitter_image_custom_fields":null,"twitter_image_url":null,"twitter_title":null,"twitter_description":null,"schema_type":"default","schema_type_options":null,"schema":{"blockGraphs":[],"customGraphs":[],"default":{"data":{"Article":[],"Course":[],"Dataset":[],"FAQPage":[],"Movie":[],"Person":[],"Product":[],"ProductReview":[],"Car":[],"Recipe":[],"Service":[],"SoftwareApplication":[],"WebPage":[]},"graphName":"","isEnabled":true},"graphs":[]},"pillar_content":false,"robots_default":true,"robots_noindex":false,"robots_noarchive":false,"robots_nosnippet":false,"robots_nofollow":false,"robots_noimageindex":false,"robots_noodp":false,"robots_notranslate":false,"robots_max_snippet":null,"robots_max_videopreview":null,"robots_max_imagepreview":"large","priority":null,"frequency":null,"local_seo":null,"limit_modified_date":false,"ai":null,"breadcrumb_settings":null,"seo_analyzer_scan_date":null,"created":"2026-07-15 16:45:30","updated":"2026-07-15 16:45:30","focus_keyword":null,"additional_keywords":null,"truseo_locale":null},"aioseo_breadcrumb":"<div class=\"aioseo-breadcrumbs\"><span class=\"aioseo-breadcrumb\">\n\t\t\t<a href=\"https:\/\/zastalowcy.pl\" title=\"Home\">Home<\/a>\n\t\t<\/span><span class=\"aioseo-breadcrumb-separator\">&raquo;<\/span><span class=\"aioseo-breadcrumb\">\n\t\t\t<a href=\"https:\/\/zastalowcy.pl\/?cat=9\" title=\"Sezon 2025\/2026\">Sezon 2025\/2026<\/a>\n\t\t<\/span><span class=\"aioseo-breadcrumb-separator\">&raquo;<\/span><span class=\"aioseo-breadcrumb\">\n\t\t\tBli\u017cej ni\u017c dalej zako\u0144czenia umowy z Petarem Raki\u0107evi\u0107em?\n\t\t<\/span><\/div>","aioseo_breadcrumb_json":[{"label":"Home","link":"https:\/\/zastalowcy.pl"},{"label":"Sezon 2025\/2026","link":"https:\/\/zastalowcy.pl\/?cat=9"},{"label":"Bli\u017cej ni\u017c dalej zako\u0144czenia umowy z Petarem Raki\u0107evi\u0107em?","link":"https:\/\/zastalowcy.pl\/?p=766"}],"_links":{"self":[{"href":"https:\/\/zastalowcy.pl\/index.php?rest_route=\/wp\/v2\/posts\/766","targetHints":{"allow":["GET"]}}],"collection":[{"href":"https:\/\/zastalowcy.pl\/index.php?rest_route=\/wp\/v2\/posts"}],"about":[{"href":"https:\/\/zastalowcy.pl\/index.php?rest_route=\/wp\/v2\/types\/post"}],"author":[{"embeddable":true,"href":"https:\/\/zastalowcy.pl\/index.php?rest_route=\/wp\/v2\/users\/3"}],"replies":[{"embeddable":true,"href":"https:\/\/zastalowcy.pl\/index.php?rest_route=%2Fwp%2Fv2%2Fcomments&post=766"}],"version-history":[{"count":2,"href":"https:\/\/zastalowcy.pl\/index.php?rest_route=\/wp\/v2\/posts\/766\/revisions"}],"predecessor-version":[{"id":769,"href":"https:\/\/zastalowcy.pl\/index.php?rest_route=\/wp\/v2\/posts\/766\/revisions\/769"}],"wp:featuredmedia":[{"embeddable":true,"href":"https:\/\/zastalowcy.pl\/index.php?rest_route=\/wp\/v2\/media\/768"}],"wp:attachment":[{"href":"https:\/\/zastalowcy.pl\/index.php?rest_route=%2Fwp%2Fv2%2Fmedia&parent=766"}],"wp:term":[{"taxonomy":"category","embeddable":true,"href":"https:\/\/zastalowcy.pl\/index.php?rest_route=%2Fwp%2Fv2%2Fcategories&post=766"},{"taxonomy":"post_tag","embeddable":true,"href":"https:\/\/zastalowcy.pl\/index.php?rest_route=%2Fwp%2Fv2%2Ftags&post=766"}],"curies":[{"name":"wp","href":"https:\/\/api.w.org\/{rel}","templated":true}]}}