{"id":773,"date":"2025-12-06T17:30:13","date_gmt":"2025-12-06T16:30:13","guid":{"rendered":"https:\/\/zastalowcy.pl\/?p=773"},"modified":"2025-12-06T17:30:14","modified_gmt":"2025-12-06T16:30:14","slug":"sytuacja-kadrowa-zastalu-przed-meczem-w-slupsku-matczak-dzis-poza-skladem-niejasna-przyszlosc-gorenczyka","status":"publish","type":"post","link":"https:\/\/zastalowcy.pl\/?p=773","title":{"rendered":"Sytuacja kadrowa Zastalu przed meczem w S\u0142upsku. Matczak dzi\u015b poza sk\u0142adem, niejasna przysz\u0142o\u015b\u0107 G\u00f3re\u0144czyka"},"content":{"rendered":"\n<p class=\"wp-block-paragraph\">\u015arodowy trening Zastalu poprzedzaj\u0105cy wyjazd na mecz z Czarnymi S\u0142upsk przyni\u00f3s\u0142 kilka wa\u017cnych informacji dotycz\u0105cych sytuacji zdrowotnej zawodnik\u00f3w oraz mo\u017cliwych zmian w sk\u0142adzie dru\u017cyny. Jak przekaza\u0142 trener Arkadiusz Mi\u0142oszewski, zesp\u00f3\u0142 wci\u0105\u017c funkcjonuje w trybie \u201e\u0142atania brak\u00f3w\u201d, a ka\u017cde kolejne urazy dodatkowo komplikuj\u0105 rotacj\u0119.<\/p>\n\n\n\n<h3 class=\"wp-block-heading\"><strong>Matczak wraca do trening\u00f3w, ale nie zagra w S\u0142upsku<\/strong><\/h3>\n\n\n\n<p class=\"wp-block-paragraph\">Filip Matczak nadal zmaga si\u0119 z problemem zdrowotnym, kt\u00f3ry wyklucza go z dzisiejszego meczu. Zawodnik przeszed\u0142 seri\u0119 zabieg\u00f3w oraz ponad dziesi\u0119ciodniow\u0105 przerw\u0119 od mocnych obci\u0105\u017ce\u0144. Trener potwierdzi\u0142, \u017ce rozgrywaj\u0105cy wznowi\u0142 ju\u017c trening indywidualny i stopniowo b\u0119dzie wprowadzany do zaj\u0119\u0107 z dru\u017cyn\u0105.<\/p>\n\n\n\n<p class=\"wp-block-paragraph\">\u2013 Filip jest po rekonwalescencji, wraca do trening\u00f3w i zobaczymy, jak jego organizm zareaguje. To przeci\u0105\u017ceniowy problem z przywodzicielem, lekarze zak\u0142adaj\u0105, \u017ce zabieg i przerwa powinny przynie\u015b\u0107 pe\u0142n\u0105 regeneracj\u0119. Najbli\u017csze treningi poka\u017c\u0105, czy b\u00f3l ust\u0105pi\u0142 i czy wr\u00f3ci do pe\u0142nej dyspozycji \u2013 wyja\u015bni\u0142 trener Mi\u0142oszewski.<\/p>\n\n\n\n<p class=\"wp-block-paragraph\">Sztab nie zamierza ryzykowa\u0107 pogorszenia urazu, dlatego Matczak nie pojawi si\u0119 dzi\u015b w kadrze meczowej.<\/p>\n\n\n\n<h3 class=\"wp-block-heading\"><strong>G\u00f3re\u0144czyk wci\u0105\u017c nie w pe\u0142ni zdrowy. Decyzje dopiero przed lekarzami<\/strong><\/h3>\n\n\n\n<p class=\"wp-block-paragraph\">Wi\u0119ksze w\u0105tpliwo\u015bci dotycz\u0105 Mi\u0142osza G\u00f3re\u0144czyka. Jego sytuacja zdrowotna nie jest jeszcze w pe\u0142ni wyja\u015bniona, mimo \u017ce zawodnik wyst\u0105pi\u0142 na kilka minut w ostatnim meczu w Toruniu. \u2013 By\u0142 robiony rezonans. Czekamy na decyzj\u0119 lekarza, bo skr\u0119cenie stawu skokowego bardzo si\u0119 przeci\u0105ga \u2013 to ju\u017c ponad dwa miesi\u0105ce. Na razie nie jest w pe\u0142ni gotowy do regularnej gry \u2013 m\u00f3wi trener.<\/p>\n\n\n\n<h3 class=\"wp-block-heading\"><strong>Mo\u017cliwe ruchy kadrowe? \u201eKa\u017cdy zawodnik jest nam potrzebny\u201d<\/strong><\/h3>\n\n\n\n<p class=\"wp-block-paragraph\">W \u015brodowej rozmowie z mediami trener Mi\u0142oszewski odni\u00f3s\u0142 si\u0119 r\u00f3wnie\u017c do pytania o ewentualne zwolnienia lub zmiany w sk\u0142adzie. Zaznaczy\u0142, \u017ce klub nie prowadzi obecnie takich dzia\u0142a\u0144, aby kogo\u015b po\u017cegna\u0107, bo sytuacja zdrowotna zespo\u0142u sprawia, \u017ce ka\u017cda para r\u0105k jest cenna. \u2013 Ten roster mo\u017ce si\u0119 ruszy\u0107 w ka\u017cdej chwili, ale przy naszych brakach ka\u017cdy zawodnik jest nam potrzebny. Nie przewidujemy \u017cadnych rozsta\u0144 na ten moment \u2013 podkre\u015bli\u0142.<\/p>\n\n\n\n<h3 class=\"wp-block-heading\"><strong>Walka o minuty trwa<\/strong><\/h3>\n\n\n\n<p class=\"wp-block-paragraph\">Trener doda\u0142, \u017ce po powrotach na treningi pojawi si\u0119 r\u00f3wnie\u017c wewn\u0119trzna rywalizacja o miejsce w sk\u0142adzie, co ma pom\u00f3c zespo\u0142owi podnie\u015b\u0107 jako\u015b\u0107 gry w trakcie trudnego okresu. \u2013 Rywalizacja na pozycjach wkr\u00f3tce si\u0119 zwi\u0119kszy \u2013 zaznaczy\u0142.<\/p>\n\n\n\n<p class=\"wp-block-paragraph\">Pewne jest, \u017ce w sk\u0142adzie na pewno nie b\u0119dzie Petara Raki\u0107evi\u0107a. Wi\u0119cej o tym mo\u017cecie przeczyta\u0107 <a href=\"https:\/\/zastalowcy.pl\/?p=766\">TUTAJ<\/a>.<\/p>\n\n\n\n<p class=\"wp-block-paragraph\">\ud83c\udfc0 Zastalowcy.pl \u2013 o Zastalu od kibic\u00f3w \u2013 dla kibic\u00f3w<\/p>\n","protected":false},"excerpt":{"rendered":"<p>\u015arodowy trening Zastalu poprzedzaj\u0105cy wyjazd na mecz z Czarnymi S\u0142upsk przyni\u00f3s\u0142 kilka wa\u017cnych informacji dotycz\u0105cych sytuacji zdrowotnej zawodnik\u00f3w<\/p>\n","protected":false},"author":3,"featured_media":774,"comment_status":"open","ping_status":"open","sticky":false,"template":"","format":"standard","meta":{"om_disable_all_campaigns":false,"footnotes":""},"categories":[18,9,8],"tags":[17,26,15,12,14,42,11,10,16],"class_list":["post-773","post","type-post","status-publish","format-standard","has-post-thumbnail","hentry","category-aktualnosci","category-sezon-2025-2026","category-wiadomosci-z-klubu","tag-basketzg","tag-druzyna","tag-koszykowka","tag-zastal","tag-zastal-zielona-gora","tag-zastalowcy","tag-zielona-gora","tag-zielonagora","tag-zielonogorska-koszykowka"],"aioseo_notices":[],"aioseo_head":"\n\t\t<!-- All in One SEO 5.0.0.1 - aioseo.com -->\n\t<meta name=\"description\" content=\"\u015arodowy trening Zastalu poprzedzaj\u0105cy wyjazd na mecz z Czarnymi S\u0142upsk przyni\u00f3s\u0142 kilka wa\u017cnych informacji dotycz\u0105cych sytuacji zdrowotnej zawodnik\u00f3w oraz mo\u017cliwych zmian w sk\u0142adzie dru\u017cyny. Jak przekaza\u0142 trener Arkadiusz Mi\u0142oszewski, zesp\u00f3\u0142 wci\u0105\u017c funkcjonuje w trybie \u201e\u0142atania brak\u00f3w\u201d, a ka\u017cde kolejne urazy dodatkowo komplikuj\u0105 rotacj\u0119. Matczak wraca do trening\u00f3w, ale nie zagra w S\u0142upsku Filip Matczak nadal\" \/>\n\t<meta name=\"robots\" content=\"max-image-preview:large\" \/>\n\t<meta name=\"author\" content=\"Joanna Nawlicka\"\/>\n\t<link rel=\"canonical\" href=\"https:\/\/zastalowcy.pl\/?p=773\" \/>\n\t<meta name=\"generator\" content=\"All in One SEO (AIOSEO) 5.0.0.1\" \/>\n\t\t<meta property=\"og:locale\" content=\"pl_PL\" \/>\n\t\t<meta property=\"og:site_name\" content=\"- O Zastalu od kibic\u00f3w \u2013 dla kibic\u00f3w\" \/>\n\t\t<meta property=\"og:type\" content=\"article\" \/>\n\t\t<meta property=\"og:title\" content=\"Sytuacja kadrowa Zastalu przed meczem w S\u0142upsku. Matczak dzi\u015b poza sk\u0142adem, niejasna przysz\u0142o\u015b\u0107 G\u00f3re\u0144czyka -\" \/>\n\t\t<meta property=\"og:description\" content=\"\u015arodowy trening Zastalu poprzedzaj\u0105cy wyjazd na mecz z Czarnymi S\u0142upsk przyni\u00f3s\u0142 kilka wa\u017cnych informacji dotycz\u0105cych sytuacji zdrowotnej zawodnik\u00f3w oraz mo\u017cliwych zmian w sk\u0142adzie dru\u017cyny. Jak przekaza\u0142 trener Arkadiusz Mi\u0142oszewski, zesp\u00f3\u0142 wci\u0105\u017c funkcjonuje w trybie \u201e\u0142atania brak\u00f3w\u201d, a ka\u017cde kolejne urazy dodatkowo komplikuj\u0105 rotacj\u0119. Matczak wraca do trening\u00f3w, ale nie zagra w S\u0142upsku Filip Matczak nadal\" \/>\n\t\t<meta property=\"og:url\" content=\"https:\/\/zastalowcy.pl\/?p=773\" \/>\n\t\t<meta property=\"og:image\" content=\"https:\/\/zastalowcy.pl\/wp-content\/uploads\/2025\/09\/cropped-logo-strony-2.png\" \/>\n\t\t<meta property=\"og:image:secure_url\" content=\"https:\/\/zastalowcy.pl\/wp-content\/uploads\/2025\/09\/cropped-logo-strony-2.png\" \/>\n\t\t<meta property=\"og:image:width\" content=\"1862\" \/>\n\t\t<meta property=\"og:image:height\" content=\"384\" \/>\n\t\t<meta property=\"article:published_time\" content=\"2025-12-06T16:30:13+00:00\" \/>\n\t\t<meta property=\"article:modified_time\" content=\"2025-12-06T16:30:14+00:00\" \/>\n\t\t<meta name=\"twitter:card\" content=\"summary_large_image\" \/>\n\t\t<meta name=\"twitter:title\" content=\"Sytuacja kadrowa Zastalu przed meczem w S\u0142upsku. Matczak dzi\u015b poza sk\u0142adem, niejasna przysz\u0142o\u015b\u0107 G\u00f3re\u0144czyka -\" \/>\n\t\t<meta name=\"twitter:description\" content=\"\u015arodowy trening Zastalu poprzedzaj\u0105cy wyjazd na mecz z Czarnymi S\u0142upsk przyni\u00f3s\u0142 kilka wa\u017cnych informacji dotycz\u0105cych sytuacji zdrowotnej zawodnik\u00f3w oraz mo\u017cliwych zmian w sk\u0142adzie dru\u017cyny. Jak przekaza\u0142 trener Arkadiusz Mi\u0142oszewski, zesp\u00f3\u0142 wci\u0105\u017c funkcjonuje w trybie \u201e\u0142atania brak\u00f3w\u201d, a ka\u017cde kolejne urazy dodatkowo komplikuj\u0105 rotacj\u0119. Matczak wraca do trening\u00f3w, ale nie zagra w S\u0142upsku Filip Matczak nadal\" \/>\n\t\t<meta name=\"twitter:image\" content=\"https:\/\/zastalowcy.pl\/wp-content\/uploads\/2025\/09\/cropped-logo-strony-2.png\" \/>\n\t\t<script type=\"application\/ld+json\" class=\"aioseo-schema\">\n\t\t\t{\"@context\":\"https:\\\/\\\/schema.org\",\"@graph\":[{\"@type\":\"BlogPosting\",\"@id\":\"https:\\\/\\\/zastalowcy.pl\\\/?p=773#blogposting\",\"name\":\"Sytuacja kadrowa Zastalu przed meczem w S\\u0142upsku. Matczak dzi\\u015b poza sk\\u0142adem, niejasna przysz\\u0142o\\u015b\\u0107 G\\u00f3re\\u0144czyka -\",\"headline\":\"Sytuacja kadrowa Zastalu przed meczem w S\\u0142upsku. Matczak dzi\\u015b poza sk\\u0142adem, niejasna przysz\\u0142o\\u015b\\u0107 G\\u00f3re\\u0144czyka\",\"author\":{\"@id\":\"https:\\\/\\\/zastalowcy.pl\\\/?author=3#author\"},\"publisher\":{\"@id\":\"https:\\\/\\\/zastalowcy.pl\\\/#organization\"},\"image\":{\"@type\":\"ImageObject\",\"url\":\"https:\\\/\\\/zastalowcy.pl\\\/wp-content\\\/uploads\\\/2025\\\/12\\\/profilowe-18.png\",\"width\":2048,\"height\":2048},\"datePublished\":\"2025-12-06T17:30:13+01:00\",\"dateModified\":\"2025-12-06T17:30:14+01:00\",\"inLanguage\":\"pl-PL\",\"mainEntityOfPage\":{\"@id\":\"https:\\\/\\\/zastalowcy.pl\\\/?p=773#webpage\"},\"isPartOf\":{\"@id\":\"https:\\\/\\\/zastalowcy.pl\\\/?p=773#webpage\"},\"articleSection\":\"Aktualno\\u015bci, Sezon 2025\\\/2026, Wiadomo\\u015bci z klubu, basketzg, dru\\u017cyna, koszyk\\u00f3wka, zastal, zastal zielona g\\u00f3ra, zastalowcy, zielona g\\u00f3ra, zielonagora, zielonog\\u00f3rska koszyk\\u00f3wka\"},{\"@type\":\"BreadcrumbList\",\"@id\":\"https:\\\/\\\/zastalowcy.pl\\\/?p=773#breadcrumblist\",\"itemListElement\":[{\"@type\":\"ListItem\",\"@id\":\"https:\\\/\\\/zastalowcy.pl#listItem\",\"position\":1,\"name\":\"Home\",\"item\":\"https:\\\/\\\/zastalowcy.pl\",\"nextItem\":{\"@type\":\"ListItem\",\"@id\":\"https:\\\/\\\/zastalowcy.pl\\\/?cat=8#listItem\",\"name\":\"Wiadomo\\u015bci z klubu\"}},{\"@type\":\"ListItem\",\"@id\":\"https:\\\/\\\/zastalowcy.pl\\\/?cat=8#listItem\",\"position\":2,\"name\":\"Wiadomo\\u015bci z klubu\",\"item\":\"https:\\\/\\\/zastalowcy.pl\\\/?cat=8\",\"nextItem\":{\"@type\":\"ListItem\",\"@id\":\"https:\\\/\\\/zastalowcy.pl\\\/?p=773#listItem\",\"name\":\"Sytuacja kadrowa Zastalu przed meczem w S\\u0142upsku. Matczak dzi\\u015b poza sk\\u0142adem, niejasna przysz\\u0142o\\u015b\\u0107 G\\u00f3re\\u0144czyka\"},\"previousItem\":{\"@type\":\"ListItem\",\"@id\":\"https:\\\/\\\/zastalowcy.pl#listItem\",\"name\":\"Home\"}},{\"@type\":\"ListItem\",\"@id\":\"https:\\\/\\\/zastalowcy.pl\\\/?p=773#listItem\",\"position\":3,\"name\":\"Sytuacja kadrowa Zastalu przed meczem w S\\u0142upsku. Matczak dzi\\u015b poza sk\\u0142adem, niejasna przysz\\u0142o\\u015b\\u0107 G\\u00f3re\\u0144czyka\",\"previousItem\":{\"@type\":\"ListItem\",\"@id\":\"https:\\\/\\\/zastalowcy.pl\\\/?cat=8#listItem\",\"name\":\"Wiadomo\\u015bci z klubu\"}}]},{\"@type\":\"Organization\",\"@id\":\"https:\\\/\\\/zastalowcy.pl\\\/#organization\",\"description\":\"O Zastalu od kibic\\u00f3w \\u2013 dla kibic\\u00f3w\",\"url\":\"https:\\\/\\\/zastalowcy.pl\\\/\",\"logo\":{\"@type\":\"ImageObject\",\"url\":\"https:\\\/\\\/zastalowcy.pl\\\/wp-content\\\/uploads\\\/2025\\\/09\\\/cropped-logo-strony-2.png\",\"@id\":\"https:\\\/\\\/zastalowcy.pl\\\/?p=773\\\/#organizationLogo\",\"width\":1862,\"height\":384},\"image\":{\"@id\":\"https:\\\/\\\/zastalowcy.pl\\\/?p=773\\\/#organizationLogo\"}},{\"@type\":\"Person\",\"@id\":\"https:\\\/\\\/zastalowcy.pl\\\/?author=3#author\",\"url\":\"https:\\\/\\\/zastalowcy.pl\\\/?author=3\",\"name\":\"Joanna Nawlicka\",\"image\":{\"@type\":\"ImageObject\",\"@id\":\"https:\\\/\\\/zastalowcy.pl\\\/?p=773#authorImage\",\"url\":\"https:\\\/\\\/secure.gravatar.com\\\/avatar\\\/66fc557d97536ff5096b6295970275631b7a4673997738477642001957f5274c?s=96&d=mm&r=g\",\"width\":96,\"height\":96,\"caption\":\"Joanna Nawlicka\"}},{\"@type\":\"WebPage\",\"@id\":\"https:\\\/\\\/zastalowcy.pl\\\/?p=773#webpage\",\"url\":\"https:\\\/\\\/zastalowcy.pl\\\/?p=773\",\"name\":\"Sytuacja kadrowa Zastalu przed meczem w S\\u0142upsku. Matczak dzi\\u015b poza sk\\u0142adem, niejasna przysz\\u0142o\\u015b\\u0107 G\\u00f3re\\u0144czyka -\",\"description\":\"\\u015arodowy trening Zastalu poprzedzaj\\u0105cy wyjazd na mecz z Czarnymi S\\u0142upsk przyni\\u00f3s\\u0142 kilka wa\\u017cnych informacji dotycz\\u0105cych sytuacji zdrowotnej zawodnik\\u00f3w oraz mo\\u017cliwych zmian w sk\\u0142adzie dru\\u017cyny. Jak przekaza\\u0142 trener Arkadiusz Mi\\u0142oszewski, zesp\\u00f3\\u0142 wci\\u0105\\u017c funkcjonuje w trybie \\u201e\\u0142atania brak\\u00f3w\\u201d, a ka\\u017cde kolejne urazy dodatkowo komplikuj\\u0105 rotacj\\u0119. Matczak wraca do trening\\u00f3w, ale nie zagra w S\\u0142upsku Filip Matczak nadal\",\"inLanguage\":\"pl-PL\",\"isPartOf\":{\"@id\":\"https:\\\/\\\/zastalowcy.pl\\\/#website\"},\"breadcrumb\":{\"@id\":\"https:\\\/\\\/zastalowcy.pl\\\/?p=773#breadcrumblist\"},\"author\":{\"@id\":\"https:\\\/\\\/zastalowcy.pl\\\/?author=3#author\"},\"creator\":{\"@id\":\"https:\\\/\\\/zastalowcy.pl\\\/?author=3#author\"},\"image\":{\"@type\":\"ImageObject\",\"url\":\"https:\\\/\\\/zastalowcy.pl\\\/wp-content\\\/uploads\\\/2025\\\/12\\\/profilowe-18.png\",\"@id\":\"https:\\\/\\\/zastalowcy.pl\\\/?p=773\\\/#mainImage\",\"width\":2048,\"height\":2048},\"primaryImageOfPage\":{\"@id\":\"https:\\\/\\\/zastalowcy.pl\\\/?p=773#mainImage\"},\"datePublished\":\"2025-12-06T17:30:13+01:00\",\"dateModified\":\"2025-12-06T17:30:14+01:00\"},{\"@type\":\"WebSite\",\"@id\":\"https:\\\/\\\/zastalowcy.pl\\\/#website\",\"url\":\"https:\\\/\\\/zastalowcy.pl\\\/\",\"description\":\"O Zastalu od kibic\\u00f3w \\u2013 dla kibic\\u00f3w\",\"inLanguage\":\"pl-PL\",\"publisher\":{\"@id\":\"https:\\\/\\\/zastalowcy.pl\\\/#organization\"}}]}\n\t\t<\/script>\n\t\t<!-- All in One SEO -->\n\n","aioseo_head_json":{"title":"Sytuacja kadrowa Zastalu przed meczem w S\u0142upsku. Matczak dzi\u015b poza sk\u0142adem, niejasna przysz\u0142o\u015b\u0107 G\u00f3re\u0144czyka -","description":"\u015arodowy trening Zastalu poprzedzaj\u0105cy wyjazd na mecz z Czarnymi S\u0142upsk przyni\u00f3s\u0142 kilka wa\u017cnych informacji dotycz\u0105cych sytuacji zdrowotnej zawodnik\u00f3w oraz mo\u017cliwych zmian w sk\u0142adzie dru\u017cyny. Jak przekaza\u0142 trener Arkadiusz Mi\u0142oszewski, zesp\u00f3\u0142 wci\u0105\u017c funkcjonuje w trybie \u201e\u0142atania brak\u00f3w\u201d, a ka\u017cde kolejne urazy dodatkowo komplikuj\u0105 rotacj\u0119. Matczak wraca do trening\u00f3w, ale nie zagra w S\u0142upsku Filip Matczak nadal","canonical_url":"https:\/\/zastalowcy.pl\/?p=773","robots":"max-image-preview:large","keywords":"","webmasterTools":{"miscellaneous":""},"schema":{"@context":"https:\/\/schema.org","@graph":[{"@type":"BlogPosting","@id":"https:\/\/zastalowcy.pl\/?p=773#blogposting","name":"Sytuacja kadrowa Zastalu przed meczem w S\u0142upsku. Matczak dzi\u015b poza sk\u0142adem, niejasna przysz\u0142o\u015b\u0107 G\u00f3re\u0144czyka -","headline":"Sytuacja kadrowa Zastalu przed meczem w S\u0142upsku. Matczak dzi\u015b poza sk\u0142adem, niejasna przysz\u0142o\u015b\u0107 G\u00f3re\u0144czyka","author":{"@id":"https:\/\/zastalowcy.pl\/?author=3#author"},"publisher":{"@id":"https:\/\/zastalowcy.pl\/#organization"},"image":{"@type":"ImageObject","url":"https:\/\/zastalowcy.pl\/wp-content\/uploads\/2025\/12\/profilowe-18.png","width":2048,"height":2048},"datePublished":"2025-12-06T17:30:13+01:00","dateModified":"2025-12-06T17:30:14+01:00","inLanguage":"pl-PL","mainEntityOfPage":{"@id":"https:\/\/zastalowcy.pl\/?p=773#webpage"},"isPartOf":{"@id":"https:\/\/zastalowcy.pl\/?p=773#webpage"},"articleSection":"Aktualno\u015bci, Sezon 2025\/2026, Wiadomo\u015bci z klubu, basketzg, dru\u017cyna, koszyk\u00f3wka, zastal, zastal zielona g\u00f3ra, zastalowcy, zielona g\u00f3ra, zielonagora, zielonog\u00f3rska koszyk\u00f3wka"},{"@type":"BreadcrumbList","@id":"https:\/\/zastalowcy.pl\/?p=773#breadcrumblist","itemListElement":[{"@type":"ListItem","@id":"https:\/\/zastalowcy.pl#listItem","position":1,"name":"Home","item":"https:\/\/zastalowcy.pl","nextItem":{"@type":"ListItem","@id":"https:\/\/zastalowcy.pl\/?cat=8#listItem","name":"Wiadomo\u015bci z klubu"}},{"@type":"ListItem","@id":"https:\/\/zastalowcy.pl\/?cat=8#listItem","position":2,"name":"Wiadomo\u015bci z klubu","item":"https:\/\/zastalowcy.pl\/?cat=8","nextItem":{"@type":"ListItem","@id":"https:\/\/zastalowcy.pl\/?p=773#listItem","name":"Sytuacja kadrowa Zastalu przed meczem w S\u0142upsku. Matczak dzi\u015b poza sk\u0142adem, niejasna przysz\u0142o\u015b\u0107 G\u00f3re\u0144czyka"},"previousItem":{"@type":"ListItem","@id":"https:\/\/zastalowcy.pl#listItem","name":"Home"}},{"@type":"ListItem","@id":"https:\/\/zastalowcy.pl\/?p=773#listItem","position":3,"name":"Sytuacja kadrowa Zastalu przed meczem w S\u0142upsku. Matczak dzi\u015b poza sk\u0142adem, niejasna przysz\u0142o\u015b\u0107 G\u00f3re\u0144czyka","previousItem":{"@type":"ListItem","@id":"https:\/\/zastalowcy.pl\/?cat=8#listItem","name":"Wiadomo\u015bci z klubu"}}]},{"@type":"Organization","@id":"https:\/\/zastalowcy.pl\/#organization","description":"O Zastalu od kibic\u00f3w \u2013 dla kibic\u00f3w","url":"https:\/\/zastalowcy.pl\/","logo":{"@type":"ImageObject","url":"https:\/\/zastalowcy.pl\/wp-content\/uploads\/2025\/09\/cropped-logo-strony-2.png","@id":"https:\/\/zastalowcy.pl\/?p=773\/#organizationLogo","width":1862,"height":384},"image":{"@id":"https:\/\/zastalowcy.pl\/?p=773\/#organizationLogo"}},{"@type":"Person","@id":"https:\/\/zastalowcy.pl\/?author=3#author","url":"https:\/\/zastalowcy.pl\/?author=3","name":"Joanna Nawlicka","image":{"@type":"ImageObject","@id":"https:\/\/zastalowcy.pl\/?p=773#authorImage","url":"https:\/\/secure.gravatar.com\/avatar\/66fc557d97536ff5096b6295970275631b7a4673997738477642001957f5274c?s=96&d=mm&r=g","width":96,"height":96,"caption":"Joanna Nawlicka"}},{"@type":"WebPage","@id":"https:\/\/zastalowcy.pl\/?p=773#webpage","url":"https:\/\/zastalowcy.pl\/?p=773","name":"Sytuacja kadrowa Zastalu przed meczem w S\u0142upsku. Matczak dzi\u015b poza sk\u0142adem, niejasna przysz\u0142o\u015b\u0107 G\u00f3re\u0144czyka -","description":"\u015arodowy trening Zastalu poprzedzaj\u0105cy wyjazd na mecz z Czarnymi S\u0142upsk przyni\u00f3s\u0142 kilka wa\u017cnych informacji dotycz\u0105cych sytuacji zdrowotnej zawodnik\u00f3w oraz mo\u017cliwych zmian w sk\u0142adzie dru\u017cyny. Jak przekaza\u0142 trener Arkadiusz Mi\u0142oszewski, zesp\u00f3\u0142 wci\u0105\u017c funkcjonuje w trybie \u201e\u0142atania brak\u00f3w\u201d, a ka\u017cde kolejne urazy dodatkowo komplikuj\u0105 rotacj\u0119. Matczak wraca do trening\u00f3w, ale nie zagra w S\u0142upsku Filip Matczak nadal","inLanguage":"pl-PL","isPartOf":{"@id":"https:\/\/zastalowcy.pl\/#website"},"breadcrumb":{"@id":"https:\/\/zastalowcy.pl\/?p=773#breadcrumblist"},"author":{"@id":"https:\/\/zastalowcy.pl\/?author=3#author"},"creator":{"@id":"https:\/\/zastalowcy.pl\/?author=3#author"},"image":{"@type":"ImageObject","url":"https:\/\/zastalowcy.pl\/wp-content\/uploads\/2025\/12\/profilowe-18.png","@id":"https:\/\/zastalowcy.pl\/?p=773\/#mainImage","width":2048,"height":2048},"primaryImageOfPage":{"@id":"https:\/\/zastalowcy.pl\/?p=773#mainImage"},"datePublished":"2025-12-06T17:30:13+01:00","dateModified":"2025-12-06T17:30:14+01:00"},{"@type":"WebSite","@id":"https:\/\/zastalowcy.pl\/#website","url":"https:\/\/zastalowcy.pl\/","description":"O Zastalu od kibic\u00f3w \u2013 dla kibic\u00f3w","inLanguage":"pl-PL","publisher":{"@id":"https:\/\/zastalowcy.pl\/#organization"}}]},"og:locale":"pl_PL","og:site_name":"- O Zastalu od kibic\u00f3w \u2013 dla kibic\u00f3w","og:type":"article","og:title":"Sytuacja kadrowa Zastalu przed meczem w S\u0142upsku. Matczak dzi\u015b poza sk\u0142adem, niejasna przysz\u0142o\u015b\u0107 G\u00f3re\u0144czyka -","og:description":"\u015arodowy trening Zastalu poprzedzaj\u0105cy wyjazd na mecz z Czarnymi S\u0142upsk przyni\u00f3s\u0142 kilka wa\u017cnych informacji dotycz\u0105cych sytuacji zdrowotnej zawodnik\u00f3w oraz mo\u017cliwych zmian w sk\u0142adzie dru\u017cyny. Jak przekaza\u0142 trener Arkadiusz Mi\u0142oszewski, zesp\u00f3\u0142 wci\u0105\u017c funkcjonuje w trybie \u201e\u0142atania brak\u00f3w\u201d, a ka\u017cde kolejne urazy dodatkowo komplikuj\u0105 rotacj\u0119. Matczak wraca do trening\u00f3w, ale nie zagra w S\u0142upsku Filip Matczak nadal","og:url":"https:\/\/zastalowcy.pl\/?p=773","og:image":"https:\/\/zastalowcy.pl\/wp-content\/uploads\/2025\/09\/cropped-logo-strony-2.png","og:image:secure_url":"https:\/\/zastalowcy.pl\/wp-content\/uploads\/2025\/09\/cropped-logo-strony-2.png","og:image:width":1862,"og:image:height":384,"article:published_time":"2025-12-06T16:30:13+00:00","article:modified_time":"2025-12-06T16:30:14+00:00","twitter:card":"summary_large_image","twitter:title":"Sytuacja kadrowa Zastalu przed meczem w S\u0142upsku. Matczak dzi\u015b poza sk\u0142adem, niejasna przysz\u0142o\u015b\u0107 G\u00f3re\u0144czyka -","twitter:description":"\u015arodowy trening Zastalu poprzedzaj\u0105cy wyjazd na mecz z Czarnymi S\u0142upsk przyni\u00f3s\u0142 kilka wa\u017cnych informacji dotycz\u0105cych sytuacji zdrowotnej zawodnik\u00f3w oraz mo\u017cliwych zmian w sk\u0142adzie dru\u017cyny. Jak przekaza\u0142 trener Arkadiusz Mi\u0142oszewski, zesp\u00f3\u0142 wci\u0105\u017c funkcjonuje w trybie \u201e\u0142atania brak\u00f3w\u201d, a ka\u017cde kolejne urazy dodatkowo komplikuj\u0105 rotacj\u0119. Matczak wraca do trening\u00f3w, ale nie zagra w S\u0142upsku Filip Matczak nadal","twitter:image":"https:\/\/zastalowcy.pl\/wp-content\/uploads\/2025\/09\/cropped-logo-strony-2.png"},"aioseo_meta_data":{"post_id":"773","title":null,"description":null,"keywords":null,"keyphrases":null,"primary_term":null,"canonical_url":null,"og_title":null,"og_description":null,"og_object_type":"default","og_image_type":"default","og_image_custom_url":null,"og_image_custom_fields":null,"og_image_url":null,"og_image_width":null,"og_image_height":null,"og_video":null,"og_custom_url":null,"og_article_section":null,"og_article_tags":null,"twitter_use_og":false,"twitter_card":"default","twitter_image_type":"default","twitter_image_custom_url":null,"twitter_image_custom_fields":null,"twitter_image_url":null,"twitter_title":null,"twitter_description":null,"schema_type":"default","schema_type_options":null,"schema":{"blockGraphs":[],"customGraphs":[],"default":{"data":{"Article":[],"Course":[],"Dataset":[],"FAQPage":[],"Movie":[],"Person":[],"Product":[],"ProductReview":[],"Car":[],"Recipe":[],"Service":[],"SoftwareApplication":[],"WebPage":[]},"graphName":"","isEnabled":true},"graphs":[]},"pillar_content":false,"robots_default":true,"robots_noindex":false,"robots_noarchive":false,"robots_nosnippet":false,"robots_nofollow":false,"robots_noimageindex":false,"robots_noodp":false,"robots_notranslate":false,"robots_max_snippet":null,"robots_max_videopreview":null,"robots_max_imagepreview":"large","priority":null,"frequency":null,"local_seo":null,"limit_modified_date":false,"ai":null,"breadcrumb_settings":null,"seo_analyzer_scan_date":null,"created":"2026-07-15 16:45:30","updated":"2026-07-15 16:45:30","focus_keyword":null,"additional_keywords":null,"truseo_locale":null},"aioseo_breadcrumb":"<div class=\"aioseo-breadcrumbs\"><span class=\"aioseo-breadcrumb\">\n\t\t\t<a href=\"https:\/\/zastalowcy.pl\" title=\"Home\">Home<\/a>\n\t\t<\/span><span class=\"aioseo-breadcrumb-separator\">&raquo;<\/span><span class=\"aioseo-breadcrumb\">\n\t\t\t<a href=\"https:\/\/zastalowcy.pl\/?cat=8\" title=\"Wiadomo\u015bci z klubu\">Wiadomo\u015bci z klubu<\/a>\n\t\t<\/span><span class=\"aioseo-breadcrumb-separator\">&raquo;<\/span><span class=\"aioseo-breadcrumb\">\n\t\t\tSytuacja kadrowa Zastalu przed meczem w S\u0142upsku. Matczak dzi\u015b poza sk\u0142adem, niejasna przysz\u0142o\u015b\u0107 G\u00f3re\u0144czyka\n\t\t<\/span><\/div>","aioseo_breadcrumb_json":[{"label":"Home","link":"https:\/\/zastalowcy.pl"},{"label":"Wiadomo\u015bci z klubu","link":"https:\/\/zastalowcy.pl\/?cat=8"},{"label":"Sytuacja kadrowa Zastalu przed meczem w S\u0142upsku. Matczak dzi\u015b poza sk\u0142adem, niejasna przysz\u0142o\u015b\u0107 G\u00f3re\u0144czyka","link":"https:\/\/zastalowcy.pl\/?p=773"}],"_links":{"self":[{"href":"https:\/\/zastalowcy.pl\/index.php?rest_route=\/wp\/v2\/posts\/773","targetHints":{"allow":["GET"]}}],"collection":[{"href":"https:\/\/zastalowcy.pl\/index.php?rest_route=\/wp\/v2\/posts"}],"about":[{"href":"https:\/\/zastalowcy.pl\/index.php?rest_route=\/wp\/v2\/types\/post"}],"author":[{"embeddable":true,"href":"https:\/\/zastalowcy.pl\/index.php?rest_route=\/wp\/v2\/users\/3"}],"replies":[{"embeddable":true,"href":"https:\/\/zastalowcy.pl\/index.php?rest_route=%2Fwp%2Fv2%2Fcomments&post=773"}],"version-history":[{"count":1,"href":"https:\/\/zastalowcy.pl\/index.php?rest_route=\/wp\/v2\/posts\/773\/revisions"}],"predecessor-version":[{"id":775,"href":"https:\/\/zastalowcy.pl\/index.php?rest_route=\/wp\/v2\/posts\/773\/revisions\/775"}],"wp:featuredmedia":[{"embeddable":true,"href":"https:\/\/zastalowcy.pl\/index.php?rest_route=\/wp\/v2\/media\/774"}],"wp:attachment":[{"href":"https:\/\/zastalowcy.pl\/index.php?rest_route=%2Fwp%2Fv2%2Fmedia&parent=773"}],"wp:term":[{"taxonomy":"category","embeddable":true,"href":"https:\/\/zastalowcy.pl\/index.php?rest_route=%2Fwp%2Fv2%2Fcategories&post=773"},{"taxonomy":"post_tag","embeddable":true,"href":"https:\/\/zastalowcy.pl\/index.php?rest_route=%2Fwp%2Fv2%2Ftags&post=773"}],"curies":[{"name":"wp","href":"https:\/\/api.w.org\/{rel}","templated":true}]}}