{"id":804,"date":"2025-12-17T18:16:13","date_gmt":"2025-12-17T17:16:13","guid":{"rendered":"https:\/\/zastalowcy.pl\/?p=804"},"modified":"2025-12-20T18:28:05","modified_gmt":"2025-12-20T17:28:05","slug":"kontrakt-petara-rakicevica-rozwiazany-za-porozumieniem-stron","status":"publish","type":"post","link":"https:\/\/zastalowcy.pl\/?p=804","title":{"rendered":"Kontrakt Petara Raki\u0107evi\u0107a rozwi\u0105zany za porozumieniem stron"},"content":{"rendered":"\n<p class=\"wp-block-paragraph\">We wtorek, 16 grudnia 2025 roku, klub Zastal Zielona G\u00f3ra poinformowa\u0142 o rozwi\u0105zaniu kontraktu z Petarem Raki\u0107evi \u0107em. Jak przekazano w oficjalnym komunikacie, decyzja zosta\u0142a podj\u0119ta na mocy porozumienia stron.<\/p>\n\n\n\n<p class=\"wp-block-paragraph\">Zgodnie z informacj\u0105 klubu, rozstanie nast\u0105pi\u0142o po konstruktywnych rozmowach, prowadzonych w atmosferze wzajemnego szacunku oraz z uwzgl\u0119dnieniem interes\u00f3w zar\u00f3wno zawodnika, jak i klubu. Obie strony zgodnie uzna\u0142y, \u017ce takie rozwi\u0105zanie jest w obecnej sytuacji najlepszym wyj\u015bciem.<\/p>\n\n\n\n<p class=\"wp-block-paragraph\">Klub zaznaczy\u0142 r\u00f3wnie\u017c, \u017ce nie b\u0119dzie udziela\u0142 dodatkowych komentarzy w tej sprawie. Oznacza to definitywne zako\u0144czenie wsp\u00f3\u0142pracy z Petarem Raki\u0107evi\u0107em w barwach Zastalu Zielona G\u00f3ra.<\/p>\n\n\n\n<p class=\"wp-block-paragraph\">Decyzja ta wpisuje si\u0119 w okres zmian kadrowych w zielonog\u00f3rskim zespole, kt\u00f3ry w ostatnich tygodniach przeszed\u0142 kilka istotnych zmian.<\/p>\n\n\n\n<p class=\"wp-block-paragraph\">\ud83c\udfc0 Zastalowcy.pl \u2013 o Zastalu od kibic\u00f3w \u2013 dla kibic\u00f3w<\/p>\n","protected":false},"excerpt":{"rendered":"<p>We wtorek, 16 grudnia 2025 roku, klub Zastal Zielona G\u00f3ra poinformowa\u0142 o rozwi\u0105zaniu kontraktu z Petarem Raki\u0107evi \u0107em.<\/p>\n","protected":false},"author":3,"featured_media":805,"comment_status":"open","ping_status":"open","sticky":false,"template":"","format":"standard","meta":{"om_disable_all_campaigns":false,"footnotes":""},"categories":[18,9,8],"tags":[17,26,15,13,12,14,42,11,10,16],"class_list":["post-804","post","type-post","status-publish","format-standard","has-post-thumbnail","hentry","category-aktualnosci","category-sezon-2025-2026","category-wiadomosci-z-klubu","tag-basketzg","tag-druzyna","tag-koszykowka","tag-orlen-zastal-zielona-gora","tag-zastal","tag-zastal-zielona-gora","tag-zastalowcy","tag-zielona-gora","tag-zielonagora","tag-zielonogorska-koszykowka"],"aioseo_notices":[],"aioseo_head":"\n\t\t<!-- All in One SEO 5.0.0.1 - aioseo.com -->\n\t<meta name=\"description\" content=\"We wtorek, 16 grudnia 2025 roku, klub Zastal Zielona G\u00f3ra poinformowa\u0142 o rozwi\u0105zaniu kontraktu z Petarem Raki\u0107evi \u0107em. Jak przekazano w oficjalnym komunikacie, decyzja zosta\u0142a podj\u0119ta na mocy porozumienia stron. Zgodnie z informacj\u0105 klubu, rozstanie nast\u0105pi\u0142o po konstruktywnych rozmowach, prowadzonych w atmosferze wzajemnego szacunku oraz z uwzgl\u0119dnieniem interes\u00f3w zar\u00f3wno zawodnika, jak i klubu. Obie strony\" \/>\n\t<meta name=\"robots\" content=\"max-image-preview:large\" \/>\n\t<meta name=\"author\" content=\"Joanna Nawlicka\"\/>\n\t<link rel=\"canonical\" href=\"https:\/\/zastalowcy.pl\/?p=804\" \/>\n\t<meta name=\"generator\" content=\"All in One SEO (AIOSEO) 5.0.0.1\" \/>\n\t\t<meta property=\"og:locale\" content=\"pl_PL\" \/>\n\t\t<meta property=\"og:site_name\" content=\"- O Zastalu od kibic\u00f3w \u2013 dla kibic\u00f3w\" \/>\n\t\t<meta property=\"og:type\" content=\"article\" \/>\n\t\t<meta property=\"og:title\" content=\"Kontrakt Petara Raki\u0107evi\u0107a rozwi\u0105zany za porozumieniem stron -\" \/>\n\t\t<meta property=\"og:description\" content=\"We wtorek, 16 grudnia 2025 roku, klub Zastal Zielona G\u00f3ra poinformowa\u0142 o rozwi\u0105zaniu kontraktu z Petarem Raki\u0107evi \u0107em. Jak przekazano w oficjalnym komunikacie, decyzja zosta\u0142a podj\u0119ta na mocy porozumienia stron. Zgodnie z informacj\u0105 klubu, rozstanie nast\u0105pi\u0142o po konstruktywnych rozmowach, prowadzonych w atmosferze wzajemnego szacunku oraz z uwzgl\u0119dnieniem interes\u00f3w zar\u00f3wno zawodnika, jak i klubu. Obie strony\" \/>\n\t\t<meta property=\"og:url\" content=\"https:\/\/zastalowcy.pl\/?p=804\" \/>\n\t\t<meta property=\"og:image\" content=\"https:\/\/zastalowcy.pl\/wp-content\/uploads\/2025\/09\/cropped-logo-strony-2.png\" \/>\n\t\t<meta property=\"og:image:secure_url\" content=\"https:\/\/zastalowcy.pl\/wp-content\/uploads\/2025\/09\/cropped-logo-strony-2.png\" \/>\n\t\t<meta property=\"og:image:width\" content=\"1862\" \/>\n\t\t<meta property=\"og:image:height\" content=\"384\" \/>\n\t\t<meta property=\"article:published_time\" content=\"2025-12-17T17:16:13+00:00\" \/>\n\t\t<meta property=\"article:modified_time\" content=\"2025-12-20T17:28:05+00:00\" \/>\n\t\t<meta name=\"twitter:card\" content=\"summary_large_image\" \/>\n\t\t<meta name=\"twitter:title\" content=\"Kontrakt Petara Raki\u0107evi\u0107a rozwi\u0105zany za porozumieniem stron -\" \/>\n\t\t<meta name=\"twitter:description\" content=\"We wtorek, 16 grudnia 2025 roku, klub Zastal Zielona G\u00f3ra poinformowa\u0142 o rozwi\u0105zaniu kontraktu z Petarem Raki\u0107evi \u0107em. Jak przekazano w oficjalnym komunikacie, decyzja zosta\u0142a podj\u0119ta na mocy porozumienia stron. Zgodnie z informacj\u0105 klubu, rozstanie nast\u0105pi\u0142o po konstruktywnych rozmowach, prowadzonych w atmosferze wzajemnego szacunku oraz z uwzgl\u0119dnieniem interes\u00f3w zar\u00f3wno zawodnika, jak i klubu. Obie strony\" \/>\n\t\t<meta name=\"twitter:image\" content=\"https:\/\/zastalowcy.pl\/wp-content\/uploads\/2025\/09\/cropped-logo-strony-2.png\" \/>\n\t\t<script type=\"application\/ld+json\" class=\"aioseo-schema\">\n\t\t\t{\"@context\":\"https:\\\/\\\/schema.org\",\"@graph\":[{\"@type\":\"BlogPosting\",\"@id\":\"https:\\\/\\\/zastalowcy.pl\\\/?p=804#blogposting\",\"name\":\"Kontrakt Petara Raki\\u0107evi\\u0107a rozwi\\u0105zany za porozumieniem stron -\",\"headline\":\"Kontrakt Petara Raki\\u0107evi\\u0107a rozwi\\u0105zany za porozumieniem stron\",\"author\":{\"@id\":\"https:\\\/\\\/zastalowcy.pl\\\/?author=3#author\"},\"publisher\":{\"@id\":\"https:\\\/\\\/zastalowcy.pl\\\/#organization\"},\"image\":{\"@type\":\"ImageObject\",\"url\":\"https:\\\/\\\/zastalowcy.pl\\\/wp-content\\\/uploads\\\/2025\\\/12\\\/profilowe-8.png\",\"width\":2048,\"height\":2048},\"datePublished\":\"2025-12-17T18:16:13+01:00\",\"dateModified\":\"2025-12-20T18:28:05+01:00\",\"inLanguage\":\"pl-PL\",\"mainEntityOfPage\":{\"@id\":\"https:\\\/\\\/zastalowcy.pl\\\/?p=804#webpage\"},\"isPartOf\":{\"@id\":\"https:\\\/\\\/zastalowcy.pl\\\/?p=804#webpage\"},\"articleSection\":\"Aktualno\\u015bci, Sezon 2025\\\/2026, Wiadomo\\u015bci z klubu, basketzg, dru\\u017cyna, koszyk\\u00f3wka, orlen zastal zielona g\\u00f3ra, zastal, zastal zielona g\\u00f3ra, zastalowcy, zielona g\\u00f3ra, zielonagora, zielonog\\u00f3rska koszyk\\u00f3wka\"},{\"@type\":\"BreadcrumbList\",\"@id\":\"https:\\\/\\\/zastalowcy.pl\\\/?p=804#breadcrumblist\",\"itemListElement\":[{\"@type\":\"ListItem\",\"@id\":\"https:\\\/\\\/zastalowcy.pl#listItem\",\"position\":1,\"name\":\"Home\",\"item\":\"https:\\\/\\\/zastalowcy.pl\",\"nextItem\":{\"@type\":\"ListItem\",\"@id\":\"https:\\\/\\\/zastalowcy.pl\\\/?cat=8#listItem\",\"name\":\"Wiadomo\\u015bci z klubu\"}},{\"@type\":\"ListItem\",\"@id\":\"https:\\\/\\\/zastalowcy.pl\\\/?cat=8#listItem\",\"position\":2,\"name\":\"Wiadomo\\u015bci z klubu\",\"item\":\"https:\\\/\\\/zastalowcy.pl\\\/?cat=8\",\"nextItem\":{\"@type\":\"ListItem\",\"@id\":\"https:\\\/\\\/zastalowcy.pl\\\/?p=804#listItem\",\"name\":\"Kontrakt Petara Raki\\u0107evi\\u0107a rozwi\\u0105zany za porozumieniem stron\"},\"previousItem\":{\"@type\":\"ListItem\",\"@id\":\"https:\\\/\\\/zastalowcy.pl#listItem\",\"name\":\"Home\"}},{\"@type\":\"ListItem\",\"@id\":\"https:\\\/\\\/zastalowcy.pl\\\/?p=804#listItem\",\"position\":3,\"name\":\"Kontrakt Petara Raki\\u0107evi\\u0107a rozwi\\u0105zany za porozumieniem stron\",\"previousItem\":{\"@type\":\"ListItem\",\"@id\":\"https:\\\/\\\/zastalowcy.pl\\\/?cat=8#listItem\",\"name\":\"Wiadomo\\u015bci z klubu\"}}]},{\"@type\":\"Organization\",\"@id\":\"https:\\\/\\\/zastalowcy.pl\\\/#organization\",\"description\":\"O Zastalu od kibic\\u00f3w \\u2013 dla kibic\\u00f3w\",\"url\":\"https:\\\/\\\/zastalowcy.pl\\\/\",\"logo\":{\"@type\":\"ImageObject\",\"url\":\"https:\\\/\\\/zastalowcy.pl\\\/wp-content\\\/uploads\\\/2025\\\/09\\\/cropped-logo-strony-2.png\",\"@id\":\"https:\\\/\\\/zastalowcy.pl\\\/?p=804\\\/#organizationLogo\",\"width\":1862,\"height\":384},\"image\":{\"@id\":\"https:\\\/\\\/zastalowcy.pl\\\/?p=804\\\/#organizationLogo\"}},{\"@type\":\"Person\",\"@id\":\"https:\\\/\\\/zastalowcy.pl\\\/?author=3#author\",\"url\":\"https:\\\/\\\/zastalowcy.pl\\\/?author=3\",\"name\":\"Joanna Nawlicka\",\"image\":{\"@type\":\"ImageObject\",\"@id\":\"https:\\\/\\\/zastalowcy.pl\\\/?p=804#authorImage\",\"url\":\"https:\\\/\\\/secure.gravatar.com\\\/avatar\\\/66fc557d97536ff5096b6295970275631b7a4673997738477642001957f5274c?s=96&d=mm&r=g\",\"width\":96,\"height\":96,\"caption\":\"Joanna Nawlicka\"}},{\"@type\":\"WebPage\",\"@id\":\"https:\\\/\\\/zastalowcy.pl\\\/?p=804#webpage\",\"url\":\"https:\\\/\\\/zastalowcy.pl\\\/?p=804\",\"name\":\"Kontrakt Petara Raki\\u0107evi\\u0107a rozwi\\u0105zany za porozumieniem stron -\",\"description\":\"We wtorek, 16 grudnia 2025 roku, klub Zastal Zielona G\\u00f3ra poinformowa\\u0142 o rozwi\\u0105zaniu kontraktu z Petarem Raki\\u0107evi \\u0107em. Jak przekazano w oficjalnym komunikacie, decyzja zosta\\u0142a podj\\u0119ta na mocy porozumienia stron. Zgodnie z informacj\\u0105 klubu, rozstanie nast\\u0105pi\\u0142o po konstruktywnych rozmowach, prowadzonych w atmosferze wzajemnego szacunku oraz z uwzgl\\u0119dnieniem interes\\u00f3w zar\\u00f3wno zawodnika, jak i klubu. Obie strony\",\"inLanguage\":\"pl-PL\",\"isPartOf\":{\"@id\":\"https:\\\/\\\/zastalowcy.pl\\\/#website\"},\"breadcrumb\":{\"@id\":\"https:\\\/\\\/zastalowcy.pl\\\/?p=804#breadcrumblist\"},\"author\":{\"@id\":\"https:\\\/\\\/zastalowcy.pl\\\/?author=3#author\"},\"creator\":{\"@id\":\"https:\\\/\\\/zastalowcy.pl\\\/?author=3#author\"},\"image\":{\"@type\":\"ImageObject\",\"url\":\"https:\\\/\\\/zastalowcy.pl\\\/wp-content\\\/uploads\\\/2025\\\/12\\\/profilowe-8.png\",\"@id\":\"https:\\\/\\\/zastalowcy.pl\\\/?p=804\\\/#mainImage\",\"width\":2048,\"height\":2048},\"primaryImageOfPage\":{\"@id\":\"https:\\\/\\\/zastalowcy.pl\\\/?p=804#mainImage\"},\"datePublished\":\"2025-12-17T18:16:13+01:00\",\"dateModified\":\"2025-12-20T18:28:05+01:00\"},{\"@type\":\"WebSite\",\"@id\":\"https:\\\/\\\/zastalowcy.pl\\\/#website\",\"url\":\"https:\\\/\\\/zastalowcy.pl\\\/\",\"description\":\"O Zastalu od kibic\\u00f3w \\u2013 dla kibic\\u00f3w\",\"inLanguage\":\"pl-PL\",\"publisher\":{\"@id\":\"https:\\\/\\\/zastalowcy.pl\\\/#organization\"}}]}\n\t\t<\/script>\n\t\t<!-- All in One SEO -->\n\n","aioseo_head_json":{"title":"Kontrakt Petara Raki\u0107evi\u0107a rozwi\u0105zany za porozumieniem stron -","description":"We wtorek, 16 grudnia 2025 roku, klub Zastal Zielona G\u00f3ra poinformowa\u0142 o rozwi\u0105zaniu kontraktu z Petarem Raki\u0107evi \u0107em. Jak przekazano w oficjalnym komunikacie, decyzja zosta\u0142a podj\u0119ta na mocy porozumienia stron. Zgodnie z informacj\u0105 klubu, rozstanie nast\u0105pi\u0142o po konstruktywnych rozmowach, prowadzonych w atmosferze wzajemnego szacunku oraz z uwzgl\u0119dnieniem interes\u00f3w zar\u00f3wno zawodnika, jak i klubu. Obie strony","canonical_url":"https:\/\/zastalowcy.pl\/?p=804","robots":"max-image-preview:large","keywords":"","webmasterTools":{"miscellaneous":""},"schema":{"@context":"https:\/\/schema.org","@graph":[{"@type":"BlogPosting","@id":"https:\/\/zastalowcy.pl\/?p=804#blogposting","name":"Kontrakt Petara Raki\u0107evi\u0107a rozwi\u0105zany za porozumieniem stron -","headline":"Kontrakt Petara Raki\u0107evi\u0107a rozwi\u0105zany za porozumieniem stron","author":{"@id":"https:\/\/zastalowcy.pl\/?author=3#author"},"publisher":{"@id":"https:\/\/zastalowcy.pl\/#organization"},"image":{"@type":"ImageObject","url":"https:\/\/zastalowcy.pl\/wp-content\/uploads\/2025\/12\/profilowe-8.png","width":2048,"height":2048},"datePublished":"2025-12-17T18:16:13+01:00","dateModified":"2025-12-20T18:28:05+01:00","inLanguage":"pl-PL","mainEntityOfPage":{"@id":"https:\/\/zastalowcy.pl\/?p=804#webpage"},"isPartOf":{"@id":"https:\/\/zastalowcy.pl\/?p=804#webpage"},"articleSection":"Aktualno\u015bci, Sezon 2025\/2026, Wiadomo\u015bci z klubu, basketzg, dru\u017cyna, koszyk\u00f3wka, orlen zastal zielona g\u00f3ra, zastal, zastal zielona g\u00f3ra, zastalowcy, zielona g\u00f3ra, zielonagora, zielonog\u00f3rska koszyk\u00f3wka"},{"@type":"BreadcrumbList","@id":"https:\/\/zastalowcy.pl\/?p=804#breadcrumblist","itemListElement":[{"@type":"ListItem","@id":"https:\/\/zastalowcy.pl#listItem","position":1,"name":"Home","item":"https:\/\/zastalowcy.pl","nextItem":{"@type":"ListItem","@id":"https:\/\/zastalowcy.pl\/?cat=8#listItem","name":"Wiadomo\u015bci z klubu"}},{"@type":"ListItem","@id":"https:\/\/zastalowcy.pl\/?cat=8#listItem","position":2,"name":"Wiadomo\u015bci z klubu","item":"https:\/\/zastalowcy.pl\/?cat=8","nextItem":{"@type":"ListItem","@id":"https:\/\/zastalowcy.pl\/?p=804#listItem","name":"Kontrakt Petara Raki\u0107evi\u0107a rozwi\u0105zany za porozumieniem stron"},"previousItem":{"@type":"ListItem","@id":"https:\/\/zastalowcy.pl#listItem","name":"Home"}},{"@type":"ListItem","@id":"https:\/\/zastalowcy.pl\/?p=804#listItem","position":3,"name":"Kontrakt Petara Raki\u0107evi\u0107a rozwi\u0105zany za porozumieniem stron","previousItem":{"@type":"ListItem","@id":"https:\/\/zastalowcy.pl\/?cat=8#listItem","name":"Wiadomo\u015bci z klubu"}}]},{"@type":"Organization","@id":"https:\/\/zastalowcy.pl\/#organization","description":"O Zastalu od kibic\u00f3w \u2013 dla kibic\u00f3w","url":"https:\/\/zastalowcy.pl\/","logo":{"@type":"ImageObject","url":"https:\/\/zastalowcy.pl\/wp-content\/uploads\/2025\/09\/cropped-logo-strony-2.png","@id":"https:\/\/zastalowcy.pl\/?p=804\/#organizationLogo","width":1862,"height":384},"image":{"@id":"https:\/\/zastalowcy.pl\/?p=804\/#organizationLogo"}},{"@type":"Person","@id":"https:\/\/zastalowcy.pl\/?author=3#author","url":"https:\/\/zastalowcy.pl\/?author=3","name":"Joanna Nawlicka","image":{"@type":"ImageObject","@id":"https:\/\/zastalowcy.pl\/?p=804#authorImage","url":"https:\/\/secure.gravatar.com\/avatar\/66fc557d97536ff5096b6295970275631b7a4673997738477642001957f5274c?s=96&d=mm&r=g","width":96,"height":96,"caption":"Joanna Nawlicka"}},{"@type":"WebPage","@id":"https:\/\/zastalowcy.pl\/?p=804#webpage","url":"https:\/\/zastalowcy.pl\/?p=804","name":"Kontrakt Petara Raki\u0107evi\u0107a rozwi\u0105zany za porozumieniem stron -","description":"We wtorek, 16 grudnia 2025 roku, klub Zastal Zielona G\u00f3ra poinformowa\u0142 o rozwi\u0105zaniu kontraktu z Petarem Raki\u0107evi \u0107em. Jak przekazano w oficjalnym komunikacie, decyzja zosta\u0142a podj\u0119ta na mocy porozumienia stron. Zgodnie z informacj\u0105 klubu, rozstanie nast\u0105pi\u0142o po konstruktywnych rozmowach, prowadzonych w atmosferze wzajemnego szacunku oraz z uwzgl\u0119dnieniem interes\u00f3w zar\u00f3wno zawodnika, jak i klubu. Obie strony","inLanguage":"pl-PL","isPartOf":{"@id":"https:\/\/zastalowcy.pl\/#website"},"breadcrumb":{"@id":"https:\/\/zastalowcy.pl\/?p=804#breadcrumblist"},"author":{"@id":"https:\/\/zastalowcy.pl\/?author=3#author"},"creator":{"@id":"https:\/\/zastalowcy.pl\/?author=3#author"},"image":{"@type":"ImageObject","url":"https:\/\/zastalowcy.pl\/wp-content\/uploads\/2025\/12\/profilowe-8.png","@id":"https:\/\/zastalowcy.pl\/?p=804\/#mainImage","width":2048,"height":2048},"primaryImageOfPage":{"@id":"https:\/\/zastalowcy.pl\/?p=804#mainImage"},"datePublished":"2025-12-17T18:16:13+01:00","dateModified":"2025-12-20T18:28:05+01:00"},{"@type":"WebSite","@id":"https:\/\/zastalowcy.pl\/#website","url":"https:\/\/zastalowcy.pl\/","description":"O Zastalu od kibic\u00f3w \u2013 dla kibic\u00f3w","inLanguage":"pl-PL","publisher":{"@id":"https:\/\/zastalowcy.pl\/#organization"}}]},"og:locale":"pl_PL","og:site_name":"- O Zastalu od kibic\u00f3w \u2013 dla kibic\u00f3w","og:type":"article","og:title":"Kontrakt Petara Raki\u0107evi\u0107a rozwi\u0105zany za porozumieniem stron -","og:description":"We wtorek, 16 grudnia 2025 roku, klub Zastal Zielona G\u00f3ra poinformowa\u0142 o rozwi\u0105zaniu kontraktu z Petarem Raki\u0107evi \u0107em. Jak przekazano w oficjalnym komunikacie, decyzja zosta\u0142a podj\u0119ta na mocy porozumienia stron. Zgodnie z informacj\u0105 klubu, rozstanie nast\u0105pi\u0142o po konstruktywnych rozmowach, prowadzonych w atmosferze wzajemnego szacunku oraz z uwzgl\u0119dnieniem interes\u00f3w zar\u00f3wno zawodnika, jak i klubu. Obie strony","og:url":"https:\/\/zastalowcy.pl\/?p=804","og:image":"https:\/\/zastalowcy.pl\/wp-content\/uploads\/2025\/09\/cropped-logo-strony-2.png","og:image:secure_url":"https:\/\/zastalowcy.pl\/wp-content\/uploads\/2025\/09\/cropped-logo-strony-2.png","og:image:width":1862,"og:image:height":384,"article:published_time":"2025-12-17T17:16:13+00:00","article:modified_time":"2025-12-20T17:28:05+00:00","twitter:card":"summary_large_image","twitter:title":"Kontrakt Petara Raki\u0107evi\u0107a rozwi\u0105zany za porozumieniem stron -","twitter:description":"We wtorek, 16 grudnia 2025 roku, klub Zastal Zielona G\u00f3ra poinformowa\u0142 o rozwi\u0105zaniu kontraktu z Petarem Raki\u0107evi \u0107em. Jak przekazano w oficjalnym komunikacie, decyzja zosta\u0142a podj\u0119ta na mocy porozumienia stron. Zgodnie z informacj\u0105 klubu, rozstanie nast\u0105pi\u0142o po konstruktywnych rozmowach, prowadzonych w atmosferze wzajemnego szacunku oraz z uwzgl\u0119dnieniem interes\u00f3w zar\u00f3wno zawodnika, jak i klubu. Obie strony","twitter:image":"https:\/\/zastalowcy.pl\/wp-content\/uploads\/2025\/09\/cropped-logo-strony-2.png"},"aioseo_meta_data":{"post_id":"804","title":null,"description":null,"keywords":null,"keyphrases":null,"primary_term":null,"canonical_url":null,"og_title":null,"og_description":null,"og_object_type":"default","og_image_type":"default","og_image_custom_url":null,"og_image_custom_fields":null,"og_image_url":null,"og_image_width":null,"og_image_height":null,"og_video":null,"og_custom_url":null,"og_article_section":null,"og_article_tags":null,"twitter_use_og":false,"twitter_card":"default","twitter_image_type":"default","twitter_image_custom_url":null,"twitter_image_custom_fields":null,"twitter_image_url":null,"twitter_title":null,"twitter_description":null,"schema_type":"default","schema_type_options":null,"schema":{"blockGraphs":[],"customGraphs":[],"default":{"data":{"Article":[],"Course":[],"Dataset":[],"FAQPage":[],"Movie":[],"Person":[],"Product":[],"ProductReview":[],"Car":[],"Recipe":[],"Service":[],"SoftwareApplication":[],"WebPage":[]},"graphName":"","isEnabled":true},"graphs":[]},"pillar_content":false,"robots_default":true,"robots_noindex":false,"robots_noarchive":false,"robots_nosnippet":false,"robots_nofollow":false,"robots_noimageindex":false,"robots_noodp":false,"robots_notranslate":false,"robots_max_snippet":null,"robots_max_videopreview":null,"robots_max_imagepreview":"large","priority":null,"frequency":null,"local_seo":null,"limit_modified_date":false,"ai":null,"breadcrumb_settings":null,"seo_analyzer_scan_date":null,"created":"2026-07-15 16:46:42","updated":"2026-07-15 16:46:42","focus_keyword":null,"additional_keywords":null,"truseo_locale":null},"aioseo_breadcrumb":"<div class=\"aioseo-breadcrumbs\"><span class=\"aioseo-breadcrumb\">\n\t\t\t<a href=\"https:\/\/zastalowcy.pl\" title=\"Home\">Home<\/a>\n\t\t<\/span><span class=\"aioseo-breadcrumb-separator\">&raquo;<\/span><span class=\"aioseo-breadcrumb\">\n\t\t\t<a href=\"https:\/\/zastalowcy.pl\/?cat=8\" title=\"Wiadomo\u015bci z klubu\">Wiadomo\u015bci z klubu<\/a>\n\t\t<\/span><span class=\"aioseo-breadcrumb-separator\">&raquo;<\/span><span class=\"aioseo-breadcrumb\">\n\t\t\tKontrakt Petara Raki\u0107evi\u0107a rozwi\u0105zany za porozumieniem stron\n\t\t<\/span><\/div>","aioseo_breadcrumb_json":[{"label":"Home","link":"https:\/\/zastalowcy.pl"},{"label":"Wiadomo\u015bci z klubu","link":"https:\/\/zastalowcy.pl\/?cat=8"},{"label":"Kontrakt Petara Raki\u0107evi\u0107a rozwi\u0105zany za porozumieniem stron","link":"https:\/\/zastalowcy.pl\/?p=804"}],"_links":{"self":[{"href":"https:\/\/zastalowcy.pl\/index.php?rest_route=\/wp\/v2\/posts\/804","targetHints":{"allow":["GET"]}}],"collection":[{"href":"https:\/\/zastalowcy.pl\/index.php?rest_route=\/wp\/v2\/posts"}],"about":[{"href":"https:\/\/zastalowcy.pl\/index.php?rest_route=\/wp\/v2\/types\/post"}],"author":[{"embeddable":true,"href":"https:\/\/zastalowcy.pl\/index.php?rest_route=\/wp\/v2\/users\/3"}],"replies":[{"embeddable":true,"href":"https:\/\/zastalowcy.pl\/index.php?rest_route=%2Fwp%2Fv2%2Fcomments&post=804"}],"version-history":[{"count":1,"href":"https:\/\/zastalowcy.pl\/index.php?rest_route=\/wp\/v2\/posts\/804\/revisions"}],"predecessor-version":[{"id":806,"href":"https:\/\/zastalowcy.pl\/index.php?rest_route=\/wp\/v2\/posts\/804\/revisions\/806"}],"wp:featuredmedia":[{"embeddable":true,"href":"https:\/\/zastalowcy.pl\/index.php?rest_route=\/wp\/v2\/media\/805"}],"wp:attachment":[{"href":"https:\/\/zastalowcy.pl\/index.php?rest_route=%2Fwp%2Fv2%2Fmedia&parent=804"}],"wp:term":[{"taxonomy":"category","embeddable":true,"href":"https:\/\/zastalowcy.pl\/index.php?rest_route=%2Fwp%2Fv2%2Fcategories&post=804"},{"taxonomy":"post_tag","embeddable":true,"href":"https:\/\/zastalowcy.pl\/index.php?rest_route=%2Fwp%2Fv2%2Ftags&post=804"}],"curies":[{"name":"wp","href":"https:\/\/api.w.org\/{rel}","templated":true}]}}