{"id":817,"date":"2025-12-22T15:09:05","date_gmt":"2025-12-22T14:09:05","guid":{"rendered":"https:\/\/zastalowcy.pl\/?p=817"},"modified":"2025-12-22T15:09:06","modified_gmt":"2025-12-22T14:09:06","slug":"czy-filip-matczak-zagra-przeciwko-anwilowi","status":"publish","type":"post","link":"https:\/\/zastalowcy.pl\/?p=817","title":{"rendered":"Czy Filip Matczak zagra przeciwko Anwilowi?"},"content":{"rendered":"\n<p class=\"wp-block-paragraph\">Powr\u00f3t Filipa Matczaka na parkiet to temat, kt\u00f3ry od kilku tygodni elektryzuje kibic\u00f3w Zastalu Zielona G\u00f3ra. Zawodnik stopniowo wraca do pe\u0142ni sprawno\u015bci po zabiegu, a jego obecno\u015b\u0107 na treningach budzi nadziej\u0119 przed kolejnym ligowym wyzwaniem \u2013 poniedzia\u0142kowym starciem z Anwilem W\u0142oc\u0142awek.<\/p>\n\n\n\n<p class=\"wp-block-paragraph\">W pi\u0105tek Matczak po raz kolejny trenowa\u0142 z zespo\u0142em, tym razem ju\u017c w znacznie wi\u0119kszym zakresie. Jak przyzna\u0142 trener Zastalu, proces wdra\u017cania zawodnika do pe\u0142nych obci\u0105\u017ce\u0144 przebiega zgodnie z planem. \u2013 Filip zosta\u0142 wdra\u017cany powoli ju\u017c do treningu. Dzi\u015b procentowo bym to okre\u015bli\u0142 na 75 procent. Uczestniczy\u0142 w treningu ju\u017c w kontakcie \u2013 m\u00f3wi szkoleniowiec.<\/p>\n\n\n\n<p class=\"wp-block-paragraph\">Jak wynika z s\u0142\u00f3w szkoleniowca, obci\u0105\u017cenia s\u0105 zwi\u0119kszane stopniowo z dnia na dzie\u0144. Jeszcze dzie\u0144 wcze\u015bniej Matczak bra\u0142 udzia\u0142 w zaj\u0119ciach w ograniczonym zakresie, natomiast pi\u0105tkowy trening by\u0142 ju\u017c kolejnym krokiem w stron\u0119 pe\u0142nej gotowo\u015bci. \u2013 Wczoraj by\u0142o 50 procent, dzi\u015b 75, jutro ma by\u0107 100 \u2013 doda\u0142 trener.<\/p>\n\n\n\n<p class=\"wp-block-paragraph\">To w\u0142a\u015bnie sobotni trening mia\u0142 by\u0107 momentem, w kt\u00f3rym Filip Matczak po raz pierwszy od d\u0142u\u017cszego czasu przezed\u0142 pe\u0142ne obci\u0105\u017cenia treningowe razem z dru\u017cyn\u0105. Je\u015bli organizm dobrze zareagowa\u0142, otworzy to drog\u0119 do ewentualnego wyst\u0119pu w meczu ligowym.<\/p>\n\n\n\n<p class=\"wp-block-paragraph\">Szkoleniowiec Zastalu studzi jednak emocje i podkre\u015bla, \u017ce sama gotowo\u015b\u0107 fizyczna nie musi automatycznie oznacza\u0107 wyst\u0119pu na parkiecie. \u2013 My\u015bl\u0119, \u017ce na mecz b\u0119dzie gotowy. A czy zagra, to pewnie zobaczymy, jak okoliczno\u015bci na to pozwol\u0105 \u2013 zaznacza.<\/p>\n\n\n\n<p class=\"wp-block-paragraph\">Decyzja dotycz\u0105ca minut dla Matczaka ma wi\u0119c zale\u017ce\u0107 zar\u00f3wno od jego samopoczucia, jak i przebiegu samego spotkania. Jedno jest pewne \u2013 jego powr\u00f3t do pe\u0142nych trening\u00f3w to bardzo pozytywny sygna\u0142 dla zespo\u0142u, kt\u00f3ry w ostatnich tygodniach buduje coraz lepsz\u0105 form\u0119.<\/p>\n\n\n\n<p class=\"wp-block-paragraph\">\ud83c\udfc0 Zastalowcy.pl \u2013 o Zastalu od kibic\u00f3w \u2013 dla kibic\u00f3w<\/p>\n","protected":false},"excerpt":{"rendered":"<p>Powr\u00f3t Filipa Matczaka na parkiet to temat, kt\u00f3ry od kilku tygodni elektryzuje kibic\u00f3w Zastalu Zielona G\u00f3ra. Zawodnik stopniowo<\/p>\n","protected":false},"author":3,"featured_media":818,"comment_status":"open","ping_status":"open","sticky":false,"template":"","format":"standard","meta":{"om_disable_all_campaigns":false,"footnotes":""},"categories":[18,9],"tags":[228,226,17,26,90,15,91,65,66,64,118,12,14,42,11,10,16],"class_list":["post-817","post","type-post","status-publish","format-standard","has-post-thumbnail","hentry","category-aktualnosci","category-sezon-2025-2026","tag-anwil","tag-anwil-wloclawek","tag-basketzg","tag-druzyna","tag-filip-matczak","tag-koszykowka","tag-matczak","tag-obl","tag-orlen-basket-liga","tag-plk","tag-polska-liga-koszykowki","tag-zastal","tag-zastal-zielona-gora","tag-zastalowcy","tag-zielona-gora","tag-zielonagora","tag-zielonogorska-koszykowka"],"aioseo_notices":[],"aioseo_head":"\n\t\t<!-- All in One SEO 5.0.0.1 - aioseo.com -->\n\t<meta name=\"description\" content=\"Powr\u00f3t Filipa Matczaka na parkiet to temat, kt\u00f3ry od kilku tygodni elektryzuje kibic\u00f3w Zastalu Zielona G\u00f3ra. Zawodnik stopniowo wraca do pe\u0142ni sprawno\u015bci po zabiegu, a jego obecno\u015b\u0107 na treningach budzi nadziej\u0119 przed kolejnym ligowym wyzwaniem \u2013 poniedzia\u0142kowym starciem z Anwilem W\u0142oc\u0142awek. W pi\u0105tek Matczak po raz kolejny trenowa\u0142 z zespo\u0142em, tym razem ju\u017c w znacznie\" \/>\n\t<meta name=\"robots\" content=\"max-image-preview:large\" \/>\n\t<meta name=\"author\" content=\"Joanna Nawlicka\"\/>\n\t<link rel=\"canonical\" href=\"https:\/\/zastalowcy.pl\/?p=817\" \/>\n\t<meta name=\"generator\" content=\"All in One SEO (AIOSEO) 5.0.0.1\" \/>\n\t\t<meta property=\"og:locale\" content=\"pl_PL\" \/>\n\t\t<meta property=\"og:site_name\" content=\"- O Zastalu od kibic\u00f3w \u2013 dla kibic\u00f3w\" \/>\n\t\t<meta property=\"og:type\" content=\"article\" \/>\n\t\t<meta property=\"og:title\" content=\"Czy Filip Matczak zagra przeciwko Anwilowi? -\" \/>\n\t\t<meta property=\"og:description\" content=\"Powr\u00f3t Filipa Matczaka na parkiet to temat, kt\u00f3ry od kilku tygodni elektryzuje kibic\u00f3w Zastalu Zielona G\u00f3ra. Zawodnik stopniowo wraca do pe\u0142ni sprawno\u015bci po zabiegu, a jego obecno\u015b\u0107 na treningach budzi nadziej\u0119 przed kolejnym ligowym wyzwaniem \u2013 poniedzia\u0142kowym starciem z Anwilem W\u0142oc\u0142awek. W pi\u0105tek Matczak po raz kolejny trenowa\u0142 z zespo\u0142em, tym razem ju\u017c w znacznie\" \/>\n\t\t<meta property=\"og:url\" content=\"https:\/\/zastalowcy.pl\/?p=817\" \/>\n\t\t<meta property=\"og:image\" content=\"https:\/\/zastalowcy.pl\/wp-content\/uploads\/2025\/09\/cropped-logo-strony-2.png\" \/>\n\t\t<meta property=\"og:image:secure_url\" content=\"https:\/\/zastalowcy.pl\/wp-content\/uploads\/2025\/09\/cropped-logo-strony-2.png\" \/>\n\t\t<meta property=\"og:image:width\" content=\"1862\" \/>\n\t\t<meta property=\"og:image:height\" content=\"384\" \/>\n\t\t<meta property=\"article:published_time\" content=\"2025-12-22T14:09:05+00:00\" \/>\n\t\t<meta property=\"article:modified_time\" content=\"2025-12-22T14:09:06+00:00\" \/>\n\t\t<meta name=\"twitter:card\" content=\"summary_large_image\" \/>\n\t\t<meta name=\"twitter:title\" content=\"Czy Filip Matczak zagra przeciwko Anwilowi? -\" \/>\n\t\t<meta name=\"twitter:description\" content=\"Powr\u00f3t Filipa Matczaka na parkiet to temat, kt\u00f3ry od kilku tygodni elektryzuje kibic\u00f3w Zastalu Zielona G\u00f3ra. Zawodnik stopniowo wraca do pe\u0142ni sprawno\u015bci po zabiegu, a jego obecno\u015b\u0107 na treningach budzi nadziej\u0119 przed kolejnym ligowym wyzwaniem \u2013 poniedzia\u0142kowym starciem z Anwilem W\u0142oc\u0142awek. W pi\u0105tek Matczak po raz kolejny trenowa\u0142 z zespo\u0142em, tym razem ju\u017c w znacznie\" \/>\n\t\t<meta name=\"twitter:image\" content=\"https:\/\/zastalowcy.pl\/wp-content\/uploads\/2025\/09\/cropped-logo-strony-2.png\" \/>\n\t\t<script type=\"application\/ld+json\" class=\"aioseo-schema\">\n\t\t\t{\"@context\":\"https:\\\/\\\/schema.org\",\"@graph\":[{\"@type\":\"BlogPosting\",\"@id\":\"https:\\\/\\\/zastalowcy.pl\\\/?p=817#blogposting\",\"name\":\"Czy Filip Matczak zagra przeciwko Anwilowi? -\",\"headline\":\"Czy Filip Matczak zagra przeciwko Anwilowi?\",\"author\":{\"@id\":\"https:\\\/\\\/zastalowcy.pl\\\/?author=3#author\"},\"publisher\":{\"@id\":\"https:\\\/\\\/zastalowcy.pl\\\/#organization\"},\"image\":{\"@type\":\"ImageObject\",\"url\":\"https:\\\/\\\/zastalowcy.pl\\\/wp-content\\\/uploads\\\/2025\\\/12\\\/profilowe-13.png\",\"width\":2048,\"height\":2048},\"datePublished\":\"2025-12-22T15:09:05+01:00\",\"dateModified\":\"2025-12-22T15:09:06+01:00\",\"inLanguage\":\"pl-PL\",\"mainEntityOfPage\":{\"@id\":\"https:\\\/\\\/zastalowcy.pl\\\/?p=817#webpage\"},\"isPartOf\":{\"@id\":\"https:\\\/\\\/zastalowcy.pl\\\/?p=817#webpage\"},\"articleSection\":\"Aktualno\\u015bci, Sezon 2025\\\/2026, anwil, anwil w\\u0142oc\\u0142awek, basketzg, dru\\u017cyna, filip matczak, koszyk\\u00f3wka, matczak, obl, Orlen Basket Liga, plk, Polska Liga Koszyk\\u00f3wki, zastal, zastal zielona g\\u00f3ra, zastalowcy, zielona g\\u00f3ra, zielonagora, zielonog\\u00f3rska koszyk\\u00f3wka\"},{\"@type\":\"BreadcrumbList\",\"@id\":\"https:\\\/\\\/zastalowcy.pl\\\/?p=817#breadcrumblist\",\"itemListElement\":[{\"@type\":\"ListItem\",\"@id\":\"https:\\\/\\\/zastalowcy.pl#listItem\",\"position\":1,\"name\":\"Home\",\"item\":\"https:\\\/\\\/zastalowcy.pl\",\"nextItem\":{\"@type\":\"ListItem\",\"@id\":\"https:\\\/\\\/zastalowcy.pl\\\/?cat=9#listItem\",\"name\":\"Sezon 2025\\\/2026\"}},{\"@type\":\"ListItem\",\"@id\":\"https:\\\/\\\/zastalowcy.pl\\\/?cat=9#listItem\",\"position\":2,\"name\":\"Sezon 2025\\\/2026\",\"item\":\"https:\\\/\\\/zastalowcy.pl\\\/?cat=9\",\"nextItem\":{\"@type\":\"ListItem\",\"@id\":\"https:\\\/\\\/zastalowcy.pl\\\/?p=817#listItem\",\"name\":\"Czy Filip Matczak zagra przeciwko Anwilowi?\"},\"previousItem\":{\"@type\":\"ListItem\",\"@id\":\"https:\\\/\\\/zastalowcy.pl#listItem\",\"name\":\"Home\"}},{\"@type\":\"ListItem\",\"@id\":\"https:\\\/\\\/zastalowcy.pl\\\/?p=817#listItem\",\"position\":3,\"name\":\"Czy Filip Matczak zagra przeciwko Anwilowi?\",\"previousItem\":{\"@type\":\"ListItem\",\"@id\":\"https:\\\/\\\/zastalowcy.pl\\\/?cat=9#listItem\",\"name\":\"Sezon 2025\\\/2026\"}}]},{\"@type\":\"Organization\",\"@id\":\"https:\\\/\\\/zastalowcy.pl\\\/#organization\",\"description\":\"O Zastalu od kibic\\u00f3w \\u2013 dla kibic\\u00f3w\",\"url\":\"https:\\\/\\\/zastalowcy.pl\\\/\",\"logo\":{\"@type\":\"ImageObject\",\"url\":\"https:\\\/\\\/zastalowcy.pl\\\/wp-content\\\/uploads\\\/2025\\\/09\\\/cropped-logo-strony-2.png\",\"@id\":\"https:\\\/\\\/zastalowcy.pl\\\/?p=817\\\/#organizationLogo\",\"width\":1862,\"height\":384},\"image\":{\"@id\":\"https:\\\/\\\/zastalowcy.pl\\\/?p=817\\\/#organizationLogo\"}},{\"@type\":\"Person\",\"@id\":\"https:\\\/\\\/zastalowcy.pl\\\/?author=3#author\",\"url\":\"https:\\\/\\\/zastalowcy.pl\\\/?author=3\",\"name\":\"Joanna Nawlicka\",\"image\":{\"@type\":\"ImageObject\",\"@id\":\"https:\\\/\\\/zastalowcy.pl\\\/?p=817#authorImage\",\"url\":\"https:\\\/\\\/secure.gravatar.com\\\/avatar\\\/66fc557d97536ff5096b6295970275631b7a4673997738477642001957f5274c?s=96&d=mm&r=g\",\"width\":96,\"height\":96,\"caption\":\"Joanna Nawlicka\"}},{\"@type\":\"WebPage\",\"@id\":\"https:\\\/\\\/zastalowcy.pl\\\/?p=817#webpage\",\"url\":\"https:\\\/\\\/zastalowcy.pl\\\/?p=817\",\"name\":\"Czy Filip Matczak zagra przeciwko Anwilowi? -\",\"description\":\"Powr\\u00f3t Filipa Matczaka na parkiet to temat, kt\\u00f3ry od kilku tygodni elektryzuje kibic\\u00f3w Zastalu Zielona G\\u00f3ra. Zawodnik stopniowo wraca do pe\\u0142ni sprawno\\u015bci po zabiegu, a jego obecno\\u015b\\u0107 na treningach budzi nadziej\\u0119 przed kolejnym ligowym wyzwaniem \\u2013 poniedzia\\u0142kowym starciem z Anwilem W\\u0142oc\\u0142awek. W pi\\u0105tek Matczak po raz kolejny trenowa\\u0142 z zespo\\u0142em, tym razem ju\\u017c w znacznie\",\"inLanguage\":\"pl-PL\",\"isPartOf\":{\"@id\":\"https:\\\/\\\/zastalowcy.pl\\\/#website\"},\"breadcrumb\":{\"@id\":\"https:\\\/\\\/zastalowcy.pl\\\/?p=817#breadcrumblist\"},\"author\":{\"@id\":\"https:\\\/\\\/zastalowcy.pl\\\/?author=3#author\"},\"creator\":{\"@id\":\"https:\\\/\\\/zastalowcy.pl\\\/?author=3#author\"},\"image\":{\"@type\":\"ImageObject\",\"url\":\"https:\\\/\\\/zastalowcy.pl\\\/wp-content\\\/uploads\\\/2025\\\/12\\\/profilowe-13.png\",\"@id\":\"https:\\\/\\\/zastalowcy.pl\\\/?p=817\\\/#mainImage\",\"width\":2048,\"height\":2048},\"primaryImageOfPage\":{\"@id\":\"https:\\\/\\\/zastalowcy.pl\\\/?p=817#mainImage\"},\"datePublished\":\"2025-12-22T15:09:05+01:00\",\"dateModified\":\"2025-12-22T15:09:06+01:00\"},{\"@type\":\"WebSite\",\"@id\":\"https:\\\/\\\/zastalowcy.pl\\\/#website\",\"url\":\"https:\\\/\\\/zastalowcy.pl\\\/\",\"description\":\"O Zastalu od kibic\\u00f3w \\u2013 dla kibic\\u00f3w\",\"inLanguage\":\"pl-PL\",\"publisher\":{\"@id\":\"https:\\\/\\\/zastalowcy.pl\\\/#organization\"}}]}\n\t\t<\/script>\n\t\t<!-- All in One SEO -->\n\n","aioseo_head_json":{"title":"Czy Filip Matczak zagra przeciwko Anwilowi? -","description":"Powr\u00f3t Filipa Matczaka na parkiet to temat, kt\u00f3ry od kilku tygodni elektryzuje kibic\u00f3w Zastalu Zielona G\u00f3ra. Zawodnik stopniowo wraca do pe\u0142ni sprawno\u015bci po zabiegu, a jego obecno\u015b\u0107 na treningach budzi nadziej\u0119 przed kolejnym ligowym wyzwaniem \u2013 poniedzia\u0142kowym starciem z Anwilem W\u0142oc\u0142awek. W pi\u0105tek Matczak po raz kolejny trenowa\u0142 z zespo\u0142em, tym razem ju\u017c w znacznie","canonical_url":"https:\/\/zastalowcy.pl\/?p=817","robots":"max-image-preview:large","keywords":"","webmasterTools":{"miscellaneous":""},"schema":{"@context":"https:\/\/schema.org","@graph":[{"@type":"BlogPosting","@id":"https:\/\/zastalowcy.pl\/?p=817#blogposting","name":"Czy Filip Matczak zagra przeciwko Anwilowi? -","headline":"Czy Filip Matczak zagra przeciwko Anwilowi?","author":{"@id":"https:\/\/zastalowcy.pl\/?author=3#author"},"publisher":{"@id":"https:\/\/zastalowcy.pl\/#organization"},"image":{"@type":"ImageObject","url":"https:\/\/zastalowcy.pl\/wp-content\/uploads\/2025\/12\/profilowe-13.png","width":2048,"height":2048},"datePublished":"2025-12-22T15:09:05+01:00","dateModified":"2025-12-22T15:09:06+01:00","inLanguage":"pl-PL","mainEntityOfPage":{"@id":"https:\/\/zastalowcy.pl\/?p=817#webpage"},"isPartOf":{"@id":"https:\/\/zastalowcy.pl\/?p=817#webpage"},"articleSection":"Aktualno\u015bci, Sezon 2025\/2026, anwil, anwil w\u0142oc\u0142awek, basketzg, dru\u017cyna, filip matczak, koszyk\u00f3wka, matczak, obl, Orlen Basket Liga, plk, Polska Liga Koszyk\u00f3wki, zastal, zastal zielona g\u00f3ra, zastalowcy, zielona g\u00f3ra, zielonagora, zielonog\u00f3rska koszyk\u00f3wka"},{"@type":"BreadcrumbList","@id":"https:\/\/zastalowcy.pl\/?p=817#breadcrumblist","itemListElement":[{"@type":"ListItem","@id":"https:\/\/zastalowcy.pl#listItem","position":1,"name":"Home","item":"https:\/\/zastalowcy.pl","nextItem":{"@type":"ListItem","@id":"https:\/\/zastalowcy.pl\/?cat=9#listItem","name":"Sezon 2025\/2026"}},{"@type":"ListItem","@id":"https:\/\/zastalowcy.pl\/?cat=9#listItem","position":2,"name":"Sezon 2025\/2026","item":"https:\/\/zastalowcy.pl\/?cat=9","nextItem":{"@type":"ListItem","@id":"https:\/\/zastalowcy.pl\/?p=817#listItem","name":"Czy Filip Matczak zagra przeciwko Anwilowi?"},"previousItem":{"@type":"ListItem","@id":"https:\/\/zastalowcy.pl#listItem","name":"Home"}},{"@type":"ListItem","@id":"https:\/\/zastalowcy.pl\/?p=817#listItem","position":3,"name":"Czy Filip Matczak zagra przeciwko Anwilowi?","previousItem":{"@type":"ListItem","@id":"https:\/\/zastalowcy.pl\/?cat=9#listItem","name":"Sezon 2025\/2026"}}]},{"@type":"Organization","@id":"https:\/\/zastalowcy.pl\/#organization","description":"O Zastalu od kibic\u00f3w \u2013 dla kibic\u00f3w","url":"https:\/\/zastalowcy.pl\/","logo":{"@type":"ImageObject","url":"https:\/\/zastalowcy.pl\/wp-content\/uploads\/2025\/09\/cropped-logo-strony-2.png","@id":"https:\/\/zastalowcy.pl\/?p=817\/#organizationLogo","width":1862,"height":384},"image":{"@id":"https:\/\/zastalowcy.pl\/?p=817\/#organizationLogo"}},{"@type":"Person","@id":"https:\/\/zastalowcy.pl\/?author=3#author","url":"https:\/\/zastalowcy.pl\/?author=3","name":"Joanna Nawlicka","image":{"@type":"ImageObject","@id":"https:\/\/zastalowcy.pl\/?p=817#authorImage","url":"https:\/\/secure.gravatar.com\/avatar\/66fc557d97536ff5096b6295970275631b7a4673997738477642001957f5274c?s=96&d=mm&r=g","width":96,"height":96,"caption":"Joanna Nawlicka"}},{"@type":"WebPage","@id":"https:\/\/zastalowcy.pl\/?p=817#webpage","url":"https:\/\/zastalowcy.pl\/?p=817","name":"Czy Filip Matczak zagra przeciwko Anwilowi? -","description":"Powr\u00f3t Filipa Matczaka na parkiet to temat, kt\u00f3ry od kilku tygodni elektryzuje kibic\u00f3w Zastalu Zielona G\u00f3ra. Zawodnik stopniowo wraca do pe\u0142ni sprawno\u015bci po zabiegu, a jego obecno\u015b\u0107 na treningach budzi nadziej\u0119 przed kolejnym ligowym wyzwaniem \u2013 poniedzia\u0142kowym starciem z Anwilem W\u0142oc\u0142awek. W pi\u0105tek Matczak po raz kolejny trenowa\u0142 z zespo\u0142em, tym razem ju\u017c w znacznie","inLanguage":"pl-PL","isPartOf":{"@id":"https:\/\/zastalowcy.pl\/#website"},"breadcrumb":{"@id":"https:\/\/zastalowcy.pl\/?p=817#breadcrumblist"},"author":{"@id":"https:\/\/zastalowcy.pl\/?author=3#author"},"creator":{"@id":"https:\/\/zastalowcy.pl\/?author=3#author"},"image":{"@type":"ImageObject","url":"https:\/\/zastalowcy.pl\/wp-content\/uploads\/2025\/12\/profilowe-13.png","@id":"https:\/\/zastalowcy.pl\/?p=817\/#mainImage","width":2048,"height":2048},"primaryImageOfPage":{"@id":"https:\/\/zastalowcy.pl\/?p=817#mainImage"},"datePublished":"2025-12-22T15:09:05+01:00","dateModified":"2025-12-22T15:09:06+01:00"},{"@type":"WebSite","@id":"https:\/\/zastalowcy.pl\/#website","url":"https:\/\/zastalowcy.pl\/","description":"O Zastalu od kibic\u00f3w \u2013 dla kibic\u00f3w","inLanguage":"pl-PL","publisher":{"@id":"https:\/\/zastalowcy.pl\/#organization"}}]},"og:locale":"pl_PL","og:site_name":"- O Zastalu od kibic\u00f3w \u2013 dla kibic\u00f3w","og:type":"article","og:title":"Czy Filip Matczak zagra przeciwko Anwilowi? -","og:description":"Powr\u00f3t Filipa Matczaka na parkiet to temat, kt\u00f3ry od kilku tygodni elektryzuje kibic\u00f3w Zastalu Zielona G\u00f3ra. Zawodnik stopniowo wraca do pe\u0142ni sprawno\u015bci po zabiegu, a jego obecno\u015b\u0107 na treningach budzi nadziej\u0119 przed kolejnym ligowym wyzwaniem \u2013 poniedzia\u0142kowym starciem z Anwilem W\u0142oc\u0142awek. W pi\u0105tek Matczak po raz kolejny trenowa\u0142 z zespo\u0142em, tym razem ju\u017c w znacznie","og:url":"https:\/\/zastalowcy.pl\/?p=817","og:image":"https:\/\/zastalowcy.pl\/wp-content\/uploads\/2025\/09\/cropped-logo-strony-2.png","og:image:secure_url":"https:\/\/zastalowcy.pl\/wp-content\/uploads\/2025\/09\/cropped-logo-strony-2.png","og:image:width":1862,"og:image:height":384,"article:published_time":"2025-12-22T14:09:05+00:00","article:modified_time":"2025-12-22T14:09:06+00:00","twitter:card":"summary_large_image","twitter:title":"Czy Filip Matczak zagra przeciwko Anwilowi? -","twitter:description":"Powr\u00f3t Filipa Matczaka na parkiet to temat, kt\u00f3ry od kilku tygodni elektryzuje kibic\u00f3w Zastalu Zielona G\u00f3ra. Zawodnik stopniowo wraca do pe\u0142ni sprawno\u015bci po zabiegu, a jego obecno\u015b\u0107 na treningach budzi nadziej\u0119 przed kolejnym ligowym wyzwaniem \u2013 poniedzia\u0142kowym starciem z Anwilem W\u0142oc\u0142awek. W pi\u0105tek Matczak po raz kolejny trenowa\u0142 z zespo\u0142em, tym razem ju\u017c w znacznie","twitter:image":"https:\/\/zastalowcy.pl\/wp-content\/uploads\/2025\/09\/cropped-logo-strony-2.png"},"aioseo_meta_data":{"post_id":"817","title":null,"description":null,"keywords":null,"keyphrases":null,"primary_term":null,"canonical_url":null,"og_title":null,"og_description":null,"og_object_type":"default","og_image_type":"default","og_image_custom_url":null,"og_image_custom_fields":null,"og_image_url":null,"og_image_width":null,"og_image_height":null,"og_video":null,"og_custom_url":null,"og_article_section":null,"og_article_tags":null,"twitter_use_og":false,"twitter_card":"default","twitter_image_type":"default","twitter_image_custom_url":null,"twitter_image_custom_fields":null,"twitter_image_url":null,"twitter_title":null,"twitter_description":null,"schema_type":"default","schema_type_options":null,"schema":{"blockGraphs":[],"customGraphs":[],"default":{"data":{"Article":[],"Course":[],"Dataset":[],"FAQPage":[],"Movie":[],"Person":[],"Product":[],"ProductReview":[],"Car":[],"Recipe":[],"Service":[],"SoftwareApplication":[],"WebPage":[]},"graphName":"","isEnabled":true},"graphs":[]},"pillar_content":false,"robots_default":true,"robots_noindex":false,"robots_noarchive":false,"robots_nosnippet":false,"robots_nofollow":false,"robots_noimageindex":false,"robots_noodp":false,"robots_notranslate":false,"robots_max_snippet":null,"robots_max_videopreview":null,"robots_max_imagepreview":"large","priority":null,"frequency":null,"local_seo":null,"limit_modified_date":false,"ai":null,"breadcrumb_settings":null,"seo_analyzer_scan_date":null,"created":"2026-07-15 16:46:42","updated":"2026-07-15 16:46:42","focus_keyword":null,"additional_keywords":null,"truseo_locale":null},"aioseo_breadcrumb":"<div class=\"aioseo-breadcrumbs\"><span class=\"aioseo-breadcrumb\">\n\t\t\t<a href=\"https:\/\/zastalowcy.pl\" title=\"Home\">Home<\/a>\n\t\t<\/span><span class=\"aioseo-breadcrumb-separator\">&raquo;<\/span><span class=\"aioseo-breadcrumb\">\n\t\t\t<a href=\"https:\/\/zastalowcy.pl\/?cat=9\" title=\"Sezon 2025\/2026\">Sezon 2025\/2026<\/a>\n\t\t<\/span><span class=\"aioseo-breadcrumb-separator\">&raquo;<\/span><span class=\"aioseo-breadcrumb\">\n\t\t\tCzy Filip Matczak zagra przeciwko Anwilowi?\n\t\t<\/span><\/div>","aioseo_breadcrumb_json":[{"label":"Home","link":"https:\/\/zastalowcy.pl"},{"label":"Sezon 2025\/2026","link":"https:\/\/zastalowcy.pl\/?cat=9"},{"label":"Czy Filip Matczak zagra przeciwko Anwilowi?","link":"https:\/\/zastalowcy.pl\/?p=817"}],"_links":{"self":[{"href":"https:\/\/zastalowcy.pl\/index.php?rest_route=\/wp\/v2\/posts\/817","targetHints":{"allow":["GET"]}}],"collection":[{"href":"https:\/\/zastalowcy.pl\/index.php?rest_route=\/wp\/v2\/posts"}],"about":[{"href":"https:\/\/zastalowcy.pl\/index.php?rest_route=\/wp\/v2\/types\/post"}],"author":[{"embeddable":true,"href":"https:\/\/zastalowcy.pl\/index.php?rest_route=\/wp\/v2\/users\/3"}],"replies":[{"embeddable":true,"href":"https:\/\/zastalowcy.pl\/index.php?rest_route=%2Fwp%2Fv2%2Fcomments&post=817"}],"version-history":[{"count":1,"href":"https:\/\/zastalowcy.pl\/index.php?rest_route=\/wp\/v2\/posts\/817\/revisions"}],"predecessor-version":[{"id":819,"href":"https:\/\/zastalowcy.pl\/index.php?rest_route=\/wp\/v2\/posts\/817\/revisions\/819"}],"wp:featuredmedia":[{"embeddable":true,"href":"https:\/\/zastalowcy.pl\/index.php?rest_route=\/wp\/v2\/media\/818"}],"wp:attachment":[{"href":"https:\/\/zastalowcy.pl\/index.php?rest_route=%2Fwp%2Fv2%2Fmedia&parent=817"}],"wp:term":[{"taxonomy":"category","embeddable":true,"href":"https:\/\/zastalowcy.pl\/index.php?rest_route=%2Fwp%2Fv2%2Fcategories&post=817"},{"taxonomy":"post_tag","embeddable":true,"href":"https:\/\/zastalowcy.pl\/index.php?rest_route=%2Fwp%2Fv2%2Ftags&post=817"}],"curies":[{"name":"wp","href":"https:\/\/api.w.org\/{rel}","templated":true}]}}