{"id":835,"date":"2025-12-31T09:53:18","date_gmt":"2025-12-31T08:53:18","guid":{"rendered":"https:\/\/zastalowcy.pl\/?p=835"},"modified":"2025-12-31T09:53:19","modified_gmt":"2025-12-31T08:53:19","slug":"polskie-swieta-patricka-cartiera-jedno-z-najlepszych-posilkow-w-moim-zyciu","status":"publish","type":"post","link":"https:\/\/zastalowcy.pl\/?p=835","title":{"rendered":"Polskie \u015bwi\u0119ta Patricka Cartiera. \u201eJedno z najlepszych posi\u0142k\u00f3w w moim \u017cyciu\u201d"},"content":{"rendered":"\n<p class=\"wp-block-paragraph\">Cho\u0107 \u015bwi\u0105teczny okres w ORLEN Basket Lidze nie oznacza pe\u0142nego odpoczynku od koszyk\u00f3wki, zawodnicy Zastalu Zielona G\u00f3ra znale\u017ali chwil\u0119, by poczu\u0107 magi\u0119 Bo\u017cego Narodzenia. Dla Patricka Cartiera by\u0142y to wyj\u0105tkowe \u015bwi\u0119ta \u2013 sp\u0119dzone w bardzo polskim stylu.<\/p>\n\n\n\n<p class=\"wp-block-paragraph\">Ameryka\u0144ski skrzyd\u0142owy zdradzi\u0142, \u017ce mimo trening\u00f3w dru\u017cyna mia\u0142a wolne w Wigili\u0119, co pozwoli\u0142o mu wyjecha\u0107 poza Zielon\u0105 G\u00f3r\u0119. Cartier skorzysta\u0142 z zaproszenia rodziny swojego kuzyna, kt\u00f3rego \u017cona pochodzi z Polski. \u2013 M\u00f3j kuzyn o\u017ceni\u0142 si\u0119 z Polk\u0105, kt\u00f3ra pochodzi z okolic Krakowa. Pojecha\u0142em do nich ju\u017c 23 grudnia i sp\u0119dzi\u0142em Wigili\u0119 razem z rodzin\u0105. To by\u0142o naprawd\u0119 co\u015b wyj\u0105tkowego \u2013 opowiada zawodnik Zastalu.<\/p>\n\n\n\n<p class=\"wp-block-paragraph\">Koszykarz po raz pierwszy mia\u0142 okazj\u0119 w pe\u0142ni do\u015bwiadczy\u0107 tradycyjnej polskiej Wigilii, o kt\u00f3rej wcze\u015bniej s\u0142ysza\u0142 od swoich koleg\u00f3w z dru\u017cyny. \u2013 Zrobi\u0142em dok\u0142adnie wszystko to, o czym m\u00f3wili mi wcze\u015bniej moi koledzy z zespo\u0142u. Wszystkie tradycje, ca\u0142a atmosfera \u2013 to by\u0142o bardzo fajne do\u015bwiadczenie \u2013 przyznaje.<\/p>\n\n\n\n<p class=\"wp-block-paragraph\">Nie mog\u0142o oczywi\u015bcie zabrakn\u0105\u0107 wigilijnych potraw. Patrick z entuzjazmem wspomina \u015bwi\u0105teczny st\u00f3\u0142, kt\u00f3ry zrobi\u0142 na nim ogromne wra\u017cenie. \u2013 By\u0142 barszcz, karp, pierogi, taka zupa z kapusty i grzyb\u00f3w, makowiec. By\u0142o jeszcze kilka rzeczy, kt\u00f3rych nazw nie pami\u0119tam, ale to by\u0142 jeden z najlepszych posi\u0142k\u00f3w w moim \u017cyciu \u2013 m\u00f3wi z u\u015bmiechem.<\/p>\n\n\n\n<p class=\"wp-block-paragraph\">Jak sam przyznaje, polska Wigilia skojarzy\u0142a mu si\u0119 z ameryka\u0144skim \u015awi\u0119tem Dzi\u0119kczynienia. \u2013 To by\u0142o troch\u0119 jak <em>Thanksgiving <\/em>\u2013 ogromny, wielki posi\u0142ek, wszystko razem, bardzo rodzinna atmosfera. Naprawd\u0119 niesamowite i pyszne \u2013 dodaje.<\/p>\n\n\n\n<p class=\"wp-block-paragraph\">\u015awi\u0119ta nie oby\u0142y si\u0119 r\u00f3wnie\u017c bez prezent\u00f3w. Cho\u0107 r\u00f3\u017cnice kulturowe by\u0142y widoczne, Patrick szybko odnalaz\u0142 si\u0119 w lokalnych zwyczajach. \u2013 By\u0142a u nas \u201eChristmas Star\u201d \u2013 tak to nazwali, co\u015b jak \u015awi\u0119ty Miko\u0142aj. Wiem, \u017ce w Polsce to r\u00f3\u017cnie bywa w zale\u017cno\u015bci od regionu, ale tak, dosta\u0142em prezent i by\u0142o bardzo mi\u0142o \u2013 powiedzia\u0142 na koniec zawodnik.<\/p>\n\n\n\n<p class=\"wp-block-paragraph\">\ud83c\udfc0 Zastalowcy.pl \u2013 o Zastalu od kibic\u00f3w \u2013 dla kibic\u00f3w<\/p>\n","protected":false},"excerpt":{"rendered":"<p>Cho\u0107 \u015bwi\u0105teczny okres w ORLEN Basket Lidze nie oznacza pe\u0142nego odpoczynku od koszyk\u00f3wki, zawodnicy Zastalu Zielona G\u00f3ra znale\u017ali<\/p>\n","protected":false},"author":3,"featured_media":836,"comment_status":"open","ping_status":"open","sticky":false,"template":"","format":"standard","meta":{"om_disable_all_campaigns":false,"footnotes":""},"categories":[18,9],"tags":[17,230,176,26,15,84,232,231,12,14,42,11,10,16],"class_list":["post-835","post","type-post","status-publish","format-standard","has-post-thumbnail","hentry","category-aktualnosci","category-sezon-2025-2026","tag-basketzg","tag-boze-narodzenie","tag-cartier","tag-druzyna","tag-koszykowka","tag-patrick-cartier","tag-swieta","tag-wigilia","tag-zastal","tag-zastal-zielona-gora","tag-zastalowcy","tag-zielona-gora","tag-zielonagora","tag-zielonogorska-koszykowka"],"aioseo_notices":[],"aioseo_head":"\n\t\t<!-- All in One SEO 5.0.0.1 - aioseo.com -->\n\t<meta name=\"description\" content=\"Cho\u0107 \u015bwi\u0105teczny okres w ORLEN Basket Lidze nie oznacza pe\u0142nego odpoczynku od koszyk\u00f3wki, zawodnicy Zastalu Zielona G\u00f3ra znale\u017ali chwil\u0119, by poczu\u0107 magi\u0119 Bo\u017cego Narodzenia. Dla Patricka Cartiera by\u0142y to wyj\u0105tkowe \u015bwi\u0119ta \u2013 sp\u0119dzone w bardzo polskim stylu. Ameryka\u0144ski skrzyd\u0142owy zdradzi\u0142, \u017ce mimo trening\u00f3w dru\u017cyna mia\u0142a wolne w Wigili\u0119, co pozwoli\u0142o mu wyjecha\u0107 poza Zielon\u0105 G\u00f3r\u0119.\" \/>\n\t<meta name=\"robots\" content=\"max-image-preview:large\" \/>\n\t<meta name=\"author\" content=\"Joanna Nawlicka\"\/>\n\t<link rel=\"canonical\" href=\"https:\/\/zastalowcy.pl\/?p=835\" \/>\n\t<meta name=\"generator\" content=\"All in One SEO (AIOSEO) 5.0.0.1\" \/>\n\t\t<meta property=\"og:locale\" content=\"pl_PL\" \/>\n\t\t<meta property=\"og:site_name\" content=\"- O Zastalu od kibic\u00f3w \u2013 dla kibic\u00f3w\" \/>\n\t\t<meta property=\"og:type\" content=\"article\" \/>\n\t\t<meta property=\"og:title\" content=\"Polskie \u015bwi\u0119ta Patricka Cartiera. \u201eJedno z najlepszych posi\u0142k\u00f3w w moim \u017cyciu\u201d -\" \/>\n\t\t<meta property=\"og:description\" content=\"Cho\u0107 \u015bwi\u0105teczny okres w ORLEN Basket Lidze nie oznacza pe\u0142nego odpoczynku od koszyk\u00f3wki, zawodnicy Zastalu Zielona G\u00f3ra znale\u017ali chwil\u0119, by poczu\u0107 magi\u0119 Bo\u017cego Narodzenia. Dla Patricka Cartiera by\u0142y to wyj\u0105tkowe \u015bwi\u0119ta \u2013 sp\u0119dzone w bardzo polskim stylu. Ameryka\u0144ski skrzyd\u0142owy zdradzi\u0142, \u017ce mimo trening\u00f3w dru\u017cyna mia\u0142a wolne w Wigili\u0119, co pozwoli\u0142o mu wyjecha\u0107 poza Zielon\u0105 G\u00f3r\u0119.\" \/>\n\t\t<meta property=\"og:url\" content=\"https:\/\/zastalowcy.pl\/?p=835\" \/>\n\t\t<meta property=\"og:image\" content=\"https:\/\/zastalowcy.pl\/wp-content\/uploads\/2025\/09\/cropped-logo-strony-2.png\" \/>\n\t\t<meta property=\"og:image:secure_url\" content=\"https:\/\/zastalowcy.pl\/wp-content\/uploads\/2025\/09\/cropped-logo-strony-2.png\" \/>\n\t\t<meta property=\"og:image:width\" content=\"1862\" \/>\n\t\t<meta property=\"og:image:height\" content=\"384\" \/>\n\t\t<meta property=\"article:published_time\" content=\"2025-12-31T08:53:18+00:00\" \/>\n\t\t<meta property=\"article:modified_time\" content=\"2025-12-31T08:53:19+00:00\" \/>\n\t\t<meta name=\"twitter:card\" content=\"summary_large_image\" \/>\n\t\t<meta name=\"twitter:title\" content=\"Polskie \u015bwi\u0119ta Patricka Cartiera. \u201eJedno z najlepszych posi\u0142k\u00f3w w moim \u017cyciu\u201d -\" \/>\n\t\t<meta name=\"twitter:description\" content=\"Cho\u0107 \u015bwi\u0105teczny okres w ORLEN Basket Lidze nie oznacza pe\u0142nego odpoczynku od koszyk\u00f3wki, zawodnicy Zastalu Zielona G\u00f3ra znale\u017ali chwil\u0119, by poczu\u0107 magi\u0119 Bo\u017cego Narodzenia. Dla Patricka Cartiera by\u0142y to wyj\u0105tkowe \u015bwi\u0119ta \u2013 sp\u0119dzone w bardzo polskim stylu. Ameryka\u0144ski skrzyd\u0142owy zdradzi\u0142, \u017ce mimo trening\u00f3w dru\u017cyna mia\u0142a wolne w Wigili\u0119, co pozwoli\u0142o mu wyjecha\u0107 poza Zielon\u0105 G\u00f3r\u0119.\" \/>\n\t\t<meta name=\"twitter:image\" content=\"https:\/\/zastalowcy.pl\/wp-content\/uploads\/2025\/09\/cropped-logo-strony-2.png\" \/>\n\t\t<script type=\"application\/ld+json\" class=\"aioseo-schema\">\n\t\t\t{\"@context\":\"https:\\\/\\\/schema.org\",\"@graph\":[{\"@type\":\"BlogPosting\",\"@id\":\"https:\\\/\\\/zastalowcy.pl\\\/?p=835#blogposting\",\"name\":\"Polskie \\u015bwi\\u0119ta Patricka Cartiera. \\u201eJedno z najlepszych posi\\u0142k\\u00f3w w moim \\u017cyciu\\u201d -\",\"headline\":\"Polskie \\u015bwi\\u0119ta Patricka Cartiera. \\u201eJedno z najlepszych posi\\u0142k\\u00f3w w moim \\u017cyciu\\u201d\",\"author\":{\"@id\":\"https:\\\/\\\/zastalowcy.pl\\\/?author=3#author\"},\"publisher\":{\"@id\":\"https:\\\/\\\/zastalowcy.pl\\\/#organization\"},\"image\":{\"@type\":\"ImageObject\",\"url\":\"https:\\\/\\\/zastalowcy.pl\\\/wp-content\\\/uploads\\\/2025\\\/12\\\/profilowe-18-1.png\",\"width\":2048,\"height\":2048},\"datePublished\":\"2025-12-31T09:53:18+01:00\",\"dateModified\":\"2025-12-31T09:53:19+01:00\",\"inLanguage\":\"pl-PL\",\"mainEntityOfPage\":{\"@id\":\"https:\\\/\\\/zastalowcy.pl\\\/?p=835#webpage\"},\"isPartOf\":{\"@id\":\"https:\\\/\\\/zastalowcy.pl\\\/?p=835#webpage\"},\"articleSection\":\"Aktualno\\u015bci, Sezon 2025\\\/2026, basketzg, bo\\u017ce narodzenie, cartier, dru\\u017cyna, koszyk\\u00f3wka, Patrick Cartier, \\u015bwi\\u0119ta, wigilia, zastal, zastal zielona g\\u00f3ra, zastalowcy, zielona g\\u00f3ra, zielonagora, zielonog\\u00f3rska koszyk\\u00f3wka\"},{\"@type\":\"BreadcrumbList\",\"@id\":\"https:\\\/\\\/zastalowcy.pl\\\/?p=835#breadcrumblist\",\"itemListElement\":[{\"@type\":\"ListItem\",\"@id\":\"https:\\\/\\\/zastalowcy.pl#listItem\",\"position\":1,\"name\":\"Home\",\"item\":\"https:\\\/\\\/zastalowcy.pl\",\"nextItem\":{\"@type\":\"ListItem\",\"@id\":\"https:\\\/\\\/zastalowcy.pl\\\/?cat=9#listItem\",\"name\":\"Sezon 2025\\\/2026\"}},{\"@type\":\"ListItem\",\"@id\":\"https:\\\/\\\/zastalowcy.pl\\\/?cat=9#listItem\",\"position\":2,\"name\":\"Sezon 2025\\\/2026\",\"item\":\"https:\\\/\\\/zastalowcy.pl\\\/?cat=9\",\"nextItem\":{\"@type\":\"ListItem\",\"@id\":\"https:\\\/\\\/zastalowcy.pl\\\/?p=835#listItem\",\"name\":\"Polskie \\u015bwi\\u0119ta Patricka Cartiera. \\u201eJedno z najlepszych posi\\u0142k\\u00f3w w moim \\u017cyciu\\u201d\"},\"previousItem\":{\"@type\":\"ListItem\",\"@id\":\"https:\\\/\\\/zastalowcy.pl#listItem\",\"name\":\"Home\"}},{\"@type\":\"ListItem\",\"@id\":\"https:\\\/\\\/zastalowcy.pl\\\/?p=835#listItem\",\"position\":3,\"name\":\"Polskie \\u015bwi\\u0119ta Patricka Cartiera. \\u201eJedno z najlepszych posi\\u0142k\\u00f3w w moim \\u017cyciu\\u201d\",\"previousItem\":{\"@type\":\"ListItem\",\"@id\":\"https:\\\/\\\/zastalowcy.pl\\\/?cat=9#listItem\",\"name\":\"Sezon 2025\\\/2026\"}}]},{\"@type\":\"Organization\",\"@id\":\"https:\\\/\\\/zastalowcy.pl\\\/#organization\",\"description\":\"O Zastalu od kibic\\u00f3w \\u2013 dla kibic\\u00f3w\",\"url\":\"https:\\\/\\\/zastalowcy.pl\\\/\",\"logo\":{\"@type\":\"ImageObject\",\"url\":\"https:\\\/\\\/zastalowcy.pl\\\/wp-content\\\/uploads\\\/2025\\\/09\\\/cropped-logo-strony-2.png\",\"@id\":\"https:\\\/\\\/zastalowcy.pl\\\/?p=835\\\/#organizationLogo\",\"width\":1862,\"height\":384},\"image\":{\"@id\":\"https:\\\/\\\/zastalowcy.pl\\\/?p=835\\\/#organizationLogo\"}},{\"@type\":\"Person\",\"@id\":\"https:\\\/\\\/zastalowcy.pl\\\/?author=3#author\",\"url\":\"https:\\\/\\\/zastalowcy.pl\\\/?author=3\",\"name\":\"Joanna Nawlicka\",\"image\":{\"@type\":\"ImageObject\",\"@id\":\"https:\\\/\\\/zastalowcy.pl\\\/?p=835#authorImage\",\"url\":\"https:\\\/\\\/secure.gravatar.com\\\/avatar\\\/66fc557d97536ff5096b6295970275631b7a4673997738477642001957f5274c?s=96&d=mm&r=g\",\"width\":96,\"height\":96,\"caption\":\"Joanna Nawlicka\"}},{\"@type\":\"WebPage\",\"@id\":\"https:\\\/\\\/zastalowcy.pl\\\/?p=835#webpage\",\"url\":\"https:\\\/\\\/zastalowcy.pl\\\/?p=835\",\"name\":\"Polskie \\u015bwi\\u0119ta Patricka Cartiera. \\u201eJedno z najlepszych posi\\u0142k\\u00f3w w moim \\u017cyciu\\u201d -\",\"description\":\"Cho\\u0107 \\u015bwi\\u0105teczny okres w ORLEN Basket Lidze nie oznacza pe\\u0142nego odpoczynku od koszyk\\u00f3wki, zawodnicy Zastalu Zielona G\\u00f3ra znale\\u017ali chwil\\u0119, by poczu\\u0107 magi\\u0119 Bo\\u017cego Narodzenia. Dla Patricka Cartiera by\\u0142y to wyj\\u0105tkowe \\u015bwi\\u0119ta \\u2013 sp\\u0119dzone w bardzo polskim stylu. Ameryka\\u0144ski skrzyd\\u0142owy zdradzi\\u0142, \\u017ce mimo trening\\u00f3w dru\\u017cyna mia\\u0142a wolne w Wigili\\u0119, co pozwoli\\u0142o mu wyjecha\\u0107 poza Zielon\\u0105 G\\u00f3r\\u0119.\",\"inLanguage\":\"pl-PL\",\"isPartOf\":{\"@id\":\"https:\\\/\\\/zastalowcy.pl\\\/#website\"},\"breadcrumb\":{\"@id\":\"https:\\\/\\\/zastalowcy.pl\\\/?p=835#breadcrumblist\"},\"author\":{\"@id\":\"https:\\\/\\\/zastalowcy.pl\\\/?author=3#author\"},\"creator\":{\"@id\":\"https:\\\/\\\/zastalowcy.pl\\\/?author=3#author\"},\"image\":{\"@type\":\"ImageObject\",\"url\":\"https:\\\/\\\/zastalowcy.pl\\\/wp-content\\\/uploads\\\/2025\\\/12\\\/profilowe-18-1.png\",\"@id\":\"https:\\\/\\\/zastalowcy.pl\\\/?p=835\\\/#mainImage\",\"width\":2048,\"height\":2048},\"primaryImageOfPage\":{\"@id\":\"https:\\\/\\\/zastalowcy.pl\\\/?p=835#mainImage\"},\"datePublished\":\"2025-12-31T09:53:18+01:00\",\"dateModified\":\"2025-12-31T09:53:19+01:00\"},{\"@type\":\"WebSite\",\"@id\":\"https:\\\/\\\/zastalowcy.pl\\\/#website\",\"url\":\"https:\\\/\\\/zastalowcy.pl\\\/\",\"description\":\"O Zastalu od kibic\\u00f3w \\u2013 dla kibic\\u00f3w\",\"inLanguage\":\"pl-PL\",\"publisher\":{\"@id\":\"https:\\\/\\\/zastalowcy.pl\\\/#organization\"}}]}\n\t\t<\/script>\n\t\t<!-- All in One SEO -->\n\n","aioseo_head_json":{"title":"Polskie \u015bwi\u0119ta Patricka Cartiera. \u201eJedno z najlepszych posi\u0142k\u00f3w w moim \u017cyciu\u201d -","description":"Cho\u0107 \u015bwi\u0105teczny okres w ORLEN Basket Lidze nie oznacza pe\u0142nego odpoczynku od koszyk\u00f3wki, zawodnicy Zastalu Zielona G\u00f3ra znale\u017ali chwil\u0119, by poczu\u0107 magi\u0119 Bo\u017cego Narodzenia. Dla Patricka Cartiera by\u0142y to wyj\u0105tkowe \u015bwi\u0119ta \u2013 sp\u0119dzone w bardzo polskim stylu. Ameryka\u0144ski skrzyd\u0142owy zdradzi\u0142, \u017ce mimo trening\u00f3w dru\u017cyna mia\u0142a wolne w Wigili\u0119, co pozwoli\u0142o mu wyjecha\u0107 poza Zielon\u0105 G\u00f3r\u0119.","canonical_url":"https:\/\/zastalowcy.pl\/?p=835","robots":"max-image-preview:large","keywords":"","webmasterTools":{"miscellaneous":""},"schema":{"@context":"https:\/\/schema.org","@graph":[{"@type":"BlogPosting","@id":"https:\/\/zastalowcy.pl\/?p=835#blogposting","name":"Polskie \u015bwi\u0119ta Patricka Cartiera. \u201eJedno z najlepszych posi\u0142k\u00f3w w moim \u017cyciu\u201d -","headline":"Polskie \u015bwi\u0119ta Patricka Cartiera. \u201eJedno z najlepszych posi\u0142k\u00f3w w moim \u017cyciu\u201d","author":{"@id":"https:\/\/zastalowcy.pl\/?author=3#author"},"publisher":{"@id":"https:\/\/zastalowcy.pl\/#organization"},"image":{"@type":"ImageObject","url":"https:\/\/zastalowcy.pl\/wp-content\/uploads\/2025\/12\/profilowe-18-1.png","width":2048,"height":2048},"datePublished":"2025-12-31T09:53:18+01:00","dateModified":"2025-12-31T09:53:19+01:00","inLanguage":"pl-PL","mainEntityOfPage":{"@id":"https:\/\/zastalowcy.pl\/?p=835#webpage"},"isPartOf":{"@id":"https:\/\/zastalowcy.pl\/?p=835#webpage"},"articleSection":"Aktualno\u015bci, Sezon 2025\/2026, basketzg, bo\u017ce narodzenie, cartier, dru\u017cyna, koszyk\u00f3wka, Patrick Cartier, \u015bwi\u0119ta, wigilia, zastal, zastal zielona g\u00f3ra, zastalowcy, zielona g\u00f3ra, zielonagora, zielonog\u00f3rska koszyk\u00f3wka"},{"@type":"BreadcrumbList","@id":"https:\/\/zastalowcy.pl\/?p=835#breadcrumblist","itemListElement":[{"@type":"ListItem","@id":"https:\/\/zastalowcy.pl#listItem","position":1,"name":"Home","item":"https:\/\/zastalowcy.pl","nextItem":{"@type":"ListItem","@id":"https:\/\/zastalowcy.pl\/?cat=9#listItem","name":"Sezon 2025\/2026"}},{"@type":"ListItem","@id":"https:\/\/zastalowcy.pl\/?cat=9#listItem","position":2,"name":"Sezon 2025\/2026","item":"https:\/\/zastalowcy.pl\/?cat=9","nextItem":{"@type":"ListItem","@id":"https:\/\/zastalowcy.pl\/?p=835#listItem","name":"Polskie \u015bwi\u0119ta Patricka Cartiera. \u201eJedno z najlepszych posi\u0142k\u00f3w w moim \u017cyciu\u201d"},"previousItem":{"@type":"ListItem","@id":"https:\/\/zastalowcy.pl#listItem","name":"Home"}},{"@type":"ListItem","@id":"https:\/\/zastalowcy.pl\/?p=835#listItem","position":3,"name":"Polskie \u015bwi\u0119ta Patricka Cartiera. \u201eJedno z najlepszych posi\u0142k\u00f3w w moim \u017cyciu\u201d","previousItem":{"@type":"ListItem","@id":"https:\/\/zastalowcy.pl\/?cat=9#listItem","name":"Sezon 2025\/2026"}}]},{"@type":"Organization","@id":"https:\/\/zastalowcy.pl\/#organization","description":"O Zastalu od kibic\u00f3w \u2013 dla kibic\u00f3w","url":"https:\/\/zastalowcy.pl\/","logo":{"@type":"ImageObject","url":"https:\/\/zastalowcy.pl\/wp-content\/uploads\/2025\/09\/cropped-logo-strony-2.png","@id":"https:\/\/zastalowcy.pl\/?p=835\/#organizationLogo","width":1862,"height":384},"image":{"@id":"https:\/\/zastalowcy.pl\/?p=835\/#organizationLogo"}},{"@type":"Person","@id":"https:\/\/zastalowcy.pl\/?author=3#author","url":"https:\/\/zastalowcy.pl\/?author=3","name":"Joanna Nawlicka","image":{"@type":"ImageObject","@id":"https:\/\/zastalowcy.pl\/?p=835#authorImage","url":"https:\/\/secure.gravatar.com\/avatar\/66fc557d97536ff5096b6295970275631b7a4673997738477642001957f5274c?s=96&d=mm&r=g","width":96,"height":96,"caption":"Joanna Nawlicka"}},{"@type":"WebPage","@id":"https:\/\/zastalowcy.pl\/?p=835#webpage","url":"https:\/\/zastalowcy.pl\/?p=835","name":"Polskie \u015bwi\u0119ta Patricka Cartiera. \u201eJedno z najlepszych posi\u0142k\u00f3w w moim \u017cyciu\u201d -","description":"Cho\u0107 \u015bwi\u0105teczny okres w ORLEN Basket Lidze nie oznacza pe\u0142nego odpoczynku od koszyk\u00f3wki, zawodnicy Zastalu Zielona G\u00f3ra znale\u017ali chwil\u0119, by poczu\u0107 magi\u0119 Bo\u017cego Narodzenia. Dla Patricka Cartiera by\u0142y to wyj\u0105tkowe \u015bwi\u0119ta \u2013 sp\u0119dzone w bardzo polskim stylu. Ameryka\u0144ski skrzyd\u0142owy zdradzi\u0142, \u017ce mimo trening\u00f3w dru\u017cyna mia\u0142a wolne w Wigili\u0119, co pozwoli\u0142o mu wyjecha\u0107 poza Zielon\u0105 G\u00f3r\u0119.","inLanguage":"pl-PL","isPartOf":{"@id":"https:\/\/zastalowcy.pl\/#website"},"breadcrumb":{"@id":"https:\/\/zastalowcy.pl\/?p=835#breadcrumblist"},"author":{"@id":"https:\/\/zastalowcy.pl\/?author=3#author"},"creator":{"@id":"https:\/\/zastalowcy.pl\/?author=3#author"},"image":{"@type":"ImageObject","url":"https:\/\/zastalowcy.pl\/wp-content\/uploads\/2025\/12\/profilowe-18-1.png","@id":"https:\/\/zastalowcy.pl\/?p=835\/#mainImage","width":2048,"height":2048},"primaryImageOfPage":{"@id":"https:\/\/zastalowcy.pl\/?p=835#mainImage"},"datePublished":"2025-12-31T09:53:18+01:00","dateModified":"2025-12-31T09:53:19+01:00"},{"@type":"WebSite","@id":"https:\/\/zastalowcy.pl\/#website","url":"https:\/\/zastalowcy.pl\/","description":"O Zastalu od kibic\u00f3w \u2013 dla kibic\u00f3w","inLanguage":"pl-PL","publisher":{"@id":"https:\/\/zastalowcy.pl\/#organization"}}]},"og:locale":"pl_PL","og:site_name":"- O Zastalu od kibic\u00f3w \u2013 dla kibic\u00f3w","og:type":"article","og:title":"Polskie \u015bwi\u0119ta Patricka Cartiera. \u201eJedno z najlepszych posi\u0142k\u00f3w w moim \u017cyciu\u201d -","og:description":"Cho\u0107 \u015bwi\u0105teczny okres w ORLEN Basket Lidze nie oznacza pe\u0142nego odpoczynku od koszyk\u00f3wki, zawodnicy Zastalu Zielona G\u00f3ra znale\u017ali chwil\u0119, by poczu\u0107 magi\u0119 Bo\u017cego Narodzenia. Dla Patricka Cartiera by\u0142y to wyj\u0105tkowe \u015bwi\u0119ta \u2013 sp\u0119dzone w bardzo polskim stylu. Ameryka\u0144ski skrzyd\u0142owy zdradzi\u0142, \u017ce mimo trening\u00f3w dru\u017cyna mia\u0142a wolne w Wigili\u0119, co pozwoli\u0142o mu wyjecha\u0107 poza Zielon\u0105 G\u00f3r\u0119.","og:url":"https:\/\/zastalowcy.pl\/?p=835","og:image":"https:\/\/zastalowcy.pl\/wp-content\/uploads\/2025\/09\/cropped-logo-strony-2.png","og:image:secure_url":"https:\/\/zastalowcy.pl\/wp-content\/uploads\/2025\/09\/cropped-logo-strony-2.png","og:image:width":1862,"og:image:height":384,"article:published_time":"2025-12-31T08:53:18+00:00","article:modified_time":"2025-12-31T08:53:19+00:00","twitter:card":"summary_large_image","twitter:title":"Polskie \u015bwi\u0119ta Patricka Cartiera. \u201eJedno z najlepszych posi\u0142k\u00f3w w moim \u017cyciu\u201d -","twitter:description":"Cho\u0107 \u015bwi\u0105teczny okres w ORLEN Basket Lidze nie oznacza pe\u0142nego odpoczynku od koszyk\u00f3wki, zawodnicy Zastalu Zielona G\u00f3ra znale\u017ali chwil\u0119, by poczu\u0107 magi\u0119 Bo\u017cego Narodzenia. Dla Patricka Cartiera by\u0142y to wyj\u0105tkowe \u015bwi\u0119ta \u2013 sp\u0119dzone w bardzo polskim stylu. Ameryka\u0144ski skrzyd\u0142owy zdradzi\u0142, \u017ce mimo trening\u00f3w dru\u017cyna mia\u0142a wolne w Wigili\u0119, co pozwoli\u0142o mu wyjecha\u0107 poza Zielon\u0105 G\u00f3r\u0119.","twitter:image":"https:\/\/zastalowcy.pl\/wp-content\/uploads\/2025\/09\/cropped-logo-strony-2.png"},"aioseo_meta_data":{"post_id":"835","title":null,"description":null,"keywords":null,"keyphrases":null,"primary_term":null,"canonical_url":null,"og_title":null,"og_description":null,"og_object_type":"default","og_image_type":"default","og_image_custom_url":null,"og_image_custom_fields":null,"og_image_url":null,"og_image_width":null,"og_image_height":null,"og_video":null,"og_custom_url":null,"og_article_section":null,"og_article_tags":null,"twitter_use_og":false,"twitter_card":"default","twitter_image_type":"default","twitter_image_custom_url":null,"twitter_image_custom_fields":null,"twitter_image_url":null,"twitter_title":null,"twitter_description":null,"schema_type":"default","schema_type_options":null,"schema":{"blockGraphs":[],"customGraphs":[],"default":{"data":{"Article":[],"Course":[],"Dataset":[],"FAQPage":[],"Movie":[],"Person":[],"Product":[],"ProductReview":[],"Car":[],"Recipe":[],"Service":[],"SoftwareApplication":[],"WebPage":[]},"graphName":"","isEnabled":true},"graphs":[]},"pillar_content":false,"robots_default":true,"robots_noindex":false,"robots_noarchive":false,"robots_nosnippet":false,"robots_nofollow":false,"robots_noimageindex":false,"robots_noodp":false,"robots_notranslate":false,"robots_max_snippet":null,"robots_max_videopreview":null,"robots_max_imagepreview":"large","priority":null,"frequency":null,"local_seo":null,"limit_modified_date":false,"ai":null,"breadcrumb_settings":null,"seo_analyzer_scan_date":null,"created":"2026-07-15 16:47:48","updated":"2026-07-15 16:47:48","focus_keyword":null,"additional_keywords":null,"truseo_locale":null},"aioseo_breadcrumb":"<div class=\"aioseo-breadcrumbs\"><span class=\"aioseo-breadcrumb\">\n\t\t\t<a href=\"https:\/\/zastalowcy.pl\" title=\"Home\">Home<\/a>\n\t\t<\/span><span class=\"aioseo-breadcrumb-separator\">&raquo;<\/span><span class=\"aioseo-breadcrumb\">\n\t\t\t<a href=\"https:\/\/zastalowcy.pl\/?cat=9\" title=\"Sezon 2025\/2026\">Sezon 2025\/2026<\/a>\n\t\t<\/span><span class=\"aioseo-breadcrumb-separator\">&raquo;<\/span><span class=\"aioseo-breadcrumb\">\n\t\t\tPolskie \u015bwi\u0119ta Patricka Cartiera. \u201eJedno z najlepszych posi\u0142k\u00f3w w moim \u017cyciu\u201d\n\t\t<\/span><\/div>","aioseo_breadcrumb_json":[{"label":"Home","link":"https:\/\/zastalowcy.pl"},{"label":"Sezon 2025\/2026","link":"https:\/\/zastalowcy.pl\/?cat=9"},{"label":"Polskie \u015bwi\u0119ta Patricka Cartiera. \u201eJedno z najlepszych posi\u0142k\u00f3w w moim \u017cyciu\u201d","link":"https:\/\/zastalowcy.pl\/?p=835"}],"_links":{"self":[{"href":"https:\/\/zastalowcy.pl\/index.php?rest_route=\/wp\/v2\/posts\/835","targetHints":{"allow":["GET"]}}],"collection":[{"href":"https:\/\/zastalowcy.pl\/index.php?rest_route=\/wp\/v2\/posts"}],"about":[{"href":"https:\/\/zastalowcy.pl\/index.php?rest_route=\/wp\/v2\/types\/post"}],"author":[{"embeddable":true,"href":"https:\/\/zastalowcy.pl\/index.php?rest_route=\/wp\/v2\/users\/3"}],"replies":[{"embeddable":true,"href":"https:\/\/zastalowcy.pl\/index.php?rest_route=%2Fwp%2Fv2%2Fcomments&post=835"}],"version-history":[{"count":1,"href":"https:\/\/zastalowcy.pl\/index.php?rest_route=\/wp\/v2\/posts\/835\/revisions"}],"predecessor-version":[{"id":837,"href":"https:\/\/zastalowcy.pl\/index.php?rest_route=\/wp\/v2\/posts\/835\/revisions\/837"}],"wp:featuredmedia":[{"embeddable":true,"href":"https:\/\/zastalowcy.pl\/index.php?rest_route=\/wp\/v2\/media\/836"}],"wp:attachment":[{"href":"https:\/\/zastalowcy.pl\/index.php?rest_route=%2Fwp%2Fv2%2Fmedia&parent=835"}],"wp:term":[{"taxonomy":"category","embeddable":true,"href":"https:\/\/zastalowcy.pl\/index.php?rest_route=%2Fwp%2Fv2%2Fcategories&post=835"},{"taxonomy":"post_tag","embeddable":true,"href":"https:\/\/zastalowcy.pl\/index.php?rest_route=%2Fwp%2Fv2%2Ftags&post=835"}],"curies":[{"name":"wp","href":"https:\/\/api.w.org\/{rel}","templated":true}]}}