{"id":851,"date":"2026-01-02T15:21:04","date_gmt":"2026-01-02T14:21:04","guid":{"rendered":"https:\/\/zastalowcy.pl\/?p=851"},"modified":"2026-01-02T15:21:04","modified_gmt":"2026-01-02T14:21:04","slug":"140-gardel-jeden-cel-zastal-z-mocnym-wsparciem-we-wroclawiu","status":"publish","type":"post","link":"https:\/\/zastalowcy.pl\/?p=851","title":{"rendered":"140 garde\u0142, jeden cel. Zastal z mocnym wsparciem we Wroc\u0142awiu"},"content":{"rendered":"\n<p class=\"wp-block-paragraph\">Pi\u0105tkowy mecz Zastalu Zielona G\u00f3ra ze \u015al\u0105skiem Wroc\u0142aw zapowiada si\u0119 nie tylko jako jedno z najciekawszych sportowych wydarze\u0144 kolejki, ale tak\u017ce jako prawdziwe \u015bwi\u0119to kibicowskie. Do stolicy Dolnego \u015al\u0105ska wybierze si\u0119 bowiem zorganizowana grupa oko\u0142o 140 fan\u00f3w Zastalu, kt\u00f3rzy wsp\u00f3lnie autokarem i w\u0142asnymi autami rusz\u0105 za swoj\u0105 dru\u017cyn\u0105, by wspiera\u0107 j\u0105 w hali Orbita.<\/p>\n\n\n\n<p class=\"wp-block-paragraph\">Dla zielonog\u00f3rskich kibic\u00f3w to kolejny dow\u00f3d, \u017ce mimo wyjazdowego charakteru spotkania Zastal nie zostanie sam. O sile tego wsparcia doskonale wiedz\u0105 zar\u00f3wno zawodnicy, jak i sztab szkoleniowy.<\/p>\n\n\n\n<p class=\"wp-block-paragraph\">\u2013 Dla nas to bardzo du\u017co. My ich s\u0142yszymy, my ich widzimy i za to im bardzo dzi\u0119kujemy. To wsparcie jest dla nas czym\u015b wielkim i cieszymy si\u0119, \u017ce we Wroc\u0142awiu ono r\u00f3wnie\u017c dopisze. Jak kibic jest z nami, to zawsze gra si\u0119 lepiej \u2013 podkre\u015bla Filip Matczak.<\/p>\n\n\n\n<h4 class=\"wp-block-heading\">Energia z trybun, kt\u00f3ra niesie dru\u017cyn\u0119<\/h4>\n\n\n\n<p class=\"wp-block-paragraph\">Zielonog\u00f3rscy kibice w tym sezonie wielokrotnie udowadniali, \u017ce potrafi\u0105 stworzy\u0107 atmosfer\u0119, kt\u00f3ra niesie zesp\u00f3\u0142. Tym razem spr\u00f3buj\u0105 przebi\u0107 si\u0119 przez g\u0142o\u015bn\u0105 publiczno\u015b\u0107 \u015al\u0105ska Wroc\u0142aw i zaznaczy\u0107 swoj\u0105 obecno\u015b\u0107 r\u00f3wnie\u017c na wyje\u017adzie.<\/p>\n\n\n\n<p class=\"wp-block-paragraph\">Chavaughn Lewis nie ma w\u0105tpliwo\u015bci, jak wa\u017cna b\u0119dzie ich obecno\u015b\u0107 w Orbicie. \u2013 Po prostu niech przynios\u0105 t\u0119 sam\u0105 energi\u0119. Kocham tych kibic\u00f3w \u2013 jednych z najlepszych, przed jakimi kiedykolwiek gra\u0142em. Niech b\u0119d\u0105 sob\u0105, a my damy im pow\u00f3d, \u017ceby nas wspiera\u0107 \u2013 m\u00f3wi Amerykanin.<\/p>\n\n\n\n<p class=\"wp-block-paragraph\">Lewis podkre\u015bla te\u017c, \u017ce niezale\u017cnie od miejsca w tabeli czy rangi rywala, zesp\u00f3\u0142 koncentruje si\u0119 na swojej to\u017csamo\u015bci i grze. \u2013 Je\u015bli skupimy si\u0119 na tym, co robimy najlepiej i zrealizujemy plan meczowy, rywale b\u0119d\u0105 mieli z nami problem \u2013 dodaje.<\/p>\n\n\n\n<h4 class=\"wp-block-heading\">\u201eStacja Wroc\u0142aw G\u0142\u00f3wny\u201d i komplet na trybunach<\/h4>\n\n\n\n<p class=\"wp-block-paragraph\">Do wyjazdu kibic\u00f3w odni\u00f3s\u0142 si\u0119 tak\u017ce trener Arkadiusz Mi\u0142oszewski, kt\u00f3ry \u2013 jak sam przyznaje \u2013 w trakcie meczu widzi przede wszystkim parkiet, ale doskonale zdaje sobie spraw\u0119 z rosn\u0105cego wsparcia trybun. \u2013 Ciesz\u0119 si\u0119, \u017ce w komplecie w Hali Orbita b\u0119dzie te\u017c oko\u0142o 140 kibic\u00f3w ze Zielonej G\u00f3ry. To pokazuje, \u017ce ludzie nadal w nas wierz\u0105 i \u017ce ten ekspres, kt\u00f3rym jedziemy, naprawd\u0119 nabiera pr\u0119dko\u015bci \u2013 zaznacza szkoleniowiec Zastalu.<\/p>\n\n\n\n<p class=\"wp-block-paragraph\">Mi\u0142oszewski nie ukrywa, \u017ce \u015al\u0105sk Wroc\u0142aw jest faworytem spotkania, ale w\u0142a\u015bnie w takich meczach dodatkowa energia z trybun mo\u017ce mie\u0107 ogromne znaczenie. \u2013 Gramy przeciwko najbardziej utytu\u0142owanemu klubowi w Polsce, w ich hali, przy pe\u0142nych trybunach. Ale my chcemy sprawi\u0107 niespodziank\u0119. Walczymy o \u00f3semk\u0119 i o Puchar Polski, a takie mecze mog\u0105 nas do tego przybli\u017cy\u0107 \u2013 podkre\u015bla trener.<\/p>\n\n\n\n<p class=\"wp-block-paragraph\">\ud83c\udfc0 Zastalowcy.pl \u2013 o Zastalu od kibic\u00f3w \u2013 dla kibic\u00f3w<\/p>\n","protected":false},"excerpt":{"rendered":"<p>Pi\u0105tkowy mecz Zastalu Zielona G\u00f3ra ze \u015al\u0105skiem Wroc\u0142aw zapowiada si\u0119 nie tylko jako jedno z najciekawszych sportowych wydarze\u0144<\/p>\n","protected":false},"author":3,"featured_media":852,"comment_status":"open","ping_status":"open","sticky":false,"template":"","format":"standard","meta":{"om_disable_all_campaigns":false,"footnotes":""},"categories":[18,9],"tags":[17,26,131,15,210,109,236,12,14,42,238,45,11,10,16],"class_list":["post-851","post","type-post","status-publish","format-standard","has-post-thumbnail","hentry","category-aktualnosci","category-sezon-2025-2026","tag-basketzg","tag-druzyna","tag-klub-kibica-zastal","tag-koszykowka","tag-slask-wroclaw","tag-wks-slask-wroclaw","tag-wroclaw","tag-zastal","tag-zastal-zielona-gora","tag-zastalowcy","tag-zastalowcy-pl-2","tag-zastalowcy-pl","tag-zielona-gora","tag-zielonagora","tag-zielonogorska-koszykowka"],"aioseo_notices":[],"aioseo_head":"\n\t\t<!-- All in One SEO 5.0.0.1 - aioseo.com -->\n\t<meta name=\"description\" content=\"Pi\u0105tkowy mecz Zastalu Zielona G\u00f3ra ze \u015al\u0105skiem Wroc\u0142aw zapowiada si\u0119 nie tylko jako jedno z najciekawszych sportowych wydarze\u0144 kolejki, ale tak\u017ce jako prawdziwe \u015bwi\u0119to kibicowskie. Do stolicy Dolnego \u015al\u0105ska wybierze si\u0119 bowiem zorganizowana grupa oko\u0142o 140 fan\u00f3w Zastalu, kt\u00f3rzy wsp\u00f3lnie autokarem i w\u0142asnymi autami rusz\u0105 za swoj\u0105 dru\u017cyn\u0105, by wspiera\u0107 j\u0105 w hali Orbita. Dla\" \/>\n\t<meta name=\"robots\" content=\"max-image-preview:large\" \/>\n\t<meta name=\"author\" content=\"Joanna Nawlicka\"\/>\n\t<link rel=\"canonical\" href=\"https:\/\/zastalowcy.pl\/?p=851\" \/>\n\t<meta name=\"generator\" content=\"All in One SEO (AIOSEO) 5.0.0.1\" \/>\n\t\t<meta property=\"og:locale\" content=\"pl_PL\" \/>\n\t\t<meta property=\"og:site_name\" content=\"- O Zastalu od kibic\u00f3w \u2013 dla kibic\u00f3w\" \/>\n\t\t<meta property=\"og:type\" content=\"article\" \/>\n\t\t<meta property=\"og:title\" content=\"140 garde\u0142, jeden cel. Zastal z mocnym wsparciem we Wroc\u0142awiu -\" \/>\n\t\t<meta property=\"og:description\" content=\"Pi\u0105tkowy mecz Zastalu Zielona G\u00f3ra ze \u015al\u0105skiem Wroc\u0142aw zapowiada si\u0119 nie tylko jako jedno z najciekawszych sportowych wydarze\u0144 kolejki, ale tak\u017ce jako prawdziwe \u015bwi\u0119to kibicowskie. Do stolicy Dolnego \u015al\u0105ska wybierze si\u0119 bowiem zorganizowana grupa oko\u0142o 140 fan\u00f3w Zastalu, kt\u00f3rzy wsp\u00f3lnie autokarem i w\u0142asnymi autami rusz\u0105 za swoj\u0105 dru\u017cyn\u0105, by wspiera\u0107 j\u0105 w hali Orbita. Dla\" \/>\n\t\t<meta property=\"og:url\" content=\"https:\/\/zastalowcy.pl\/?p=851\" \/>\n\t\t<meta property=\"og:image\" content=\"https:\/\/zastalowcy.pl\/wp-content\/uploads\/2025\/09\/cropped-logo-strony-2.png\" \/>\n\t\t<meta property=\"og:image:secure_url\" content=\"https:\/\/zastalowcy.pl\/wp-content\/uploads\/2025\/09\/cropped-logo-strony-2.png\" \/>\n\t\t<meta property=\"og:image:width\" content=\"1862\" \/>\n\t\t<meta property=\"og:image:height\" content=\"384\" \/>\n\t\t<meta property=\"article:published_time\" content=\"2026-01-02T14:21:04+00:00\" \/>\n\t\t<meta property=\"article:modified_time\" content=\"2026-01-02T14:21:04+00:00\" \/>\n\t\t<meta name=\"twitter:card\" content=\"summary_large_image\" \/>\n\t\t<meta name=\"twitter:title\" content=\"140 garde\u0142, jeden cel. Zastal z mocnym wsparciem we Wroc\u0142awiu -\" \/>\n\t\t<meta name=\"twitter:description\" content=\"Pi\u0105tkowy mecz Zastalu Zielona G\u00f3ra ze \u015al\u0105skiem Wroc\u0142aw zapowiada si\u0119 nie tylko jako jedno z najciekawszych sportowych wydarze\u0144 kolejki, ale tak\u017ce jako prawdziwe \u015bwi\u0119to kibicowskie. Do stolicy Dolnego \u015al\u0105ska wybierze si\u0119 bowiem zorganizowana grupa oko\u0142o 140 fan\u00f3w Zastalu, kt\u00f3rzy wsp\u00f3lnie autokarem i w\u0142asnymi autami rusz\u0105 za swoj\u0105 dru\u017cyn\u0105, by wspiera\u0107 j\u0105 w hali Orbita. Dla\" \/>\n\t\t<meta name=\"twitter:image\" content=\"https:\/\/zastalowcy.pl\/wp-content\/uploads\/2025\/09\/cropped-logo-strony-2.png\" \/>\n\t\t<script type=\"application\/ld+json\" class=\"aioseo-schema\">\n\t\t\t{\"@context\":\"https:\\\/\\\/schema.org\",\"@graph\":[{\"@type\":\"BlogPosting\",\"@id\":\"https:\\\/\\\/zastalowcy.pl\\\/?p=851#blogposting\",\"name\":\"140 garde\\u0142, jeden cel. Zastal z mocnym wsparciem we Wroc\\u0142awiu -\",\"headline\":\"140 garde\\u0142, jeden cel. Zastal z mocnym wsparciem we Wroc\\u0142awiu\",\"author\":{\"@id\":\"https:\\\/\\\/zastalowcy.pl\\\/?author=3#author\"},\"publisher\":{\"@id\":\"https:\\\/\\\/zastalowcy.pl\\\/#organization\"},\"image\":{\"@type\":\"ImageObject\",\"url\":\"https:\\\/\\\/zastalowcy.pl\\\/wp-content\\\/uploads\\\/2026\\\/01\\\/profilowe-23.png\",\"width\":2048,\"height\":2048},\"datePublished\":\"2026-01-02T15:21:04+01:00\",\"dateModified\":\"2026-01-02T15:21:04+01:00\",\"inLanguage\":\"pl-PL\",\"mainEntityOfPage\":{\"@id\":\"https:\\\/\\\/zastalowcy.pl\\\/?p=851#webpage\"},\"isPartOf\":{\"@id\":\"https:\\\/\\\/zastalowcy.pl\\\/?p=851#webpage\"},\"articleSection\":\"Aktualno\\u015bci, Sezon 2025\\\/2026, basketzg, dru\\u017cyna, klub kibica zastal, koszyk\\u00f3wka, \\u015bl\\u0105sk wroc\\u0142aw, WKS \\u015al\\u0105sk Wroc\\u0142aw, wroc\\u0142aw, zastal, zastal zielona g\\u00f3ra, zastalowcy, zastalowcy pl, zastalowcy.pl, zielona g\\u00f3ra, zielonagora, zielonog\\u00f3rska koszyk\\u00f3wka\"},{\"@type\":\"BreadcrumbList\",\"@id\":\"https:\\\/\\\/zastalowcy.pl\\\/?p=851#breadcrumblist\",\"itemListElement\":[{\"@type\":\"ListItem\",\"@id\":\"https:\\\/\\\/zastalowcy.pl#listItem\",\"position\":1,\"name\":\"Home\",\"item\":\"https:\\\/\\\/zastalowcy.pl\",\"nextItem\":{\"@type\":\"ListItem\",\"@id\":\"https:\\\/\\\/zastalowcy.pl\\\/?cat=9#listItem\",\"name\":\"Sezon 2025\\\/2026\"}},{\"@type\":\"ListItem\",\"@id\":\"https:\\\/\\\/zastalowcy.pl\\\/?cat=9#listItem\",\"position\":2,\"name\":\"Sezon 2025\\\/2026\",\"item\":\"https:\\\/\\\/zastalowcy.pl\\\/?cat=9\",\"nextItem\":{\"@type\":\"ListItem\",\"@id\":\"https:\\\/\\\/zastalowcy.pl\\\/?p=851#listItem\",\"name\":\"140 garde\\u0142, jeden cel. Zastal z mocnym wsparciem we Wroc\\u0142awiu\"},\"previousItem\":{\"@type\":\"ListItem\",\"@id\":\"https:\\\/\\\/zastalowcy.pl#listItem\",\"name\":\"Home\"}},{\"@type\":\"ListItem\",\"@id\":\"https:\\\/\\\/zastalowcy.pl\\\/?p=851#listItem\",\"position\":3,\"name\":\"140 garde\\u0142, jeden cel. Zastal z mocnym wsparciem we Wroc\\u0142awiu\",\"previousItem\":{\"@type\":\"ListItem\",\"@id\":\"https:\\\/\\\/zastalowcy.pl\\\/?cat=9#listItem\",\"name\":\"Sezon 2025\\\/2026\"}}]},{\"@type\":\"Organization\",\"@id\":\"https:\\\/\\\/zastalowcy.pl\\\/#organization\",\"description\":\"O Zastalu od kibic\\u00f3w \\u2013 dla kibic\\u00f3w\",\"url\":\"https:\\\/\\\/zastalowcy.pl\\\/\",\"logo\":{\"@type\":\"ImageObject\",\"url\":\"https:\\\/\\\/zastalowcy.pl\\\/wp-content\\\/uploads\\\/2025\\\/09\\\/cropped-logo-strony-2.png\",\"@id\":\"https:\\\/\\\/zastalowcy.pl\\\/?p=851\\\/#organizationLogo\",\"width\":1862,\"height\":384},\"image\":{\"@id\":\"https:\\\/\\\/zastalowcy.pl\\\/?p=851\\\/#organizationLogo\"}},{\"@type\":\"Person\",\"@id\":\"https:\\\/\\\/zastalowcy.pl\\\/?author=3#author\",\"url\":\"https:\\\/\\\/zastalowcy.pl\\\/?author=3\",\"name\":\"Joanna Nawlicka\",\"image\":{\"@type\":\"ImageObject\",\"@id\":\"https:\\\/\\\/zastalowcy.pl\\\/?p=851#authorImage\",\"url\":\"https:\\\/\\\/secure.gravatar.com\\\/avatar\\\/66fc557d97536ff5096b6295970275631b7a4673997738477642001957f5274c?s=96&d=mm&r=g\",\"width\":96,\"height\":96,\"caption\":\"Joanna Nawlicka\"}},{\"@type\":\"WebPage\",\"@id\":\"https:\\\/\\\/zastalowcy.pl\\\/?p=851#webpage\",\"url\":\"https:\\\/\\\/zastalowcy.pl\\\/?p=851\",\"name\":\"140 garde\\u0142, jeden cel. Zastal z mocnym wsparciem we Wroc\\u0142awiu -\",\"description\":\"Pi\\u0105tkowy mecz Zastalu Zielona G\\u00f3ra ze \\u015al\\u0105skiem Wroc\\u0142aw zapowiada si\\u0119 nie tylko jako jedno z najciekawszych sportowych wydarze\\u0144 kolejki, ale tak\\u017ce jako prawdziwe \\u015bwi\\u0119to kibicowskie. Do stolicy Dolnego \\u015al\\u0105ska wybierze si\\u0119 bowiem zorganizowana grupa oko\\u0142o 140 fan\\u00f3w Zastalu, kt\\u00f3rzy wsp\\u00f3lnie autokarem i w\\u0142asnymi autami rusz\\u0105 za swoj\\u0105 dru\\u017cyn\\u0105, by wspiera\\u0107 j\\u0105 w hali Orbita. Dla\",\"inLanguage\":\"pl-PL\",\"isPartOf\":{\"@id\":\"https:\\\/\\\/zastalowcy.pl\\\/#website\"},\"breadcrumb\":{\"@id\":\"https:\\\/\\\/zastalowcy.pl\\\/?p=851#breadcrumblist\"},\"author\":{\"@id\":\"https:\\\/\\\/zastalowcy.pl\\\/?author=3#author\"},\"creator\":{\"@id\":\"https:\\\/\\\/zastalowcy.pl\\\/?author=3#author\"},\"image\":{\"@type\":\"ImageObject\",\"url\":\"https:\\\/\\\/zastalowcy.pl\\\/wp-content\\\/uploads\\\/2026\\\/01\\\/profilowe-23.png\",\"@id\":\"https:\\\/\\\/zastalowcy.pl\\\/?p=851\\\/#mainImage\",\"width\":2048,\"height\":2048},\"primaryImageOfPage\":{\"@id\":\"https:\\\/\\\/zastalowcy.pl\\\/?p=851#mainImage\"},\"datePublished\":\"2026-01-02T15:21:04+01:00\",\"dateModified\":\"2026-01-02T15:21:04+01:00\"},{\"@type\":\"WebSite\",\"@id\":\"https:\\\/\\\/zastalowcy.pl\\\/#website\",\"url\":\"https:\\\/\\\/zastalowcy.pl\\\/\",\"description\":\"O Zastalu od kibic\\u00f3w \\u2013 dla kibic\\u00f3w\",\"inLanguage\":\"pl-PL\",\"publisher\":{\"@id\":\"https:\\\/\\\/zastalowcy.pl\\\/#organization\"}}]}\n\t\t<\/script>\n\t\t<!-- All in One SEO -->\n\n","aioseo_head_json":{"title":"140 garde\u0142, jeden cel. Zastal z mocnym wsparciem we Wroc\u0142awiu -","description":"Pi\u0105tkowy mecz Zastalu Zielona G\u00f3ra ze \u015al\u0105skiem Wroc\u0142aw zapowiada si\u0119 nie tylko jako jedno z najciekawszych sportowych wydarze\u0144 kolejki, ale tak\u017ce jako prawdziwe \u015bwi\u0119to kibicowskie. Do stolicy Dolnego \u015al\u0105ska wybierze si\u0119 bowiem zorganizowana grupa oko\u0142o 140 fan\u00f3w Zastalu, kt\u00f3rzy wsp\u00f3lnie autokarem i w\u0142asnymi autami rusz\u0105 za swoj\u0105 dru\u017cyn\u0105, by wspiera\u0107 j\u0105 w hali Orbita. Dla","canonical_url":"https:\/\/zastalowcy.pl\/?p=851","robots":"max-image-preview:large","keywords":"","webmasterTools":{"miscellaneous":""},"schema":{"@context":"https:\/\/schema.org","@graph":[{"@type":"BlogPosting","@id":"https:\/\/zastalowcy.pl\/?p=851#blogposting","name":"140 garde\u0142, jeden cel. Zastal z mocnym wsparciem we Wroc\u0142awiu -","headline":"140 garde\u0142, jeden cel. Zastal z mocnym wsparciem we Wroc\u0142awiu","author":{"@id":"https:\/\/zastalowcy.pl\/?author=3#author"},"publisher":{"@id":"https:\/\/zastalowcy.pl\/#organization"},"image":{"@type":"ImageObject","url":"https:\/\/zastalowcy.pl\/wp-content\/uploads\/2026\/01\/profilowe-23.png","width":2048,"height":2048},"datePublished":"2026-01-02T15:21:04+01:00","dateModified":"2026-01-02T15:21:04+01:00","inLanguage":"pl-PL","mainEntityOfPage":{"@id":"https:\/\/zastalowcy.pl\/?p=851#webpage"},"isPartOf":{"@id":"https:\/\/zastalowcy.pl\/?p=851#webpage"},"articleSection":"Aktualno\u015bci, Sezon 2025\/2026, basketzg, dru\u017cyna, klub kibica zastal, koszyk\u00f3wka, \u015bl\u0105sk wroc\u0142aw, WKS \u015al\u0105sk Wroc\u0142aw, wroc\u0142aw, zastal, zastal zielona g\u00f3ra, zastalowcy, zastalowcy pl, zastalowcy.pl, zielona g\u00f3ra, zielonagora, zielonog\u00f3rska koszyk\u00f3wka"},{"@type":"BreadcrumbList","@id":"https:\/\/zastalowcy.pl\/?p=851#breadcrumblist","itemListElement":[{"@type":"ListItem","@id":"https:\/\/zastalowcy.pl#listItem","position":1,"name":"Home","item":"https:\/\/zastalowcy.pl","nextItem":{"@type":"ListItem","@id":"https:\/\/zastalowcy.pl\/?cat=9#listItem","name":"Sezon 2025\/2026"}},{"@type":"ListItem","@id":"https:\/\/zastalowcy.pl\/?cat=9#listItem","position":2,"name":"Sezon 2025\/2026","item":"https:\/\/zastalowcy.pl\/?cat=9","nextItem":{"@type":"ListItem","@id":"https:\/\/zastalowcy.pl\/?p=851#listItem","name":"140 garde\u0142, jeden cel. Zastal z mocnym wsparciem we Wroc\u0142awiu"},"previousItem":{"@type":"ListItem","@id":"https:\/\/zastalowcy.pl#listItem","name":"Home"}},{"@type":"ListItem","@id":"https:\/\/zastalowcy.pl\/?p=851#listItem","position":3,"name":"140 garde\u0142, jeden cel. Zastal z mocnym wsparciem we Wroc\u0142awiu","previousItem":{"@type":"ListItem","@id":"https:\/\/zastalowcy.pl\/?cat=9#listItem","name":"Sezon 2025\/2026"}}]},{"@type":"Organization","@id":"https:\/\/zastalowcy.pl\/#organization","description":"O Zastalu od kibic\u00f3w \u2013 dla kibic\u00f3w","url":"https:\/\/zastalowcy.pl\/","logo":{"@type":"ImageObject","url":"https:\/\/zastalowcy.pl\/wp-content\/uploads\/2025\/09\/cropped-logo-strony-2.png","@id":"https:\/\/zastalowcy.pl\/?p=851\/#organizationLogo","width":1862,"height":384},"image":{"@id":"https:\/\/zastalowcy.pl\/?p=851\/#organizationLogo"}},{"@type":"Person","@id":"https:\/\/zastalowcy.pl\/?author=3#author","url":"https:\/\/zastalowcy.pl\/?author=3","name":"Joanna Nawlicka","image":{"@type":"ImageObject","@id":"https:\/\/zastalowcy.pl\/?p=851#authorImage","url":"https:\/\/secure.gravatar.com\/avatar\/66fc557d97536ff5096b6295970275631b7a4673997738477642001957f5274c?s=96&d=mm&r=g","width":96,"height":96,"caption":"Joanna Nawlicka"}},{"@type":"WebPage","@id":"https:\/\/zastalowcy.pl\/?p=851#webpage","url":"https:\/\/zastalowcy.pl\/?p=851","name":"140 garde\u0142, jeden cel. Zastal z mocnym wsparciem we Wroc\u0142awiu -","description":"Pi\u0105tkowy mecz Zastalu Zielona G\u00f3ra ze \u015al\u0105skiem Wroc\u0142aw zapowiada si\u0119 nie tylko jako jedno z najciekawszych sportowych wydarze\u0144 kolejki, ale tak\u017ce jako prawdziwe \u015bwi\u0119to kibicowskie. Do stolicy Dolnego \u015al\u0105ska wybierze si\u0119 bowiem zorganizowana grupa oko\u0142o 140 fan\u00f3w Zastalu, kt\u00f3rzy wsp\u00f3lnie autokarem i w\u0142asnymi autami rusz\u0105 za swoj\u0105 dru\u017cyn\u0105, by wspiera\u0107 j\u0105 w hali Orbita. Dla","inLanguage":"pl-PL","isPartOf":{"@id":"https:\/\/zastalowcy.pl\/#website"},"breadcrumb":{"@id":"https:\/\/zastalowcy.pl\/?p=851#breadcrumblist"},"author":{"@id":"https:\/\/zastalowcy.pl\/?author=3#author"},"creator":{"@id":"https:\/\/zastalowcy.pl\/?author=3#author"},"image":{"@type":"ImageObject","url":"https:\/\/zastalowcy.pl\/wp-content\/uploads\/2026\/01\/profilowe-23.png","@id":"https:\/\/zastalowcy.pl\/?p=851\/#mainImage","width":2048,"height":2048},"primaryImageOfPage":{"@id":"https:\/\/zastalowcy.pl\/?p=851#mainImage"},"datePublished":"2026-01-02T15:21:04+01:00","dateModified":"2026-01-02T15:21:04+01:00"},{"@type":"WebSite","@id":"https:\/\/zastalowcy.pl\/#website","url":"https:\/\/zastalowcy.pl\/","description":"O Zastalu od kibic\u00f3w \u2013 dla kibic\u00f3w","inLanguage":"pl-PL","publisher":{"@id":"https:\/\/zastalowcy.pl\/#organization"}}]},"og:locale":"pl_PL","og:site_name":"- O Zastalu od kibic\u00f3w \u2013 dla kibic\u00f3w","og:type":"article","og:title":"140 garde\u0142, jeden cel. Zastal z mocnym wsparciem we Wroc\u0142awiu -","og:description":"Pi\u0105tkowy mecz Zastalu Zielona G\u00f3ra ze \u015al\u0105skiem Wroc\u0142aw zapowiada si\u0119 nie tylko jako jedno z najciekawszych sportowych wydarze\u0144 kolejki, ale tak\u017ce jako prawdziwe \u015bwi\u0119to kibicowskie. Do stolicy Dolnego \u015al\u0105ska wybierze si\u0119 bowiem zorganizowana grupa oko\u0142o 140 fan\u00f3w Zastalu, kt\u00f3rzy wsp\u00f3lnie autokarem i w\u0142asnymi autami rusz\u0105 za swoj\u0105 dru\u017cyn\u0105, by wspiera\u0107 j\u0105 w hali Orbita. Dla","og:url":"https:\/\/zastalowcy.pl\/?p=851","og:image":"https:\/\/zastalowcy.pl\/wp-content\/uploads\/2025\/09\/cropped-logo-strony-2.png","og:image:secure_url":"https:\/\/zastalowcy.pl\/wp-content\/uploads\/2025\/09\/cropped-logo-strony-2.png","og:image:width":1862,"og:image:height":384,"article:published_time":"2026-01-02T14:21:04+00:00","article:modified_time":"2026-01-02T14:21:04+00:00","twitter:card":"summary_large_image","twitter:title":"140 garde\u0142, jeden cel. Zastal z mocnym wsparciem we Wroc\u0142awiu -","twitter:description":"Pi\u0105tkowy mecz Zastalu Zielona G\u00f3ra ze \u015al\u0105skiem Wroc\u0142aw zapowiada si\u0119 nie tylko jako jedno z najciekawszych sportowych wydarze\u0144 kolejki, ale tak\u017ce jako prawdziwe \u015bwi\u0119to kibicowskie. Do stolicy Dolnego \u015al\u0105ska wybierze si\u0119 bowiem zorganizowana grupa oko\u0142o 140 fan\u00f3w Zastalu, kt\u00f3rzy wsp\u00f3lnie autokarem i w\u0142asnymi autami rusz\u0105 za swoj\u0105 dru\u017cyn\u0105, by wspiera\u0107 j\u0105 w hali Orbita. Dla","twitter:image":"https:\/\/zastalowcy.pl\/wp-content\/uploads\/2025\/09\/cropped-logo-strony-2.png"},"aioseo_meta_data":{"post_id":"851","title":null,"description":null,"keywords":null,"keyphrases":null,"primary_term":null,"canonical_url":null,"og_title":null,"og_description":null,"og_object_type":"default","og_image_type":"default","og_image_custom_url":null,"og_image_custom_fields":null,"og_image_url":null,"og_image_width":null,"og_image_height":null,"og_video":null,"og_custom_url":null,"og_article_section":null,"og_article_tags":null,"twitter_use_og":false,"twitter_card":"default","twitter_image_type":"default","twitter_image_custom_url":null,"twitter_image_custom_fields":null,"twitter_image_url":null,"twitter_title":null,"twitter_description":null,"schema_type":"default","schema_type_options":null,"schema":{"blockGraphs":[],"customGraphs":[],"default":{"data":{"Article":[],"Course":[],"Dataset":[],"FAQPage":[],"Movie":[],"Person":[],"Product":[],"ProductReview":[],"Car":[],"Recipe":[],"Service":[],"SoftwareApplication":[],"WebPage":[]},"graphName":"","isEnabled":true},"graphs":[]},"pillar_content":false,"robots_default":true,"robots_noindex":false,"robots_noarchive":false,"robots_nosnippet":false,"robots_nofollow":false,"robots_noimageindex":false,"robots_noodp":false,"robots_notranslate":false,"robots_max_snippet":null,"robots_max_videopreview":null,"robots_max_imagepreview":"large","priority":null,"frequency":null,"local_seo":null,"limit_modified_date":false,"ai":null,"breadcrumb_settings":null,"seo_analyzer_scan_date":null,"created":"2026-07-15 16:47:48","updated":"2026-07-15 16:47:48","focus_keyword":null,"additional_keywords":null,"truseo_locale":null},"aioseo_breadcrumb":"<div class=\"aioseo-breadcrumbs\"><span class=\"aioseo-breadcrumb\">\n\t\t\t<a href=\"https:\/\/zastalowcy.pl\" title=\"Home\">Home<\/a>\n\t\t<\/span><span class=\"aioseo-breadcrumb-separator\">&raquo;<\/span><span class=\"aioseo-breadcrumb\">\n\t\t\t<a href=\"https:\/\/zastalowcy.pl\/?cat=9\" title=\"Sezon 2025\/2026\">Sezon 2025\/2026<\/a>\n\t\t<\/span><span class=\"aioseo-breadcrumb-separator\">&raquo;<\/span><span class=\"aioseo-breadcrumb\">\n\t\t\t140 garde\u0142, jeden cel. Zastal z mocnym wsparciem we Wroc\u0142awiu\n\t\t<\/span><\/div>","aioseo_breadcrumb_json":[{"label":"Home","link":"https:\/\/zastalowcy.pl"},{"label":"Sezon 2025\/2026","link":"https:\/\/zastalowcy.pl\/?cat=9"},{"label":"140 garde\u0142, jeden cel. Zastal z mocnym wsparciem we Wroc\u0142awiu","link":"https:\/\/zastalowcy.pl\/?p=851"}],"_links":{"self":[{"href":"https:\/\/zastalowcy.pl\/index.php?rest_route=\/wp\/v2\/posts\/851","targetHints":{"allow":["GET"]}}],"collection":[{"href":"https:\/\/zastalowcy.pl\/index.php?rest_route=\/wp\/v2\/posts"}],"about":[{"href":"https:\/\/zastalowcy.pl\/index.php?rest_route=\/wp\/v2\/types\/post"}],"author":[{"embeddable":true,"href":"https:\/\/zastalowcy.pl\/index.php?rest_route=\/wp\/v2\/users\/3"}],"replies":[{"embeddable":true,"href":"https:\/\/zastalowcy.pl\/index.php?rest_route=%2Fwp%2Fv2%2Fcomments&post=851"}],"version-history":[{"count":1,"href":"https:\/\/zastalowcy.pl\/index.php?rest_route=\/wp\/v2\/posts\/851\/revisions"}],"predecessor-version":[{"id":853,"href":"https:\/\/zastalowcy.pl\/index.php?rest_route=\/wp\/v2\/posts\/851\/revisions\/853"}],"wp:featuredmedia":[{"embeddable":true,"href":"https:\/\/zastalowcy.pl\/index.php?rest_route=\/wp\/v2\/media\/852"}],"wp:attachment":[{"href":"https:\/\/zastalowcy.pl\/index.php?rest_route=%2Fwp%2Fv2%2Fmedia&parent=851"}],"wp:term":[{"taxonomy":"category","embeddable":true,"href":"https:\/\/zastalowcy.pl\/index.php?rest_route=%2Fwp%2Fv2%2Fcategories&post=851"},{"taxonomy":"post_tag","embeddable":true,"href":"https:\/\/zastalowcy.pl\/index.php?rest_route=%2Fwp%2Fv2%2Ftags&post=851"}],"curies":[{"name":"wp","href":"https:\/\/api.w.org\/{rel}","templated":true}]}}