{"id":892,"date":"2026-01-12T12:22:08","date_gmt":"2026-01-12T11:22:08","guid":{"rendered":"https:\/\/zastalowcy.pl\/?p=892"},"modified":"2026-01-12T12:22:09","modified_gmt":"2026-01-12T11:22:09","slug":"fizycznosc-i-intensywnosc-po-stronie-dzikow-miloszewski-i-cartier-po-porazce-w-warszawie","status":"publish","type":"post","link":"https:\/\/zastalowcy.pl\/?p=892","title":{"rendered":"Fizyczno\u015b\u0107 i intensywno\u015b\u0107 po stronie Dzik\u00f3w. Mi\u0142oszewski i Cartier po pora\u017cce w Warszawie"},"content":{"rendered":"\n<p class=\"wp-block-paragraph\">Koszykarze Zastalu Zielona G\u00f3ra nie zdo\u0142ali zatrzyma\u0107 rozp\u0119dzonych Dzik\u00f3w Warszawa i przegrali w Hali Ko\u0142o 86:98. Po meczu zar\u00f3wno zawodnicy, jak i sztab szkoleniowy podkre\u015blali, \u017ce kluczowa okaza\u0142a si\u0119 fizyczno\u015b\u0107 i agresywna obrona gospodarzy.<\/p>\n\n\n\n<p class=\"wp-block-paragraph\">\u2013 Nie jeste\u015bmy zadowoleni z wyniku, ale trzeba odda\u0107 Dzikom, \u017ce wykonali bardzo dobr\u0105 prac\u0119 \u2013 m\u00f3wi\u0142 po spotkaniu Patrick Cartier. \u2013 Dobrze zacz\u0119li\u015bmy mecz, ale potem rywale mocno podkr\u0119cili intensywno\u015b\u0107 i fizyczno\u015b\u0107 w obronie. Zacz\u0119li zdobywa\u0107 \u0142atwe punkty z kontry, a nasze pr\u00f3by odpowiedzi cz\u0119sto ko\u0144czy\u0142y si\u0119 faulami i rzutami wolnymi.<\/p>\n\n\n\n<p class=\"wp-block-paragraph\">Amerykanin zwr\u00f3ci\u0142 tak\u017ce uwag\u0119 na skuteczno\u015b\u0107 Dzik\u00f3w w ataku. \u2013 Trafiali rzuty z dystansu i spod kosza, a my nie byli\u015bmy w stanie przebi\u0107 si\u0119 przez ten moment meczu \u2013 doda\u0142.<\/p>\n\n\n\n<p class=\"wp-block-paragraph\">Podobne wnioski przedstawi\u0142 trener Zastalu, Arkadiusz Mi\u0142oszewski, kt\u00f3ry rozpocz\u0105\u0142 swoj\u0105 wypowied\u017a od gratulacji dla zespo\u0142u z Warszawy. \u2013 Dziki zagra\u0142y bardzo dobry, zespo\u0142owy basket, z du\u017c\u0105 energi\u0105 i przede wszystkim bardzo fizyczn\u0105 obron\u0105. W pe\u0142ni zas\u0142u\u017cy\u0142y na zwyci\u0119stwo \u2013 podkre\u015bla\u0142 szkoleniowiec. \u2013 Pocz\u0105tek m\u00f3g\u0142 by\u0107 troch\u0119 myl\u0105cy, bo wyszli\u015bmy z werw\u0105, ale kiedy rywale zacz\u0119li broni\u0107 agresywniej, nie radzili\u015bmy sobie z tym.<\/p>\n\n\n\n<p class=\"wp-block-paragraph\">Mi\u0142oszewski nie ukrywa\u0142, \u017ce kluczowe by\u0142o niespe\u0142nienie jednego z g\u0142\u00f3wnych za\u0142o\u017ce\u0144 taktycznych. \u2013 Naszym celem by\u0142o zatrzymanie Dzik\u00f3w w okolicach 80 punkt\u00f3w. Stracili\u015bmy prawie 100 i to m\u00f3wi samo za siebie. Du\u017ca liczba fauli wynika\u0142a bardziej z frustracji i sp\u00f3\u017anie\u0144 w obronie ni\u017c z fizycznej walki \u2013 ocenia\u0142.<\/p>\n\n\n\n<p class=\"wp-block-paragraph\">Trener odni\u00f3s\u0142 si\u0119 tak\u017ce do faktu, \u017ce mimo pora\u017cki Zastal zapewni\u0142 sobie miejsce w czo\u0142owej \u00f3semce ligi i awans do Pekao S.A. Pucharu Polski. \u2013 Cieszymy si\u0119, \u017ce jeste\u015bmy w top 8 po czterech latach przerwy, ale je\u015bli chcemy walczy\u0107 o co\u015b wi\u0119cej, w takich meczach musimy by\u0107 mentalnie i fizycznie gotowi. Dali\u015bmy lidze sygna\u0142, \u017ce chcemy si\u0119 liczy\u0107, a nikt teraz nie b\u0119dzie nam niczego oddawa\u0142 za darmo \u2013 zaznaczy\u0142.<\/p>\n\n\n\n<p class=\"wp-block-paragraph\">Szkoleniowiec zapowiedzia\u0142 r\u00f3wnie\u017c, \u017ce klub pracuje nad rejestracj\u0105 nowego zawodnika, Sagaby Konate, kt\u00f3ry mo\u017ce wzmocni\u0107 rotacj\u0119 podkoszow\u0105 zespo\u0142u w kolejnych spotkaniach.<\/p>\n\n\n\n<p class=\"wp-block-paragraph\">\ud83c\udfc0 Zastalowcy.pl \u2013 o Zastalu od kibic\u00f3w \u2013 dla kibic\u00f3w<\/p>\n","protected":false},"excerpt":{"rendered":"<p>Koszykarze Zastalu Zielona G\u00f3ra nie zdo\u0142ali zatrzyma\u0107 rozp\u0119dzonych Dzik\u00f3w Warszawa i przegrali w Hali Ko\u0142o 86:98. Po meczu<\/p>\n","protected":false},"author":3,"featured_media":893,"comment_status":"open","ping_status":"open","sticky":false,"template":"","format":"standard","meta":{"om_disable_all_campaigns":false,"footnotes":""},"categories":[18,9],"tags":[17,26,258,259,15,84,227,12,14,42,11,10,16],"class_list":["post-892","post","type-post","status-publish","format-standard","has-post-thumbnail","hentry","category-aktualnosci","category-sezon-2025-2026","tag-basketzg","tag-druzyna","tag-konferencja-prasowa-dziki-zastal","tag-konferencja-prasowa-zastal","tag-koszykowka","tag-patrick-cartier","tag-trener-miloszewski","tag-zastal","tag-zastal-zielona-gora","tag-zastalowcy","tag-zielona-gora","tag-zielonagora","tag-zielonogorska-koszykowka"],"aioseo_notices":[],"aioseo_head":"\n\t\t<!-- All in One SEO 5.0.0.1 - aioseo.com -->\n\t<meta name=\"description\" content=\"Koszykarze Zastalu Zielona G\u00f3ra nie zdo\u0142ali zatrzyma\u0107 rozp\u0119dzonych Dzik\u00f3w Warszawa i przegrali w Hali Ko\u0142o 86:98. Po meczu zar\u00f3wno zawodnicy, jak i sztab szkoleniowy podkre\u015blali, \u017ce kluczowa okaza\u0142a si\u0119 fizyczno\u015b\u0107 i agresywna obrona gospodarzy. \u2013 Nie jeste\u015bmy zadowoleni z wyniku, ale trzeba odda\u0107 Dzikom, \u017ce wykonali bardzo dobr\u0105 prac\u0119 \u2013 m\u00f3wi\u0142 po spotkaniu Patrick Cartier.\" \/>\n\t<meta name=\"robots\" content=\"max-image-preview:large\" \/>\n\t<meta name=\"author\" content=\"Joanna Nawlicka\"\/>\n\t<link rel=\"canonical\" href=\"https:\/\/zastalowcy.pl\/?p=892\" \/>\n\t<meta name=\"generator\" content=\"All in One SEO (AIOSEO) 5.0.0.1\" \/>\n\t\t<meta property=\"og:locale\" content=\"pl_PL\" \/>\n\t\t<meta property=\"og:site_name\" content=\"- O Zastalu od kibic\u00f3w \u2013 dla kibic\u00f3w\" \/>\n\t\t<meta property=\"og:type\" content=\"article\" \/>\n\t\t<meta property=\"og:title\" content=\"Fizyczno\u015b\u0107 i intensywno\u015b\u0107 po stronie Dzik\u00f3w. Mi\u0142oszewski i Cartier po pora\u017cce w Warszawie -\" \/>\n\t\t<meta property=\"og:description\" content=\"Koszykarze Zastalu Zielona G\u00f3ra nie zdo\u0142ali zatrzyma\u0107 rozp\u0119dzonych Dzik\u00f3w Warszawa i przegrali w Hali Ko\u0142o 86:98. Po meczu zar\u00f3wno zawodnicy, jak i sztab szkoleniowy podkre\u015blali, \u017ce kluczowa okaza\u0142a si\u0119 fizyczno\u015b\u0107 i agresywna obrona gospodarzy. \u2013 Nie jeste\u015bmy zadowoleni z wyniku, ale trzeba odda\u0107 Dzikom, \u017ce wykonali bardzo dobr\u0105 prac\u0119 \u2013 m\u00f3wi\u0142 po spotkaniu Patrick Cartier.\" \/>\n\t\t<meta property=\"og:url\" content=\"https:\/\/zastalowcy.pl\/?p=892\" \/>\n\t\t<meta property=\"og:image\" content=\"https:\/\/zastalowcy.pl\/wp-content\/uploads\/2025\/09\/cropped-logo-strony-2.png\" \/>\n\t\t<meta property=\"og:image:secure_url\" content=\"https:\/\/zastalowcy.pl\/wp-content\/uploads\/2025\/09\/cropped-logo-strony-2.png\" \/>\n\t\t<meta property=\"og:image:width\" content=\"1862\" \/>\n\t\t<meta property=\"og:image:height\" content=\"384\" \/>\n\t\t<meta property=\"article:published_time\" content=\"2026-01-12T11:22:08+00:00\" \/>\n\t\t<meta property=\"article:modified_time\" content=\"2026-01-12T11:22:09+00:00\" \/>\n\t\t<meta name=\"twitter:card\" content=\"summary_large_image\" \/>\n\t\t<meta name=\"twitter:title\" content=\"Fizyczno\u015b\u0107 i intensywno\u015b\u0107 po stronie Dzik\u00f3w. Mi\u0142oszewski i Cartier po pora\u017cce w Warszawie -\" \/>\n\t\t<meta name=\"twitter:description\" content=\"Koszykarze Zastalu Zielona G\u00f3ra nie zdo\u0142ali zatrzyma\u0107 rozp\u0119dzonych Dzik\u00f3w Warszawa i przegrali w Hali Ko\u0142o 86:98. Po meczu zar\u00f3wno zawodnicy, jak i sztab szkoleniowy podkre\u015blali, \u017ce kluczowa okaza\u0142a si\u0119 fizyczno\u015b\u0107 i agresywna obrona gospodarzy. \u2013 Nie jeste\u015bmy zadowoleni z wyniku, ale trzeba odda\u0107 Dzikom, \u017ce wykonali bardzo dobr\u0105 prac\u0119 \u2013 m\u00f3wi\u0142 po spotkaniu Patrick Cartier.\" \/>\n\t\t<meta name=\"twitter:image\" content=\"https:\/\/zastalowcy.pl\/wp-content\/uploads\/2025\/09\/cropped-logo-strony-2.png\" \/>\n\t\t<script type=\"application\/ld+json\" class=\"aioseo-schema\">\n\t\t\t{\"@context\":\"https:\\\/\\\/schema.org\",\"@graph\":[{\"@type\":\"BlogPosting\",\"@id\":\"https:\\\/\\\/zastalowcy.pl\\\/?p=892#blogposting\",\"name\":\"Fizyczno\\u015b\\u0107 i intensywno\\u015b\\u0107 po stronie Dzik\\u00f3w. Mi\\u0142oszewski i Cartier po pora\\u017cce w Warszawie -\",\"headline\":\"Fizyczno\\u015b\\u0107 i intensywno\\u015b\\u0107 po stronie Dzik\\u00f3w. Mi\\u0142oszewski i Cartier po pora\\u017cce w Warszawie\",\"author\":{\"@id\":\"https:\\\/\\\/zastalowcy.pl\\\/?author=3#author\"},\"publisher\":{\"@id\":\"https:\\\/\\\/zastalowcy.pl\\\/#organization\"},\"image\":{\"@type\":\"ImageObject\",\"url\":\"https:\\\/\\\/zastalowcy.pl\\\/wp-content\\\/uploads\\\/2026\\\/01\\\/profilowe-6.png\",\"width\":2048,\"height\":2048},\"datePublished\":\"2026-01-12T12:22:08+01:00\",\"dateModified\":\"2026-01-12T12:22:09+01:00\",\"inLanguage\":\"pl-PL\",\"mainEntityOfPage\":{\"@id\":\"https:\\\/\\\/zastalowcy.pl\\\/?p=892#webpage\"},\"isPartOf\":{\"@id\":\"https:\\\/\\\/zastalowcy.pl\\\/?p=892#webpage\"},\"articleSection\":\"Aktualno\\u015bci, Sezon 2025\\\/2026, basketzg, dru\\u017cyna, konferencja prasowa dziki zastal, konferencja prasowa zastal, koszyk\\u00f3wka, Patrick Cartier, trener mi\\u0142oszewski, zastal, zastal zielona g\\u00f3ra, zastalowcy, zielona g\\u00f3ra, zielonagora, zielonog\\u00f3rska koszyk\\u00f3wka\"},{\"@type\":\"BreadcrumbList\",\"@id\":\"https:\\\/\\\/zastalowcy.pl\\\/?p=892#breadcrumblist\",\"itemListElement\":[{\"@type\":\"ListItem\",\"@id\":\"https:\\\/\\\/zastalowcy.pl#listItem\",\"position\":1,\"name\":\"Home\",\"item\":\"https:\\\/\\\/zastalowcy.pl\",\"nextItem\":{\"@type\":\"ListItem\",\"@id\":\"https:\\\/\\\/zastalowcy.pl\\\/?cat=9#listItem\",\"name\":\"Sezon 2025\\\/2026\"}},{\"@type\":\"ListItem\",\"@id\":\"https:\\\/\\\/zastalowcy.pl\\\/?cat=9#listItem\",\"position\":2,\"name\":\"Sezon 2025\\\/2026\",\"item\":\"https:\\\/\\\/zastalowcy.pl\\\/?cat=9\",\"nextItem\":{\"@type\":\"ListItem\",\"@id\":\"https:\\\/\\\/zastalowcy.pl\\\/?p=892#listItem\",\"name\":\"Fizyczno\\u015b\\u0107 i intensywno\\u015b\\u0107 po stronie Dzik\\u00f3w. Mi\\u0142oszewski i Cartier po pora\\u017cce w Warszawie\"},\"previousItem\":{\"@type\":\"ListItem\",\"@id\":\"https:\\\/\\\/zastalowcy.pl#listItem\",\"name\":\"Home\"}},{\"@type\":\"ListItem\",\"@id\":\"https:\\\/\\\/zastalowcy.pl\\\/?p=892#listItem\",\"position\":3,\"name\":\"Fizyczno\\u015b\\u0107 i intensywno\\u015b\\u0107 po stronie Dzik\\u00f3w. Mi\\u0142oszewski i Cartier po pora\\u017cce w Warszawie\",\"previousItem\":{\"@type\":\"ListItem\",\"@id\":\"https:\\\/\\\/zastalowcy.pl\\\/?cat=9#listItem\",\"name\":\"Sezon 2025\\\/2026\"}}]},{\"@type\":\"Organization\",\"@id\":\"https:\\\/\\\/zastalowcy.pl\\\/#organization\",\"description\":\"O Zastalu od kibic\\u00f3w \\u2013 dla kibic\\u00f3w\",\"url\":\"https:\\\/\\\/zastalowcy.pl\\\/\",\"logo\":{\"@type\":\"ImageObject\",\"url\":\"https:\\\/\\\/zastalowcy.pl\\\/wp-content\\\/uploads\\\/2025\\\/09\\\/cropped-logo-strony-2.png\",\"@id\":\"https:\\\/\\\/zastalowcy.pl\\\/?p=892\\\/#organizationLogo\",\"width\":1862,\"height\":384},\"image\":{\"@id\":\"https:\\\/\\\/zastalowcy.pl\\\/?p=892\\\/#organizationLogo\"}},{\"@type\":\"Person\",\"@id\":\"https:\\\/\\\/zastalowcy.pl\\\/?author=3#author\",\"url\":\"https:\\\/\\\/zastalowcy.pl\\\/?author=3\",\"name\":\"Joanna Nawlicka\",\"image\":{\"@type\":\"ImageObject\",\"@id\":\"https:\\\/\\\/zastalowcy.pl\\\/?p=892#authorImage\",\"url\":\"https:\\\/\\\/secure.gravatar.com\\\/avatar\\\/66fc557d97536ff5096b6295970275631b7a4673997738477642001957f5274c?s=96&d=mm&r=g\",\"width\":96,\"height\":96,\"caption\":\"Joanna Nawlicka\"}},{\"@type\":\"WebPage\",\"@id\":\"https:\\\/\\\/zastalowcy.pl\\\/?p=892#webpage\",\"url\":\"https:\\\/\\\/zastalowcy.pl\\\/?p=892\",\"name\":\"Fizyczno\\u015b\\u0107 i intensywno\\u015b\\u0107 po stronie Dzik\\u00f3w. Mi\\u0142oszewski i Cartier po pora\\u017cce w Warszawie -\",\"description\":\"Koszykarze Zastalu Zielona G\\u00f3ra nie zdo\\u0142ali zatrzyma\\u0107 rozp\\u0119dzonych Dzik\\u00f3w Warszawa i przegrali w Hali Ko\\u0142o 86:98. Po meczu zar\\u00f3wno zawodnicy, jak i sztab szkoleniowy podkre\\u015blali, \\u017ce kluczowa okaza\\u0142a si\\u0119 fizyczno\\u015b\\u0107 i agresywna obrona gospodarzy. \\u2013 Nie jeste\\u015bmy zadowoleni z wyniku, ale trzeba odda\\u0107 Dzikom, \\u017ce wykonali bardzo dobr\\u0105 prac\\u0119 \\u2013 m\\u00f3wi\\u0142 po spotkaniu Patrick Cartier.\",\"inLanguage\":\"pl-PL\",\"isPartOf\":{\"@id\":\"https:\\\/\\\/zastalowcy.pl\\\/#website\"},\"breadcrumb\":{\"@id\":\"https:\\\/\\\/zastalowcy.pl\\\/?p=892#breadcrumblist\"},\"author\":{\"@id\":\"https:\\\/\\\/zastalowcy.pl\\\/?author=3#author\"},\"creator\":{\"@id\":\"https:\\\/\\\/zastalowcy.pl\\\/?author=3#author\"},\"image\":{\"@type\":\"ImageObject\",\"url\":\"https:\\\/\\\/zastalowcy.pl\\\/wp-content\\\/uploads\\\/2026\\\/01\\\/profilowe-6.png\",\"@id\":\"https:\\\/\\\/zastalowcy.pl\\\/?p=892\\\/#mainImage\",\"width\":2048,\"height\":2048},\"primaryImageOfPage\":{\"@id\":\"https:\\\/\\\/zastalowcy.pl\\\/?p=892#mainImage\"},\"datePublished\":\"2026-01-12T12:22:08+01:00\",\"dateModified\":\"2026-01-12T12:22:09+01:00\"},{\"@type\":\"WebSite\",\"@id\":\"https:\\\/\\\/zastalowcy.pl\\\/#website\",\"url\":\"https:\\\/\\\/zastalowcy.pl\\\/\",\"description\":\"O Zastalu od kibic\\u00f3w \\u2013 dla kibic\\u00f3w\",\"inLanguage\":\"pl-PL\",\"publisher\":{\"@id\":\"https:\\\/\\\/zastalowcy.pl\\\/#organization\"}}]}\n\t\t<\/script>\n\t\t<!-- All in One SEO -->\n\n","aioseo_head_json":{"title":"Fizyczno\u015b\u0107 i intensywno\u015b\u0107 po stronie Dzik\u00f3w. Mi\u0142oszewski i Cartier po pora\u017cce w Warszawie -","description":"Koszykarze Zastalu Zielona G\u00f3ra nie zdo\u0142ali zatrzyma\u0107 rozp\u0119dzonych Dzik\u00f3w Warszawa i przegrali w Hali Ko\u0142o 86:98. Po meczu zar\u00f3wno zawodnicy, jak i sztab szkoleniowy podkre\u015blali, \u017ce kluczowa okaza\u0142a si\u0119 fizyczno\u015b\u0107 i agresywna obrona gospodarzy. \u2013 Nie jeste\u015bmy zadowoleni z wyniku, ale trzeba odda\u0107 Dzikom, \u017ce wykonali bardzo dobr\u0105 prac\u0119 \u2013 m\u00f3wi\u0142 po spotkaniu Patrick Cartier.","canonical_url":"https:\/\/zastalowcy.pl\/?p=892","robots":"max-image-preview:large","keywords":"","webmasterTools":{"miscellaneous":""},"schema":{"@context":"https:\/\/schema.org","@graph":[{"@type":"BlogPosting","@id":"https:\/\/zastalowcy.pl\/?p=892#blogposting","name":"Fizyczno\u015b\u0107 i intensywno\u015b\u0107 po stronie Dzik\u00f3w. Mi\u0142oszewski i Cartier po pora\u017cce w Warszawie -","headline":"Fizyczno\u015b\u0107 i intensywno\u015b\u0107 po stronie Dzik\u00f3w. Mi\u0142oszewski i Cartier po pora\u017cce w Warszawie","author":{"@id":"https:\/\/zastalowcy.pl\/?author=3#author"},"publisher":{"@id":"https:\/\/zastalowcy.pl\/#organization"},"image":{"@type":"ImageObject","url":"https:\/\/zastalowcy.pl\/wp-content\/uploads\/2026\/01\/profilowe-6.png","width":2048,"height":2048},"datePublished":"2026-01-12T12:22:08+01:00","dateModified":"2026-01-12T12:22:09+01:00","inLanguage":"pl-PL","mainEntityOfPage":{"@id":"https:\/\/zastalowcy.pl\/?p=892#webpage"},"isPartOf":{"@id":"https:\/\/zastalowcy.pl\/?p=892#webpage"},"articleSection":"Aktualno\u015bci, Sezon 2025\/2026, basketzg, dru\u017cyna, konferencja prasowa dziki zastal, konferencja prasowa zastal, koszyk\u00f3wka, Patrick Cartier, trener mi\u0142oszewski, zastal, zastal zielona g\u00f3ra, zastalowcy, zielona g\u00f3ra, zielonagora, zielonog\u00f3rska koszyk\u00f3wka"},{"@type":"BreadcrumbList","@id":"https:\/\/zastalowcy.pl\/?p=892#breadcrumblist","itemListElement":[{"@type":"ListItem","@id":"https:\/\/zastalowcy.pl#listItem","position":1,"name":"Home","item":"https:\/\/zastalowcy.pl","nextItem":{"@type":"ListItem","@id":"https:\/\/zastalowcy.pl\/?cat=9#listItem","name":"Sezon 2025\/2026"}},{"@type":"ListItem","@id":"https:\/\/zastalowcy.pl\/?cat=9#listItem","position":2,"name":"Sezon 2025\/2026","item":"https:\/\/zastalowcy.pl\/?cat=9","nextItem":{"@type":"ListItem","@id":"https:\/\/zastalowcy.pl\/?p=892#listItem","name":"Fizyczno\u015b\u0107 i intensywno\u015b\u0107 po stronie Dzik\u00f3w. Mi\u0142oszewski i Cartier po pora\u017cce w Warszawie"},"previousItem":{"@type":"ListItem","@id":"https:\/\/zastalowcy.pl#listItem","name":"Home"}},{"@type":"ListItem","@id":"https:\/\/zastalowcy.pl\/?p=892#listItem","position":3,"name":"Fizyczno\u015b\u0107 i intensywno\u015b\u0107 po stronie Dzik\u00f3w. Mi\u0142oszewski i Cartier po pora\u017cce w Warszawie","previousItem":{"@type":"ListItem","@id":"https:\/\/zastalowcy.pl\/?cat=9#listItem","name":"Sezon 2025\/2026"}}]},{"@type":"Organization","@id":"https:\/\/zastalowcy.pl\/#organization","description":"O Zastalu od kibic\u00f3w \u2013 dla kibic\u00f3w","url":"https:\/\/zastalowcy.pl\/","logo":{"@type":"ImageObject","url":"https:\/\/zastalowcy.pl\/wp-content\/uploads\/2025\/09\/cropped-logo-strony-2.png","@id":"https:\/\/zastalowcy.pl\/?p=892\/#organizationLogo","width":1862,"height":384},"image":{"@id":"https:\/\/zastalowcy.pl\/?p=892\/#organizationLogo"}},{"@type":"Person","@id":"https:\/\/zastalowcy.pl\/?author=3#author","url":"https:\/\/zastalowcy.pl\/?author=3","name":"Joanna Nawlicka","image":{"@type":"ImageObject","@id":"https:\/\/zastalowcy.pl\/?p=892#authorImage","url":"https:\/\/secure.gravatar.com\/avatar\/66fc557d97536ff5096b6295970275631b7a4673997738477642001957f5274c?s=96&d=mm&r=g","width":96,"height":96,"caption":"Joanna Nawlicka"}},{"@type":"WebPage","@id":"https:\/\/zastalowcy.pl\/?p=892#webpage","url":"https:\/\/zastalowcy.pl\/?p=892","name":"Fizyczno\u015b\u0107 i intensywno\u015b\u0107 po stronie Dzik\u00f3w. Mi\u0142oszewski i Cartier po pora\u017cce w Warszawie -","description":"Koszykarze Zastalu Zielona G\u00f3ra nie zdo\u0142ali zatrzyma\u0107 rozp\u0119dzonych Dzik\u00f3w Warszawa i przegrali w Hali Ko\u0142o 86:98. Po meczu zar\u00f3wno zawodnicy, jak i sztab szkoleniowy podkre\u015blali, \u017ce kluczowa okaza\u0142a si\u0119 fizyczno\u015b\u0107 i agresywna obrona gospodarzy. \u2013 Nie jeste\u015bmy zadowoleni z wyniku, ale trzeba odda\u0107 Dzikom, \u017ce wykonali bardzo dobr\u0105 prac\u0119 \u2013 m\u00f3wi\u0142 po spotkaniu Patrick Cartier.","inLanguage":"pl-PL","isPartOf":{"@id":"https:\/\/zastalowcy.pl\/#website"},"breadcrumb":{"@id":"https:\/\/zastalowcy.pl\/?p=892#breadcrumblist"},"author":{"@id":"https:\/\/zastalowcy.pl\/?author=3#author"},"creator":{"@id":"https:\/\/zastalowcy.pl\/?author=3#author"},"image":{"@type":"ImageObject","url":"https:\/\/zastalowcy.pl\/wp-content\/uploads\/2026\/01\/profilowe-6.png","@id":"https:\/\/zastalowcy.pl\/?p=892\/#mainImage","width":2048,"height":2048},"primaryImageOfPage":{"@id":"https:\/\/zastalowcy.pl\/?p=892#mainImage"},"datePublished":"2026-01-12T12:22:08+01:00","dateModified":"2026-01-12T12:22:09+01:00"},{"@type":"WebSite","@id":"https:\/\/zastalowcy.pl\/#website","url":"https:\/\/zastalowcy.pl\/","description":"O Zastalu od kibic\u00f3w \u2013 dla kibic\u00f3w","inLanguage":"pl-PL","publisher":{"@id":"https:\/\/zastalowcy.pl\/#organization"}}]},"og:locale":"pl_PL","og:site_name":"- O Zastalu od kibic\u00f3w \u2013 dla kibic\u00f3w","og:type":"article","og:title":"Fizyczno\u015b\u0107 i intensywno\u015b\u0107 po stronie Dzik\u00f3w. Mi\u0142oszewski i Cartier po pora\u017cce w Warszawie -","og:description":"Koszykarze Zastalu Zielona G\u00f3ra nie zdo\u0142ali zatrzyma\u0107 rozp\u0119dzonych Dzik\u00f3w Warszawa i przegrali w Hali Ko\u0142o 86:98. Po meczu zar\u00f3wno zawodnicy, jak i sztab szkoleniowy podkre\u015blali, \u017ce kluczowa okaza\u0142a si\u0119 fizyczno\u015b\u0107 i agresywna obrona gospodarzy. \u2013 Nie jeste\u015bmy zadowoleni z wyniku, ale trzeba odda\u0107 Dzikom, \u017ce wykonali bardzo dobr\u0105 prac\u0119 \u2013 m\u00f3wi\u0142 po spotkaniu Patrick Cartier.","og:url":"https:\/\/zastalowcy.pl\/?p=892","og:image":"https:\/\/zastalowcy.pl\/wp-content\/uploads\/2025\/09\/cropped-logo-strony-2.png","og:image:secure_url":"https:\/\/zastalowcy.pl\/wp-content\/uploads\/2025\/09\/cropped-logo-strony-2.png","og:image:width":1862,"og:image:height":384,"article:published_time":"2026-01-12T11:22:08+00:00","article:modified_time":"2026-01-12T11:22:09+00:00","twitter:card":"summary_large_image","twitter:title":"Fizyczno\u015b\u0107 i intensywno\u015b\u0107 po stronie Dzik\u00f3w. Mi\u0142oszewski i Cartier po pora\u017cce w Warszawie -","twitter:description":"Koszykarze Zastalu Zielona G\u00f3ra nie zdo\u0142ali zatrzyma\u0107 rozp\u0119dzonych Dzik\u00f3w Warszawa i przegrali w Hali Ko\u0142o 86:98. Po meczu zar\u00f3wno zawodnicy, jak i sztab szkoleniowy podkre\u015blali, \u017ce kluczowa okaza\u0142a si\u0119 fizyczno\u015b\u0107 i agresywna obrona gospodarzy. \u2013 Nie jeste\u015bmy zadowoleni z wyniku, ale trzeba odda\u0107 Dzikom, \u017ce wykonali bardzo dobr\u0105 prac\u0119 \u2013 m\u00f3wi\u0142 po spotkaniu Patrick Cartier.","twitter:image":"https:\/\/zastalowcy.pl\/wp-content\/uploads\/2025\/09\/cropped-logo-strony-2.png"},"aioseo_meta_data":{"post_id":"892","title":null,"description":null,"keywords":null,"keyphrases":null,"primary_term":null,"canonical_url":null,"og_title":null,"og_description":null,"og_object_type":"default","og_image_type":"default","og_image_custom_url":null,"og_image_custom_fields":null,"og_image_url":null,"og_image_width":null,"og_image_height":null,"og_video":null,"og_custom_url":null,"og_article_section":null,"og_article_tags":null,"twitter_use_og":false,"twitter_card":"default","twitter_image_type":"default","twitter_image_custom_url":null,"twitter_image_custom_fields":null,"twitter_image_url":null,"twitter_title":null,"twitter_description":null,"schema_type":"default","schema_type_options":null,"schema":{"blockGraphs":[],"customGraphs":[],"default":{"data":{"Article":[],"Course":[],"Dataset":[],"FAQPage":[],"Movie":[],"Person":[],"Product":[],"ProductReview":[],"Car":[],"Recipe":[],"Service":[],"SoftwareApplication":[],"WebPage":[]},"graphName":"","isEnabled":true},"graphs":[]},"pillar_content":false,"robots_default":true,"robots_noindex":false,"robots_noarchive":false,"robots_nosnippet":false,"robots_nofollow":false,"robots_noimageindex":false,"robots_noodp":false,"robots_notranslate":false,"robots_max_snippet":null,"robots_max_videopreview":null,"robots_max_imagepreview":"large","priority":null,"frequency":null,"local_seo":null,"limit_modified_date":false,"ai":null,"breadcrumb_settings":null,"seo_analyzer_scan_date":null,"created":"2026-07-15 16:51:36","updated":"2026-07-15 16:51:36","focus_keyword":null,"additional_keywords":null,"truseo_locale":null},"aioseo_breadcrumb":"<div class=\"aioseo-breadcrumbs\"><span class=\"aioseo-breadcrumb\">\n\t\t\t<a href=\"https:\/\/zastalowcy.pl\" title=\"Home\">Home<\/a>\n\t\t<\/span><span class=\"aioseo-breadcrumb-separator\">&raquo;<\/span><span class=\"aioseo-breadcrumb\">\n\t\t\t<a href=\"https:\/\/zastalowcy.pl\/?cat=9\" title=\"Sezon 2025\/2026\">Sezon 2025\/2026<\/a>\n\t\t<\/span><span class=\"aioseo-breadcrumb-separator\">&raquo;<\/span><span class=\"aioseo-breadcrumb\">\n\t\t\tFizyczno\u015b\u0107 i intensywno\u015b\u0107 po stronie Dzik\u00f3w. Mi\u0142oszewski i Cartier po pora\u017cce w Warszawie\n\t\t<\/span><\/div>","aioseo_breadcrumb_json":[{"label":"Home","link":"https:\/\/zastalowcy.pl"},{"label":"Sezon 2025\/2026","link":"https:\/\/zastalowcy.pl\/?cat=9"},{"label":"Fizyczno\u015b\u0107 i intensywno\u015b\u0107 po stronie Dzik\u00f3w. Mi\u0142oszewski i Cartier po pora\u017cce w Warszawie","link":"https:\/\/zastalowcy.pl\/?p=892"}],"_links":{"self":[{"href":"https:\/\/zastalowcy.pl\/index.php?rest_route=\/wp\/v2\/posts\/892","targetHints":{"allow":["GET"]}}],"collection":[{"href":"https:\/\/zastalowcy.pl\/index.php?rest_route=\/wp\/v2\/posts"}],"about":[{"href":"https:\/\/zastalowcy.pl\/index.php?rest_route=\/wp\/v2\/types\/post"}],"author":[{"embeddable":true,"href":"https:\/\/zastalowcy.pl\/index.php?rest_route=\/wp\/v2\/users\/3"}],"replies":[{"embeddable":true,"href":"https:\/\/zastalowcy.pl\/index.php?rest_route=%2Fwp%2Fv2%2Fcomments&post=892"}],"version-history":[{"count":1,"href":"https:\/\/zastalowcy.pl\/index.php?rest_route=\/wp\/v2\/posts\/892\/revisions"}],"predecessor-version":[{"id":894,"href":"https:\/\/zastalowcy.pl\/index.php?rest_route=\/wp\/v2\/posts\/892\/revisions\/894"}],"wp:featuredmedia":[{"embeddable":true,"href":"https:\/\/zastalowcy.pl\/index.php?rest_route=\/wp\/v2\/media\/893"}],"wp:attachment":[{"href":"https:\/\/zastalowcy.pl\/index.php?rest_route=%2Fwp%2Fv2%2Fmedia&parent=892"}],"wp:term":[{"taxonomy":"category","embeddable":true,"href":"https:\/\/zastalowcy.pl\/index.php?rest_route=%2Fwp%2Fv2%2Fcategories&post=892"},{"taxonomy":"post_tag","embeddable":true,"href":"https:\/\/zastalowcy.pl\/index.php?rest_route=%2Fwp%2Fv2%2Ftags&post=892"}],"curies":[{"name":"wp","href":"https:\/\/api.w.org\/{rel}","templated":true}]}}