{"id":90,"date":"2025-06-25T11:55:17","date_gmt":"2025-06-25T09:55:17","guid":{"rendered":"https:\/\/zastalowcy.pl\/?p=90"},"modified":"2025-06-30T10:30:08","modified_gmt":"2025-06-30T08:30:08","slug":"sezon-ogorkowy-w-zielonej-gorze-raczej-ostro-przyprawiony","status":"publish","type":"post","link":"https:\/\/zastalowcy.pl\/?p=90","title":{"rendered":"\u201eSezon og\u00f3rkowy\u201d? W Zielonej G\u00f3rze raczej ostro przyprawiony!"},"content":{"rendered":"\n<p class=\"wp-block-paragraph\">W teorii \u201esezon og\u00f3rkowy\u201d dopiero si\u0119 rozpocz\u0105\u0142. Mamy w\u0142a\u015bnie ten moment mi\u0119dzy jednym a drugim sezonem, kiedy hale pustoszej\u0105, kibice odpoczywaj\u0105, a kluby zamiast gra\u0107 \u2013 kombinuj\u0105, kogo tu jeszcze \u015bci\u0105gn\u0105\u0107, \u017ceby w kolejnym rozdaniu by\u0142o lepiej, szybciej i skuteczniej.<\/p>\n\n\n\n<p class=\"wp-block-paragraph\">Ale w Zielonej G\u00f3rze \u201esezon og\u00f3rkowy\u201d rozpocz\u0105\u0142 si\u0119 ju\u017c na pocz\u0105tku czerwca. I wcale nie s\u0105 to przystawki \u2013 tylko konkretne dania g\u0142\u00f3wne.<\/p>\n\n\n\n<h4 class=\"wp-block-heading\">Wraca trener z mistrzowsk\u0105 przesz\u0142o\u015bci\u0105<\/h4>\n\n\n\n<p class=\"wp-block-paragraph\">Pierwszy ruch i od razu gruby kaliber \u2013 <strong>Arkadiusz Mi\u0142oszewski wraca na \u0142awk\u0119 trenersk\u0105 Zastalu<\/strong>.  Kibice, kt\u00f3rzy \u015bledz\u0105 losy Zastalu od lat, doskonale pami\u0119taj\u0105 jego wk\u0142ad w sukcesy naszej dru\u017cyny jako asystenta \u2013 wtedy, gdy Zastal si\u0119ga\u0142 po mistrzostwa, puchary i medale. A nowi kibice powinni kojarzy\u0107 \u201eMi\u0142ego\u201d z sukces\u00f3w Kinga Szczecin, z kt\u00f3rym zdoby\u0142 Mistrzostwo Polski w 2023 roku, Wicemistrzostwo w 2024 i Superpuchar Polski. No i oczywi\u015bcie tytu\u0142 <strong>trenera roku<\/strong>. W skr\u00f3cie \u2013 jest to cz\u0142owiek, kt\u00f3ry zna si\u0119 na rzeczy. A teraz ma poprowadzi\u0107 Zastal <strong>przez najbli\u017csze trzy sezony<\/strong>. Brzmi jak plan z ambicjami, prawda?<\/p>\n\n\n\n<h4 class=\"wp-block-heading\">Mazurczak znowu w zielono-bia\u0142ym stroju<\/h4>\n\n\n\n<p class=\"wp-block-paragraph\">To nie koniec powrot\u00f3w. W \u015blad za trenerem do Zielonej G\u00f3ry przylecia\u0142 (z Chicago, dos\u0142ownie i w przeno\u015bni) <strong>Andrzej \u201eAndy\u201d Mazurczak<\/strong>. Ulubieniec wielu kibic\u00f3w, MVP ligi z 2023 roku, architekt sukces\u00f3w Wilk\u00f3w Morskich Szczecin, teraz zn\u00f3w mamy go w Zastalu. Pami\u0119tacie jego popisowy sezon 2021\/22 i wywalczony Superpuchar Polski? Wierz\u0119, \u017ce to by\u0142 tylko przedsmak. Andy wraca jako bardziej do\u015bwiadczony lider, got\u00f3w dowodzi\u0107 na parkiecie przez kolejne dwa lata.<\/p>\n\n\n\n<h4 class=\"wp-block-heading\">Powr\u00f3t do korzeni, ale z nowym ogniem<\/h4>\n\n\n\n<p class=\"wp-block-paragraph\">Nie da si\u0119 ukry\u0107, \u017ce <strong>sezon 2024\/25 nie nale\u017ca\u0142 do naj\u0142atwiejszych<\/strong>. Brak play-off\u00f3w bola\u0142&#8230;, ale mo\u017ce to w\u0142a\u015bnie dzi\u0119ki temu Zastal m\u00f3g\u0142 szybciej rozpocz\u0105\u0107 budowanie czego\u015b nowego. A w\u0142a\u015bciwie odszuka\u0107 na nowo to, co najlepsze, i nada\u0107 temu nieco inn\u0105 energi\u0119.<\/p>\n\n\n\n<p class=\"wp-block-paragraph\">W tych powrotach czu\u0107 nie tylko nostalgi\u0119. Czu\u0107 pomys\u0142, czu\u0107 plan, czu\u0107, \u017ce kto\u015b chce zn\u00f3w rozpali\u0107 ogie\u0144 pod basketem w Winnym Grodzie. A my, kibice? Mamy obowi\u0105zek ten ogie\u0144 podtrzyma\u0107. Na trybunach. W komentarzach. W sercu.<\/p>\n\n\n\n<p class=\"wp-block-paragraph\">Zaczyna si\u0119 nowy sezon.<br>I wygl\u0105da na to, \u017ce nie b\u0119dzie og\u00f3rkowy \u2013 tylko konkretnie doprawiony.<\/p>\n\n\n\n<p class=\"wp-block-paragraph\">\ud83c\udfc0 Zastalowcy.pl \u2013 o Zastalu od kibic\u00f3w \u2013 dla kibic\u00f3w<\/p>\n","protected":false},"excerpt":{"rendered":"<p>W teorii \u201esezon og\u00f3rkowy\u201d dopiero si\u0119 rozpocz\u0105\u0142. Mamy w\u0142a\u015bnie ten moment mi\u0119dzy jednym a drugim sezonem, kiedy hale<\/p>\n","protected":false},"author":3,"featured_media":91,"comment_status":"open","ping_status":"open","sticky":false,"template":"","format":"standard","meta":{"om_disable_all_campaigns":false,"footnotes":""},"categories":[18,9],"tags":[17,26,15,22,21,13,25,23,12,14,24,11,10,16],"class_list":["post-90","post","type-post","status-publish","format-standard","has-post-thumbnail","hentry","category-aktualnosci","category-sezon-2025-2026","tag-basketzg","tag-druzyna","tag-koszykowka","tag-mazurczak","tag-miloszewski","tag-orlen-zastal-zielona-gora","tag-sklad","tag-trener","tag-zastal","tag-zastal-zielona-gora","tag-zawodnik","tag-zielona-gora","tag-zielonagora","tag-zielonogorska-koszykowka"],"aioseo_notices":[],"aioseo_head":"\n\t\t<!-- All in One SEO 5.0.0.1 - aioseo.com -->\n\t<meta name=\"description\" content=\"W teorii \u201esezon og\u00f3rkowy\u201d dopiero si\u0119 rozpocz\u0105\u0142. Mamy w\u0142a\u015bnie ten moment mi\u0119dzy jednym a drugim sezonem, kiedy hale pustoszej\u0105, kibice odpoczywaj\u0105, a kluby zamiast gra\u0107 \u2013 kombinuj\u0105, kogo tu jeszcze \u015bci\u0105gn\u0105\u0107, \u017ceby w kolejnym rozdaniu by\u0142o lepiej, szybciej i skuteczniej. Ale w Zielonej G\u00f3rze \u201esezon og\u00f3rkowy\u201d rozpocz\u0105\u0142 si\u0119 ju\u017c na pocz\u0105tku czerwca. I wcale nie\" \/>\n\t<meta name=\"robots\" content=\"max-image-preview:large\" \/>\n\t<meta name=\"author\" content=\"Joanna Nawlicka\"\/>\n\t<link rel=\"canonical\" href=\"https:\/\/zastalowcy.pl\/?p=90\" \/>\n\t<meta name=\"generator\" content=\"All in One SEO (AIOSEO) 5.0.0.1\" \/>\n\t\t<meta property=\"og:locale\" content=\"pl_PL\" \/>\n\t\t<meta property=\"og:site_name\" content=\"- O Zastalu od kibic\u00f3w \u2013 dla kibic\u00f3w\" \/>\n\t\t<meta property=\"og:type\" content=\"article\" \/>\n\t\t<meta property=\"og:title\" content=\"\u201eSezon og\u00f3rkowy\u201d? W Zielonej G\u00f3rze raczej ostro przyprawiony! -\" \/>\n\t\t<meta property=\"og:description\" content=\"W teorii \u201esezon og\u00f3rkowy\u201d dopiero si\u0119 rozpocz\u0105\u0142. Mamy w\u0142a\u015bnie ten moment mi\u0119dzy jednym a drugim sezonem, kiedy hale pustoszej\u0105, kibice odpoczywaj\u0105, a kluby zamiast gra\u0107 \u2013 kombinuj\u0105, kogo tu jeszcze \u015bci\u0105gn\u0105\u0107, \u017ceby w kolejnym rozdaniu by\u0142o lepiej, szybciej i skuteczniej. Ale w Zielonej G\u00f3rze \u201esezon og\u00f3rkowy\u201d rozpocz\u0105\u0142 si\u0119 ju\u017c na pocz\u0105tku czerwca. I wcale nie\" \/>\n\t\t<meta property=\"og:url\" content=\"https:\/\/zastalowcy.pl\/?p=90\" \/>\n\t\t<meta property=\"og:image\" content=\"https:\/\/zastalowcy.pl\/wp-content\/uploads\/2025\/09\/cropped-logo-strony-2.png\" \/>\n\t\t<meta property=\"og:image:secure_url\" content=\"https:\/\/zastalowcy.pl\/wp-content\/uploads\/2025\/09\/cropped-logo-strony-2.png\" \/>\n\t\t<meta property=\"og:image:width\" content=\"1862\" \/>\n\t\t<meta property=\"og:image:height\" content=\"384\" \/>\n\t\t<meta property=\"article:published_time\" content=\"2025-06-25T09:55:17+00:00\" \/>\n\t\t<meta property=\"article:modified_time\" content=\"2025-06-30T08:30:08+00:00\" \/>\n\t\t<meta name=\"twitter:card\" content=\"summary_large_image\" \/>\n\t\t<meta name=\"twitter:title\" content=\"\u201eSezon og\u00f3rkowy\u201d? W Zielonej G\u00f3rze raczej ostro przyprawiony! -\" \/>\n\t\t<meta name=\"twitter:description\" content=\"W teorii \u201esezon og\u00f3rkowy\u201d dopiero si\u0119 rozpocz\u0105\u0142. Mamy w\u0142a\u015bnie ten moment mi\u0119dzy jednym a drugim sezonem, kiedy hale pustoszej\u0105, kibice odpoczywaj\u0105, a kluby zamiast gra\u0107 \u2013 kombinuj\u0105, kogo tu jeszcze \u015bci\u0105gn\u0105\u0107, \u017ceby w kolejnym rozdaniu by\u0142o lepiej, szybciej i skuteczniej. Ale w Zielonej G\u00f3rze \u201esezon og\u00f3rkowy\u201d rozpocz\u0105\u0142 si\u0119 ju\u017c na pocz\u0105tku czerwca. I wcale nie\" \/>\n\t\t<meta name=\"twitter:image\" content=\"https:\/\/zastalowcy.pl\/wp-content\/uploads\/2025\/09\/cropped-logo-strony-2.png\" \/>\n\t\t<script type=\"application\/ld+json\" class=\"aioseo-schema\">\n\t\t\t{\"@context\":\"https:\\\/\\\/schema.org\",\"@graph\":[{\"@type\":\"BlogPosting\",\"@id\":\"https:\\\/\\\/zastalowcy.pl\\\/?p=90#blogposting\",\"name\":\"\\u201eSezon og\\u00f3rkowy\\u201d? W Zielonej G\\u00f3rze raczej ostro przyprawiony! -\",\"headline\":\"\\u201eSezon og\\u00f3rkowy\\u201d? W Zielonej G\\u00f3rze raczej ostro przyprawiony!\",\"author\":{\"@id\":\"https:\\\/\\\/zastalowcy.pl\\\/?author=3#author\"},\"publisher\":{\"@id\":\"https:\\\/\\\/zastalowcy.pl\\\/#organization\"},\"image\":{\"@type\":\"ImageObject\",\"url\":\"https:\\\/\\\/zastalowcy.pl\\\/wp-content\\\/uploads\\\/2025\\\/06\\\/profilowe-4.png\",\"width\":2048,\"height\":2048},\"datePublished\":\"2025-06-25T11:55:17+02:00\",\"dateModified\":\"2025-06-30T10:30:08+02:00\",\"inLanguage\":\"pl-PL\",\"commentCount\":1,\"mainEntityOfPage\":{\"@id\":\"https:\\\/\\\/zastalowcy.pl\\\/?p=90#webpage\"},\"isPartOf\":{\"@id\":\"https:\\\/\\\/zastalowcy.pl\\\/?p=90#webpage\"},\"articleSection\":\"Aktualno\\u015bci, Sezon 2025\\\/2026, basketzg, dru\\u017cyna, koszyk\\u00f3wka, mazurczak, mi\\u0142oszewski, orlen zastal zielona g\\u00f3ra, sk\\u0142ad, trener, zastal, zastal zielona g\\u00f3ra, zawodnik, zielona g\\u00f3ra, zielonagora, zielonog\\u00f3rska koszyk\\u00f3wka\"},{\"@type\":\"BreadcrumbList\",\"@id\":\"https:\\\/\\\/zastalowcy.pl\\\/?p=90#breadcrumblist\",\"itemListElement\":[{\"@type\":\"ListItem\",\"@id\":\"https:\\\/\\\/zastalowcy.pl#listItem\",\"position\":1,\"name\":\"Home\",\"item\":\"https:\\\/\\\/zastalowcy.pl\",\"nextItem\":{\"@type\":\"ListItem\",\"@id\":\"https:\\\/\\\/zastalowcy.pl\\\/?cat=9#listItem\",\"name\":\"Sezon 2025\\\/2026\"}},{\"@type\":\"ListItem\",\"@id\":\"https:\\\/\\\/zastalowcy.pl\\\/?cat=9#listItem\",\"position\":2,\"name\":\"Sezon 2025\\\/2026\",\"item\":\"https:\\\/\\\/zastalowcy.pl\\\/?cat=9\",\"nextItem\":{\"@type\":\"ListItem\",\"@id\":\"https:\\\/\\\/zastalowcy.pl\\\/?p=90#listItem\",\"name\":\"\\u201eSezon og\\u00f3rkowy\\u201d? W Zielonej G\\u00f3rze raczej ostro przyprawiony!\"},\"previousItem\":{\"@type\":\"ListItem\",\"@id\":\"https:\\\/\\\/zastalowcy.pl#listItem\",\"name\":\"Home\"}},{\"@type\":\"ListItem\",\"@id\":\"https:\\\/\\\/zastalowcy.pl\\\/?p=90#listItem\",\"position\":3,\"name\":\"\\u201eSezon og\\u00f3rkowy\\u201d? W Zielonej G\\u00f3rze raczej ostro przyprawiony!\",\"previousItem\":{\"@type\":\"ListItem\",\"@id\":\"https:\\\/\\\/zastalowcy.pl\\\/?cat=9#listItem\",\"name\":\"Sezon 2025\\\/2026\"}}]},{\"@type\":\"Organization\",\"@id\":\"https:\\\/\\\/zastalowcy.pl\\\/#organization\",\"description\":\"O Zastalu od kibic\\u00f3w \\u2013 dla kibic\\u00f3w\",\"url\":\"https:\\\/\\\/zastalowcy.pl\\\/\",\"logo\":{\"@type\":\"ImageObject\",\"url\":\"https:\\\/\\\/zastalowcy.pl\\\/wp-content\\\/uploads\\\/2025\\\/09\\\/cropped-logo-strony-2.png\",\"@id\":\"https:\\\/\\\/zastalowcy.pl\\\/?p=90\\\/#organizationLogo\",\"width\":1862,\"height\":384},\"image\":{\"@id\":\"https:\\\/\\\/zastalowcy.pl\\\/?p=90\\\/#organizationLogo\"}},{\"@type\":\"Person\",\"@id\":\"https:\\\/\\\/zastalowcy.pl\\\/?author=3#author\",\"url\":\"https:\\\/\\\/zastalowcy.pl\\\/?author=3\",\"name\":\"Joanna Nawlicka\",\"image\":{\"@type\":\"ImageObject\",\"@id\":\"https:\\\/\\\/zastalowcy.pl\\\/?p=90#authorImage\",\"url\":\"https:\\\/\\\/secure.gravatar.com\\\/avatar\\\/66fc557d97536ff5096b6295970275631b7a4673997738477642001957f5274c?s=96&d=mm&r=g\",\"width\":96,\"height\":96,\"caption\":\"Joanna Nawlicka\"}},{\"@type\":\"WebPage\",\"@id\":\"https:\\\/\\\/zastalowcy.pl\\\/?p=90#webpage\",\"url\":\"https:\\\/\\\/zastalowcy.pl\\\/?p=90\",\"name\":\"\\u201eSezon og\\u00f3rkowy\\u201d? W Zielonej G\\u00f3rze raczej ostro przyprawiony! -\",\"description\":\"W teorii \\u201esezon og\\u00f3rkowy\\u201d dopiero si\\u0119 rozpocz\\u0105\\u0142. Mamy w\\u0142a\\u015bnie ten moment mi\\u0119dzy jednym a drugim sezonem, kiedy hale pustoszej\\u0105, kibice odpoczywaj\\u0105, a kluby zamiast gra\\u0107 \\u2013 kombinuj\\u0105, kogo tu jeszcze \\u015bci\\u0105gn\\u0105\\u0107, \\u017ceby w kolejnym rozdaniu by\\u0142o lepiej, szybciej i skuteczniej. Ale w Zielonej G\\u00f3rze \\u201esezon og\\u00f3rkowy\\u201d rozpocz\\u0105\\u0142 si\\u0119 ju\\u017c na pocz\\u0105tku czerwca. I wcale nie\",\"inLanguage\":\"pl-PL\",\"isPartOf\":{\"@id\":\"https:\\\/\\\/zastalowcy.pl\\\/#website\"},\"breadcrumb\":{\"@id\":\"https:\\\/\\\/zastalowcy.pl\\\/?p=90#breadcrumblist\"},\"author\":{\"@id\":\"https:\\\/\\\/zastalowcy.pl\\\/?author=3#author\"},\"creator\":{\"@id\":\"https:\\\/\\\/zastalowcy.pl\\\/?author=3#author\"},\"image\":{\"@type\":\"ImageObject\",\"url\":\"https:\\\/\\\/zastalowcy.pl\\\/wp-content\\\/uploads\\\/2025\\\/06\\\/profilowe-4.png\",\"@id\":\"https:\\\/\\\/zastalowcy.pl\\\/?p=90\\\/#mainImage\",\"width\":2048,\"height\":2048},\"primaryImageOfPage\":{\"@id\":\"https:\\\/\\\/zastalowcy.pl\\\/?p=90#mainImage\"},\"datePublished\":\"2025-06-25T11:55:17+02:00\",\"dateModified\":\"2025-06-30T10:30:08+02:00\"},{\"@type\":\"WebSite\",\"@id\":\"https:\\\/\\\/zastalowcy.pl\\\/#website\",\"url\":\"https:\\\/\\\/zastalowcy.pl\\\/\",\"description\":\"O Zastalu od kibic\\u00f3w \\u2013 dla kibic\\u00f3w\",\"inLanguage\":\"pl-PL\",\"publisher\":{\"@id\":\"https:\\\/\\\/zastalowcy.pl\\\/#organization\"}}]}\n\t\t<\/script>\n\t\t<!-- All in One SEO -->\n\n","aioseo_head_json":{"title":"\u201eSezon og\u00f3rkowy\u201d? W Zielonej G\u00f3rze raczej ostro przyprawiony! -","description":"W teorii \u201esezon og\u00f3rkowy\u201d dopiero si\u0119 rozpocz\u0105\u0142. Mamy w\u0142a\u015bnie ten moment mi\u0119dzy jednym a drugim sezonem, kiedy hale pustoszej\u0105, kibice odpoczywaj\u0105, a kluby zamiast gra\u0107 \u2013 kombinuj\u0105, kogo tu jeszcze \u015bci\u0105gn\u0105\u0107, \u017ceby w kolejnym rozdaniu by\u0142o lepiej, szybciej i skuteczniej. Ale w Zielonej G\u00f3rze \u201esezon og\u00f3rkowy\u201d rozpocz\u0105\u0142 si\u0119 ju\u017c na pocz\u0105tku czerwca. I wcale nie","canonical_url":"https:\/\/zastalowcy.pl\/?p=90","robots":"max-image-preview:large","keywords":"","webmasterTools":{"miscellaneous":""},"schema":{"@context":"https:\/\/schema.org","@graph":[{"@type":"BlogPosting","@id":"https:\/\/zastalowcy.pl\/?p=90#blogposting","name":"\u201eSezon og\u00f3rkowy\u201d? W Zielonej G\u00f3rze raczej ostro przyprawiony! -","headline":"\u201eSezon og\u00f3rkowy\u201d? W Zielonej G\u00f3rze raczej ostro przyprawiony!","author":{"@id":"https:\/\/zastalowcy.pl\/?author=3#author"},"publisher":{"@id":"https:\/\/zastalowcy.pl\/#organization"},"image":{"@type":"ImageObject","url":"https:\/\/zastalowcy.pl\/wp-content\/uploads\/2025\/06\/profilowe-4.png","width":2048,"height":2048},"datePublished":"2025-06-25T11:55:17+02:00","dateModified":"2025-06-30T10:30:08+02:00","inLanguage":"pl-PL","commentCount":1,"mainEntityOfPage":{"@id":"https:\/\/zastalowcy.pl\/?p=90#webpage"},"isPartOf":{"@id":"https:\/\/zastalowcy.pl\/?p=90#webpage"},"articleSection":"Aktualno\u015bci, Sezon 2025\/2026, basketzg, dru\u017cyna, koszyk\u00f3wka, mazurczak, mi\u0142oszewski, orlen zastal zielona g\u00f3ra, sk\u0142ad, trener, zastal, zastal zielona g\u00f3ra, zawodnik, zielona g\u00f3ra, zielonagora, zielonog\u00f3rska koszyk\u00f3wka"},{"@type":"BreadcrumbList","@id":"https:\/\/zastalowcy.pl\/?p=90#breadcrumblist","itemListElement":[{"@type":"ListItem","@id":"https:\/\/zastalowcy.pl#listItem","position":1,"name":"Home","item":"https:\/\/zastalowcy.pl","nextItem":{"@type":"ListItem","@id":"https:\/\/zastalowcy.pl\/?cat=9#listItem","name":"Sezon 2025\/2026"}},{"@type":"ListItem","@id":"https:\/\/zastalowcy.pl\/?cat=9#listItem","position":2,"name":"Sezon 2025\/2026","item":"https:\/\/zastalowcy.pl\/?cat=9","nextItem":{"@type":"ListItem","@id":"https:\/\/zastalowcy.pl\/?p=90#listItem","name":"\u201eSezon og\u00f3rkowy\u201d? W Zielonej G\u00f3rze raczej ostro przyprawiony!"},"previousItem":{"@type":"ListItem","@id":"https:\/\/zastalowcy.pl#listItem","name":"Home"}},{"@type":"ListItem","@id":"https:\/\/zastalowcy.pl\/?p=90#listItem","position":3,"name":"\u201eSezon og\u00f3rkowy\u201d? W Zielonej G\u00f3rze raczej ostro przyprawiony!","previousItem":{"@type":"ListItem","@id":"https:\/\/zastalowcy.pl\/?cat=9#listItem","name":"Sezon 2025\/2026"}}]},{"@type":"Organization","@id":"https:\/\/zastalowcy.pl\/#organization","description":"O Zastalu od kibic\u00f3w \u2013 dla kibic\u00f3w","url":"https:\/\/zastalowcy.pl\/","logo":{"@type":"ImageObject","url":"https:\/\/zastalowcy.pl\/wp-content\/uploads\/2025\/09\/cropped-logo-strony-2.png","@id":"https:\/\/zastalowcy.pl\/?p=90\/#organizationLogo","width":1862,"height":384},"image":{"@id":"https:\/\/zastalowcy.pl\/?p=90\/#organizationLogo"}},{"@type":"Person","@id":"https:\/\/zastalowcy.pl\/?author=3#author","url":"https:\/\/zastalowcy.pl\/?author=3","name":"Joanna Nawlicka","image":{"@type":"ImageObject","@id":"https:\/\/zastalowcy.pl\/?p=90#authorImage","url":"https:\/\/secure.gravatar.com\/avatar\/66fc557d97536ff5096b6295970275631b7a4673997738477642001957f5274c?s=96&d=mm&r=g","width":96,"height":96,"caption":"Joanna Nawlicka"}},{"@type":"WebPage","@id":"https:\/\/zastalowcy.pl\/?p=90#webpage","url":"https:\/\/zastalowcy.pl\/?p=90","name":"\u201eSezon og\u00f3rkowy\u201d? W Zielonej G\u00f3rze raczej ostro przyprawiony! -","description":"W teorii \u201esezon og\u00f3rkowy\u201d dopiero si\u0119 rozpocz\u0105\u0142. Mamy w\u0142a\u015bnie ten moment mi\u0119dzy jednym a drugim sezonem, kiedy hale pustoszej\u0105, kibice odpoczywaj\u0105, a kluby zamiast gra\u0107 \u2013 kombinuj\u0105, kogo tu jeszcze \u015bci\u0105gn\u0105\u0107, \u017ceby w kolejnym rozdaniu by\u0142o lepiej, szybciej i skuteczniej. Ale w Zielonej G\u00f3rze \u201esezon og\u00f3rkowy\u201d rozpocz\u0105\u0142 si\u0119 ju\u017c na pocz\u0105tku czerwca. I wcale nie","inLanguage":"pl-PL","isPartOf":{"@id":"https:\/\/zastalowcy.pl\/#website"},"breadcrumb":{"@id":"https:\/\/zastalowcy.pl\/?p=90#breadcrumblist"},"author":{"@id":"https:\/\/zastalowcy.pl\/?author=3#author"},"creator":{"@id":"https:\/\/zastalowcy.pl\/?author=3#author"},"image":{"@type":"ImageObject","url":"https:\/\/zastalowcy.pl\/wp-content\/uploads\/2025\/06\/profilowe-4.png","@id":"https:\/\/zastalowcy.pl\/?p=90\/#mainImage","width":2048,"height":2048},"primaryImageOfPage":{"@id":"https:\/\/zastalowcy.pl\/?p=90#mainImage"},"datePublished":"2025-06-25T11:55:17+02:00","dateModified":"2025-06-30T10:30:08+02:00"},{"@type":"WebSite","@id":"https:\/\/zastalowcy.pl\/#website","url":"https:\/\/zastalowcy.pl\/","description":"O Zastalu od kibic\u00f3w \u2013 dla kibic\u00f3w","inLanguage":"pl-PL","publisher":{"@id":"https:\/\/zastalowcy.pl\/#organization"}}]},"og:locale":"pl_PL","og:site_name":"- O Zastalu od kibic\u00f3w \u2013 dla kibic\u00f3w","og:type":"article","og:title":"\u201eSezon og\u00f3rkowy\u201d? W Zielonej G\u00f3rze raczej ostro przyprawiony! -","og:description":"W teorii \u201esezon og\u00f3rkowy\u201d dopiero si\u0119 rozpocz\u0105\u0142. Mamy w\u0142a\u015bnie ten moment mi\u0119dzy jednym a drugim sezonem, kiedy hale pustoszej\u0105, kibice odpoczywaj\u0105, a kluby zamiast gra\u0107 \u2013 kombinuj\u0105, kogo tu jeszcze \u015bci\u0105gn\u0105\u0107, \u017ceby w kolejnym rozdaniu by\u0142o lepiej, szybciej i skuteczniej. Ale w Zielonej G\u00f3rze \u201esezon og\u00f3rkowy\u201d rozpocz\u0105\u0142 si\u0119 ju\u017c na pocz\u0105tku czerwca. I wcale nie","og:url":"https:\/\/zastalowcy.pl\/?p=90","og:image":"https:\/\/zastalowcy.pl\/wp-content\/uploads\/2025\/09\/cropped-logo-strony-2.png","og:image:secure_url":"https:\/\/zastalowcy.pl\/wp-content\/uploads\/2025\/09\/cropped-logo-strony-2.png","og:image:width":1862,"og:image:height":384,"article:published_time":"2025-06-25T09:55:17+00:00","article:modified_time":"2025-06-30T08:30:08+00:00","twitter:card":"summary_large_image","twitter:title":"\u201eSezon og\u00f3rkowy\u201d? W Zielonej G\u00f3rze raczej ostro przyprawiony! -","twitter:description":"W teorii \u201esezon og\u00f3rkowy\u201d dopiero si\u0119 rozpocz\u0105\u0142. Mamy w\u0142a\u015bnie ten moment mi\u0119dzy jednym a drugim sezonem, kiedy hale pustoszej\u0105, kibice odpoczywaj\u0105, a kluby zamiast gra\u0107 \u2013 kombinuj\u0105, kogo tu jeszcze \u015bci\u0105gn\u0105\u0107, \u017ceby w kolejnym rozdaniu by\u0142o lepiej, szybciej i skuteczniej. Ale w Zielonej G\u00f3rze \u201esezon og\u00f3rkowy\u201d rozpocz\u0105\u0142 si\u0119 ju\u017c na pocz\u0105tku czerwca. I wcale nie","twitter:image":"https:\/\/zastalowcy.pl\/wp-content\/uploads\/2025\/09\/cropped-logo-strony-2.png"},"aioseo_meta_data":{"post_id":"90","title":null,"description":null,"keywords":null,"keyphrases":null,"primary_term":null,"canonical_url":null,"og_title":null,"og_description":null,"og_object_type":"default","og_image_type":"default","og_image_custom_url":null,"og_image_custom_fields":null,"og_image_url":null,"og_image_width":null,"og_image_height":null,"og_video":null,"og_custom_url":null,"og_article_section":null,"og_article_tags":null,"twitter_use_og":false,"twitter_card":"default","twitter_image_type":"default","twitter_image_custom_url":null,"twitter_image_custom_fields":null,"twitter_image_url":null,"twitter_title":null,"twitter_description":null,"schema_type":"default","schema_type_options":null,"schema":{"blockGraphs":[],"customGraphs":[],"default":{"data":{"Article":[],"Course":[],"Dataset":[],"FAQPage":[],"Movie":[],"Person":[],"Product":[],"ProductReview":[],"Car":[],"Recipe":[],"Service":[],"SoftwareApplication":[],"WebPage":[]},"graphName":"","isEnabled":true},"graphs":[]},"pillar_content":false,"robots_default":true,"robots_noindex":false,"robots_noarchive":false,"robots_nosnippet":false,"robots_nofollow":false,"robots_noimageindex":false,"robots_noodp":false,"robots_notranslate":false,"robots_max_snippet":null,"robots_max_videopreview":null,"robots_max_imagepreview":"large","priority":null,"frequency":null,"local_seo":null,"limit_modified_date":false,"ai":null,"breadcrumb_settings":null,"seo_analyzer_scan_date":null,"created":"2026-07-15 16:33:28","updated":"2026-07-15 16:33:28","focus_keyword":null,"additional_keywords":null,"truseo_locale":null},"aioseo_breadcrumb":"<div class=\"aioseo-breadcrumbs\"><span class=\"aioseo-breadcrumb\">\n\t\t\t<a href=\"https:\/\/zastalowcy.pl\" title=\"Home\">Home<\/a>\n\t\t<\/span><span class=\"aioseo-breadcrumb-separator\">&raquo;<\/span><span class=\"aioseo-breadcrumb\">\n\t\t\t<a href=\"https:\/\/zastalowcy.pl\/?cat=9\" title=\"Sezon 2025\/2026\">Sezon 2025\/2026<\/a>\n\t\t<\/span><span class=\"aioseo-breadcrumb-separator\">&raquo;<\/span><span class=\"aioseo-breadcrumb\">\n\t\t\t\u201eSezon og\u00f3rkowy\u201d? W Zielonej G\u00f3rze raczej ostro przyprawiony!\n\t\t<\/span><\/div>","aioseo_breadcrumb_json":[{"label":"Home","link":"https:\/\/zastalowcy.pl"},{"label":"Sezon 2025\/2026","link":"https:\/\/zastalowcy.pl\/?cat=9"},{"label":"\u201eSezon og\u00f3rkowy\u201d? W Zielonej G\u00f3rze raczej ostro przyprawiony!","link":"https:\/\/zastalowcy.pl\/?p=90"}],"_links":{"self":[{"href":"https:\/\/zastalowcy.pl\/index.php?rest_route=\/wp\/v2\/posts\/90","targetHints":{"allow":["GET"]}}],"collection":[{"href":"https:\/\/zastalowcy.pl\/index.php?rest_route=\/wp\/v2\/posts"}],"about":[{"href":"https:\/\/zastalowcy.pl\/index.php?rest_route=\/wp\/v2\/types\/post"}],"author":[{"embeddable":true,"href":"https:\/\/zastalowcy.pl\/index.php?rest_route=\/wp\/v2\/users\/3"}],"replies":[{"embeddable":true,"href":"https:\/\/zastalowcy.pl\/index.php?rest_route=%2Fwp%2Fv2%2Fcomments&post=90"}],"version-history":[{"count":2,"href":"https:\/\/zastalowcy.pl\/index.php?rest_route=\/wp\/v2\/posts\/90\/revisions"}],"predecessor-version":[{"id":111,"href":"https:\/\/zastalowcy.pl\/index.php?rest_route=\/wp\/v2\/posts\/90\/revisions\/111"}],"wp:featuredmedia":[{"embeddable":true,"href":"https:\/\/zastalowcy.pl\/index.php?rest_route=\/wp\/v2\/media\/91"}],"wp:attachment":[{"href":"https:\/\/zastalowcy.pl\/index.php?rest_route=%2Fwp%2Fv2%2Fmedia&parent=90"}],"wp:term":[{"taxonomy":"category","embeddable":true,"href":"https:\/\/zastalowcy.pl\/index.php?rest_route=%2Fwp%2Fv2%2Fcategories&post=90"},{"taxonomy":"post_tag","embeddable":true,"href":"https:\/\/zastalowcy.pl\/index.php?rest_route=%2Fwp%2Fv2%2Ftags&post=90"}],"curies":[{"name":"wp","href":"https:\/\/api.w.org\/{rel}","templated":true}]}}