{"id":902,"date":"2026-01-16T20:57:55","date_gmt":"2026-01-16T19:57:55","guid":{"rendered":"https:\/\/zastalowcy.pl\/?p=902"},"modified":"2026-01-16T20:57:55","modified_gmt":"2026-01-16T19:57:55","slug":"kadra-zastalu-zielona-gora-w-ii-rundzie-obl-doswiadczenie-atletyzm-i-rosnaca-glebia-skladu","status":"publish","type":"post","link":"https:\/\/zastalowcy.pl\/?p=902","title":{"rendered":"Kadra Zastalu Zielona G\u00f3ra w II rundzie OBL \u2013 do\u015bwiadczenie, atletyzm i rosn\u0105ca g\u0142\u0119bia sk\u0142adu"},"content":{"rendered":"\n<p class=\"wp-block-paragraph\">Zastal Zielona G\u00f3ra w sezonie 2025\/2026 dysponuje obecnie jedn\u0105 z wi\u0119kszych kadr w ORLEN Basket Lidze. Zesp\u00f3\u0142 Arkadiusza Mi\u0142oszewskiego \u0142\u0105czy do\u015bwiadczenie ligowe, atletyzm zawodnik\u00f3w zagranicznych oraz coraz wi\u0119ksz\u0105 rol\u0119 polskiego trzonu dru\u017cyny. <a href=\"https:\/\/zastalowcy.pl\/?p=896&amp;fbclid=IwY2xjawPXdMlleHRuA2FlbQIxMABicmlkETFEcThJakJDbjl2dUdGbkFHc3J0YwZhcHBfaWQQMjIyMDM5MTc4ODIwMDg5MgABHq_01lfKs3wR2q2Oo463E5PQNn53FcxaR9LUauqNNir0x79ESkz53KlvTTfN_aem_BwzWukug9X5Jaq9rt7SZIw\">Wykupienie licencji dla Sagaby Konate<\/a> dodatkowo poszerza rotacj\u0119 i zwi\u0119ksza mo\u017cliwo\u015bci taktyczne zielonog\u00f3rzan.<\/p>\n\n\n\n<h4 class=\"wp-block-heading\">Obw\u00f3d \u2013 kontrola tempa i ofensywna wszechstronno\u015b\u0107<\/h4>\n\n\n\n<p class=\"wp-block-paragraph\">Liderem rozegrania pozostaje <strong>Andrzej Mazurczak<\/strong>, jeden z najbardziej do\u015bwiadczonych polskich rozgrywaj\u0105cych w lidze. Odpowiada za organizacj\u0119 gry, tempo ataku oraz kreowanie pozycji dla partner\u00f3w. Jego obecno\u015b\u0107 pozwala Zastalowi gra\u0107 bardziej cierpliwie i kontrolowa\u0107 kluczowe momenty spotka\u0144.<\/p>\n\n\n\n<p class=\"wp-block-paragraph\">Na pozycjach obwodowych Zastal dysponuje du\u017c\u0105 rotacj\u0105. <strong>Conley Garrison<\/strong> to zawodnik \u0142\u0105cz\u0105cy funkcje strzelca i kreatora \u2013 potrafi wzi\u0105\u0107 na siebie odpowiedzialno\u015b\u0107 punktow\u0105, ale te\u017c nap\u0119dza\u0107 gr\u0119 w kontrze. \u015awietnie sprawdza si\u0119 tak\u017ce w obronie. <strong>Chavaughn Lewis<\/strong>, jeden z ofensywnych lider\u00f3w zespo\u0142u, jest g\u0142\u00f3wnym egzekutorem w ataku pozycyjnym i graczem, kt\u00f3ry potrafi seryjnie zdobywa\u0107 punkty z r\u00f3\u017cnych pozycji. Od razu pokaza\u0142 si\u0119 kibicom z najlepszej strony.<\/p>\n\n\n\n<p class=\"wp-block-paragraph\">Uzupe\u0142nieniem obwodu s\u0105 <strong>Filip Matczak<\/strong> i <strong>Marcin Woroniecki<\/strong>, zawodnicy zapewniaj\u0105cy intensywno\u015b\u0107 w defensywie, pressing na pi\u0142ce i solidne minuty z \u0142awki. Ich rola cz\u0119sto wykracza poza statystyki \u2014 to gracze od \u201eczarnej roboty\u201d, wa\u017cni w budowaniu energii zespo\u0142u.<\/p>\n\n\n\n<h4 class=\"wp-block-heading\">Skrzyd\u0142a \u2013 balans mi\u0119dzy fizyczno\u015bci\u0105 a mobilno\u015bci\u0105<\/h4>\n\n\n\n<p class=\"wp-block-paragraph\">Na skrzyd\u0142ach Zastal mo\u017ce korzysta\u0107 z kilku r\u00f3\u017cnych profili zawodnik\u00f3w. <strong>Jayvon Maughmer<\/strong> wnosi dynamik\u0119, atletyzm i gr\u0119 w otwartym boisku, dobrze odnajduj\u0105c si\u0119 w kontratakach i przy zmianach krycia. <strong>Patrick Cartier<\/strong> to silny skrzyd\u0142owy, kt\u00f3ry potrafi zar\u00f3wno walczy\u0107 pod koszem, jak i rozci\u0105ga\u0107 gr\u0119 rzutem z dystansu.<\/p>\n\n\n\n<p class=\"wp-block-paragraph\">Du\u017c\u0105 rol\u0119 w rotacji odgrywa <strong>Jakub Szumert<\/strong>, kt\u00f3ry w tym sezonie sta\u0142 si\u0119 jednym z filar\u00f3w zespo\u0142u. Jego regularno\u015b\u0107, gra na obu tablicach i solidna defensywa czyni\u0105 go jednym z najbardziej uniwersalnych zawodnik\u00f3w Zastalu. Uzupe\u0142nieniem skrzyde\u0142 s\u0105 m\u0142odsi gracze: <strong>Mi\u0142osz G\u00f3re\u0144czyk<\/strong> nie mia\u0142 jeszcze okazji pokaza\u0107 si\u0119 kibicom w swojej najlepszej formie, ale zawodnik powoli wraca do trening\u00f3w (wi\u0119cej na ten temat niebawem). Do dyspozycji trenera pozostaje tak\u017ce <strong>Micha\u0142 Sitnik<\/strong>, zbieraj\u0105cy ligowe do\u015bwiadczenie i daj\u0105cy sztabowi dodatkowe opcje w rotacji.<\/p>\n\n\n\n<h4 class=\"wp-block-heading\">Strefa podkoszowa \u2013 si\u0142a, rywalizacja i nowe mo\u017cliwo\u015bci<\/h4>\n\n\n\n<p class=\"wp-block-paragraph\">Pod koszem Zastal dysponuje kilkoma r\u00f3\u017cnymi typami \u015brodkowych. <strong>Phil Fayne<\/strong> to klasyczny center, opieraj\u0105cy gr\u0119 na fizyczno\u015bci, zbi\u00f3rkach i walce w \u201epomalowanym\u201d. <strong>Krzysztof Sulima<\/strong> wnosi do\u015bwiadczenie ligowe, tward\u0105 defensyw\u0119 i gotowo\u015b\u0107 do gry w wymagaj\u0105cych fragmentach spotka\u0144.<\/p>\n\n\n\n<p class=\"wp-block-paragraph\">Do tej rotacji do\u0142\u0105cza <strong>Sagaba Konate<\/strong>, kt\u00f3rego licencja na gr\u0119 w ORLEN Basket Lidze zosta\u0142a w\u0142a\u015bnie wykupiona. Jego atletyzm, zasi\u0119g ramion i potencja\u0142 defensywny mog\u0105 znacz\u0105co wzmocni\u0107 Zastal szczeg\u00f3lnie w meczach z fizycznymi rywalami. Obecno\u015b\u0107 trzech \u015brodkowych o r\u00f3\u017cnych profilach zwi\u0119ksza rywalizacj\u0119 wewn\u0105trz zespo\u0142u i daje trenerowi wi\u0119ksz\u0105 elastyczno\u015b\u0107 w doborze ustawie\u0144.<\/p>\n\n\n\n<h4 class=\"wp-block-heading\">Sztab szkoleniowy \u2013 stabilno\u015b\u0107 i konsekwencja<\/h4>\n\n\n\n<p class=\"wp-block-paragraph\">Za sportowy kszta\u0142t zespo\u0142u odpowiada <strong>Arkadiusz Mi\u0142oszewski<\/strong>, wspierany przez asystent\u00f3w <strong>Grzegorza Kukie\u0142k\u0119<\/strong> i <strong>Kendalla Chonesa<\/strong>. Wa\u017cnym elementem zaplecza s\u0105 r\u00f3wnie\u017c osoby odpowiedzialne za przygotowanie fizyczne i medyczne \u2013 <strong>Wojciech Rosikiewicz<\/strong>, <strong>Mateusz Mruk<\/strong> oraz <strong>Marcel Wojewoda<\/strong>. Ca\u0142o\u015b\u0107 tworzy sp\u00f3jny sztab, kt\u00f3ry konsekwentnie rozwija dru\u017cyn\u0119 w trakcie sezonu.<\/p>\n\n\n\n<h4 class=\"wp-block-heading\">Zesp\u00f3\u0142 gotowy na decyduj\u0105c\u0105 cz\u0119\u015b\u0107 sezonu<\/h4>\n\n\n\n<p class=\"wp-block-paragraph\">Szeroka kadra, wykupienie licencji dla sz\u00f3stego obcokrajowca oraz awans do Pekao S.A. Pucharu Polski sprawiaj\u0105, \u017ce Zastal Zielona G\u00f3ra wchodzi w drug\u0105 cz\u0119\u015b\u0107 sezonu z jasno okre\u015blonymi ambicjami. Rywalizacja wewn\u0119trzna, mo\u017cliwo\u015b\u0107 reagowania na r\u00f3\u017cne style gry rywali i rosn\u0105ca jako\u015b\u0107 zespo\u0142u pozwalaj\u0105 patrze\u0107 na dalsz\u0105 cz\u0119\u015b\u0107 rozgrywek z optymizmem i nadziejami na wej\u015bcie do fazy play-off.<\/p>\n\n\n\n<p class=\"wp-block-paragraph\">\ud83c\udfc0 Zastalowcy.pl \u2013 o Zastalu od kibic\u00f3w \u2013 dla kibic\u00f3w<\/p>\n\n\n\n<p class=\"wp-block-paragraph\"><\/p>\n","protected":false},"excerpt":{"rendered":"<p>Zastal Zielona G\u00f3ra w sezonie 2025\/2026 dysponuje obecnie jedn\u0105 z wi\u0119kszych kadr w ORLEN Basket Lidze. Zesp\u00f3\u0142 Arkadiusza<\/p>\n","protected":false},"author":3,"featured_media":903,"comment_status":"open","ping_status":"open","sticky":false,"template":"","format":"standard","meta":{"om_disable_all_campaigns":false,"footnotes":""},"categories":[18,7,9],"tags":[17,26,260,15,65,66,129,261,12,263,262,264,266,265,14,42,11,10],"class_list":["post-902","post","type-post","status-publish","format-standard","has-post-thumbnail","hentry","category-aktualnosci","category-felietony","category-sezon-2025-2026","tag-basketzg","tag-druzyna","tag-kadra-zastalu","tag-koszykowka","tag-obl","tag-orlen-basket-liga","tag-plkpl","tag-rotacja-zastalu","tag-zastal","tag-zastal-rozgrywajacy","tag-zastal-skrzydlowi","tag-zastal-srodkowi","tag-zastal-sztab-szkoleniowy","tag-zastal-trener","tag-zastal-zielona-gora","tag-zastalowcy","tag-zielona-gora","tag-zielonagora"],"aioseo_notices":[],"aioseo_head":"\n\t\t<!-- All in One SEO 5.0.0.1 - aioseo.com -->\n\t<meta name=\"description\" content=\"Zastal Zielona G\u00f3ra w sezonie 2025\/2026 dysponuje obecnie jedn\u0105 z wi\u0119kszych kadr w ORLEN Basket Lidze. Zesp\u00f3\u0142 Arkadiusza Mi\u0142oszewskiego \u0142\u0105czy do\u015bwiadczenie ligowe, atletyzm zawodnik\u00f3w zagranicznych oraz coraz wi\u0119ksz\u0105 rol\u0119 polskiego trzonu dru\u017cyny. Wykupienie licencji dla Sagaby Konate dodatkowo poszerza rotacj\u0119 i zwi\u0119ksza mo\u017cliwo\u015bci taktyczne zielonog\u00f3rzan. Obw\u00f3d \u2013 kontrola tempa i ofensywna wszechstronno\u015b\u0107 Liderem rozegrania pozostaje\" \/>\n\t<meta name=\"robots\" content=\"max-image-preview:large\" \/>\n\t<meta name=\"author\" content=\"Joanna Nawlicka\"\/>\n\t<link rel=\"canonical\" href=\"https:\/\/zastalowcy.pl\/?p=902\" \/>\n\t<meta name=\"generator\" content=\"All in One SEO (AIOSEO) 5.0.0.1\" \/>\n\t\t<meta property=\"og:locale\" content=\"pl_PL\" \/>\n\t\t<meta property=\"og:site_name\" content=\"- O Zastalu od kibic\u00f3w \u2013 dla kibic\u00f3w\" \/>\n\t\t<meta property=\"og:type\" content=\"article\" \/>\n\t\t<meta property=\"og:title\" content=\"Kadra Zastalu Zielona G\u00f3ra w II rundzie OBL \u2013 do\u015bwiadczenie, atletyzm i rosn\u0105ca g\u0142\u0119bia sk\u0142adu -\" \/>\n\t\t<meta property=\"og:description\" content=\"Zastal Zielona G\u00f3ra w sezonie 2025\/2026 dysponuje obecnie jedn\u0105 z wi\u0119kszych kadr w ORLEN Basket Lidze. Zesp\u00f3\u0142 Arkadiusza Mi\u0142oszewskiego \u0142\u0105czy do\u015bwiadczenie ligowe, atletyzm zawodnik\u00f3w zagranicznych oraz coraz wi\u0119ksz\u0105 rol\u0119 polskiego trzonu dru\u017cyny. Wykupienie licencji dla Sagaby Konate dodatkowo poszerza rotacj\u0119 i zwi\u0119ksza mo\u017cliwo\u015bci taktyczne zielonog\u00f3rzan. Obw\u00f3d \u2013 kontrola tempa i ofensywna wszechstronno\u015b\u0107 Liderem rozegrania pozostaje\" \/>\n\t\t<meta property=\"og:url\" content=\"https:\/\/zastalowcy.pl\/?p=902\" \/>\n\t\t<meta property=\"og:image\" content=\"https:\/\/zastalowcy.pl\/wp-content\/uploads\/2025\/09\/cropped-logo-strony-2.png\" \/>\n\t\t<meta property=\"og:image:secure_url\" content=\"https:\/\/zastalowcy.pl\/wp-content\/uploads\/2025\/09\/cropped-logo-strony-2.png\" \/>\n\t\t<meta property=\"og:image:width\" content=\"1862\" \/>\n\t\t<meta property=\"og:image:height\" content=\"384\" \/>\n\t\t<meta property=\"article:published_time\" content=\"2026-01-16T19:57:55+00:00\" \/>\n\t\t<meta property=\"article:modified_time\" content=\"2026-01-16T19:57:55+00:00\" \/>\n\t\t<meta name=\"twitter:card\" content=\"summary_large_image\" \/>\n\t\t<meta name=\"twitter:title\" content=\"Kadra Zastalu Zielona G\u00f3ra w II rundzie OBL \u2013 do\u015bwiadczenie, atletyzm i rosn\u0105ca g\u0142\u0119bia sk\u0142adu -\" \/>\n\t\t<meta name=\"twitter:description\" content=\"Zastal Zielona G\u00f3ra w sezonie 2025\/2026 dysponuje obecnie jedn\u0105 z wi\u0119kszych kadr w ORLEN Basket Lidze. Zesp\u00f3\u0142 Arkadiusza Mi\u0142oszewskiego \u0142\u0105czy do\u015bwiadczenie ligowe, atletyzm zawodnik\u00f3w zagranicznych oraz coraz wi\u0119ksz\u0105 rol\u0119 polskiego trzonu dru\u017cyny. Wykupienie licencji dla Sagaby Konate dodatkowo poszerza rotacj\u0119 i zwi\u0119ksza mo\u017cliwo\u015bci taktyczne zielonog\u00f3rzan. Obw\u00f3d \u2013 kontrola tempa i ofensywna wszechstronno\u015b\u0107 Liderem rozegrania pozostaje\" \/>\n\t\t<meta name=\"twitter:image\" content=\"https:\/\/zastalowcy.pl\/wp-content\/uploads\/2025\/09\/cropped-logo-strony-2.png\" \/>\n\t\t<script type=\"application\/ld+json\" class=\"aioseo-schema\">\n\t\t\t{\"@context\":\"https:\\\/\\\/schema.org\",\"@graph\":[{\"@type\":\"BlogPosting\",\"@id\":\"https:\\\/\\\/zastalowcy.pl\\\/?p=902#blogposting\",\"name\":\"Kadra Zastalu Zielona G\\u00f3ra w II rundzie OBL \\u2013 do\\u015bwiadczenie, atletyzm i rosn\\u0105ca g\\u0142\\u0119bia sk\\u0142adu -\",\"headline\":\"Kadra Zastalu Zielona G\\u00f3ra w II rundzie OBL \\u2013 do\\u015bwiadczenie, atletyzm i rosn\\u0105ca g\\u0142\\u0119bia sk\\u0142adu\",\"author\":{\"@id\":\"https:\\\/\\\/zastalowcy.pl\\\/?author=3#author\"},\"publisher\":{\"@id\":\"https:\\\/\\\/zastalowcy.pl\\\/#organization\"},\"image\":{\"@type\":\"ImageObject\",\"url\":\"https:\\\/\\\/zastalowcy.pl\\\/wp-content\\\/uploads\\\/2026\\\/01\\\/profilowe-2-2.png\",\"width\":2048,\"height\":2048},\"datePublished\":\"2026-01-16T20:57:55+01:00\",\"dateModified\":\"2026-01-16T20:57:55+01:00\",\"inLanguage\":\"pl-PL\",\"mainEntityOfPage\":{\"@id\":\"https:\\\/\\\/zastalowcy.pl\\\/?p=902#webpage\"},\"isPartOf\":{\"@id\":\"https:\\\/\\\/zastalowcy.pl\\\/?p=902#webpage\"},\"articleSection\":\"Aktualno\\u015bci, Felietony, Sezon 2025\\\/2026, basketzg, dru\\u017cyna, kadra zastalu, koszyk\\u00f3wka, obl, Orlen Basket Liga, plkpl, rotacja zastalu, zastal, zastal rozgrywaj\\u0105cy, zastal skrzyd\\u0142owi, zastal \\u015brodkowi, zastal sztab szkoleniowy, zastal trener, zastal zielona g\\u00f3ra, zastalowcy, zielona g\\u00f3ra, zielonagora\"},{\"@type\":\"BreadcrumbList\",\"@id\":\"https:\\\/\\\/zastalowcy.pl\\\/?p=902#breadcrumblist\",\"itemListElement\":[{\"@type\":\"ListItem\",\"@id\":\"https:\\\/\\\/zastalowcy.pl#listItem\",\"position\":1,\"name\":\"Home\",\"item\":\"https:\\\/\\\/zastalowcy.pl\",\"nextItem\":{\"@type\":\"ListItem\",\"@id\":\"https:\\\/\\\/zastalowcy.pl\\\/?cat=7#listItem\",\"name\":\"Felietony\"}},{\"@type\":\"ListItem\",\"@id\":\"https:\\\/\\\/zastalowcy.pl\\\/?cat=7#listItem\",\"position\":2,\"name\":\"Felietony\",\"item\":\"https:\\\/\\\/zastalowcy.pl\\\/?cat=7\",\"nextItem\":{\"@type\":\"ListItem\",\"@id\":\"https:\\\/\\\/zastalowcy.pl\\\/?p=902#listItem\",\"name\":\"Kadra Zastalu Zielona G\\u00f3ra w II rundzie OBL \\u2013 do\\u015bwiadczenie, atletyzm i rosn\\u0105ca g\\u0142\\u0119bia sk\\u0142adu\"},\"previousItem\":{\"@type\":\"ListItem\",\"@id\":\"https:\\\/\\\/zastalowcy.pl#listItem\",\"name\":\"Home\"}},{\"@type\":\"ListItem\",\"@id\":\"https:\\\/\\\/zastalowcy.pl\\\/?p=902#listItem\",\"position\":3,\"name\":\"Kadra Zastalu Zielona G\\u00f3ra w II rundzie OBL \\u2013 do\\u015bwiadczenie, atletyzm i rosn\\u0105ca g\\u0142\\u0119bia sk\\u0142adu\",\"previousItem\":{\"@type\":\"ListItem\",\"@id\":\"https:\\\/\\\/zastalowcy.pl\\\/?cat=7#listItem\",\"name\":\"Felietony\"}}]},{\"@type\":\"Organization\",\"@id\":\"https:\\\/\\\/zastalowcy.pl\\\/#organization\",\"description\":\"O Zastalu od kibic\\u00f3w \\u2013 dla kibic\\u00f3w\",\"url\":\"https:\\\/\\\/zastalowcy.pl\\\/\",\"logo\":{\"@type\":\"ImageObject\",\"url\":\"https:\\\/\\\/zastalowcy.pl\\\/wp-content\\\/uploads\\\/2025\\\/09\\\/cropped-logo-strony-2.png\",\"@id\":\"https:\\\/\\\/zastalowcy.pl\\\/?p=902\\\/#organizationLogo\",\"width\":1862,\"height\":384},\"image\":{\"@id\":\"https:\\\/\\\/zastalowcy.pl\\\/?p=902\\\/#organizationLogo\"}},{\"@type\":\"Person\",\"@id\":\"https:\\\/\\\/zastalowcy.pl\\\/?author=3#author\",\"url\":\"https:\\\/\\\/zastalowcy.pl\\\/?author=3\",\"name\":\"Joanna Nawlicka\",\"image\":{\"@type\":\"ImageObject\",\"@id\":\"https:\\\/\\\/zastalowcy.pl\\\/?p=902#authorImage\",\"url\":\"https:\\\/\\\/secure.gravatar.com\\\/avatar\\\/66fc557d97536ff5096b6295970275631b7a4673997738477642001957f5274c?s=96&d=mm&r=g\",\"width\":96,\"height\":96,\"caption\":\"Joanna Nawlicka\"}},{\"@type\":\"WebPage\",\"@id\":\"https:\\\/\\\/zastalowcy.pl\\\/?p=902#webpage\",\"url\":\"https:\\\/\\\/zastalowcy.pl\\\/?p=902\",\"name\":\"Kadra Zastalu Zielona G\\u00f3ra w II rundzie OBL \\u2013 do\\u015bwiadczenie, atletyzm i rosn\\u0105ca g\\u0142\\u0119bia sk\\u0142adu -\",\"description\":\"Zastal Zielona G\\u00f3ra w sezonie 2025\\\/2026 dysponuje obecnie jedn\\u0105 z wi\\u0119kszych kadr w ORLEN Basket Lidze. Zesp\\u00f3\\u0142 Arkadiusza Mi\\u0142oszewskiego \\u0142\\u0105czy do\\u015bwiadczenie ligowe, atletyzm zawodnik\\u00f3w zagranicznych oraz coraz wi\\u0119ksz\\u0105 rol\\u0119 polskiego trzonu dru\\u017cyny. Wykupienie licencji dla Sagaby Konate dodatkowo poszerza rotacj\\u0119 i zwi\\u0119ksza mo\\u017cliwo\\u015bci taktyczne zielonog\\u00f3rzan. Obw\\u00f3d \\u2013 kontrola tempa i ofensywna wszechstronno\\u015b\\u0107 Liderem rozegrania pozostaje\",\"inLanguage\":\"pl-PL\",\"isPartOf\":{\"@id\":\"https:\\\/\\\/zastalowcy.pl\\\/#website\"},\"breadcrumb\":{\"@id\":\"https:\\\/\\\/zastalowcy.pl\\\/?p=902#breadcrumblist\"},\"author\":{\"@id\":\"https:\\\/\\\/zastalowcy.pl\\\/?author=3#author\"},\"creator\":{\"@id\":\"https:\\\/\\\/zastalowcy.pl\\\/?author=3#author\"},\"image\":{\"@type\":\"ImageObject\",\"url\":\"https:\\\/\\\/zastalowcy.pl\\\/wp-content\\\/uploads\\\/2026\\\/01\\\/profilowe-2-2.png\",\"@id\":\"https:\\\/\\\/zastalowcy.pl\\\/?p=902\\\/#mainImage\",\"width\":2048,\"height\":2048},\"primaryImageOfPage\":{\"@id\":\"https:\\\/\\\/zastalowcy.pl\\\/?p=902#mainImage\"},\"datePublished\":\"2026-01-16T20:57:55+01:00\",\"dateModified\":\"2026-01-16T20:57:55+01:00\"},{\"@type\":\"WebSite\",\"@id\":\"https:\\\/\\\/zastalowcy.pl\\\/#website\",\"url\":\"https:\\\/\\\/zastalowcy.pl\\\/\",\"description\":\"O Zastalu od kibic\\u00f3w \\u2013 dla kibic\\u00f3w\",\"inLanguage\":\"pl-PL\",\"publisher\":{\"@id\":\"https:\\\/\\\/zastalowcy.pl\\\/#organization\"}}]}\n\t\t<\/script>\n\t\t<!-- All in One SEO -->\n\n","aioseo_head_json":{"title":"Kadra Zastalu Zielona G\u00f3ra w II rundzie OBL \u2013 do\u015bwiadczenie, atletyzm i rosn\u0105ca g\u0142\u0119bia sk\u0142adu -","description":"Zastal Zielona G\u00f3ra w sezonie 2025\/2026 dysponuje obecnie jedn\u0105 z wi\u0119kszych kadr w ORLEN Basket Lidze. Zesp\u00f3\u0142 Arkadiusza Mi\u0142oszewskiego \u0142\u0105czy do\u015bwiadczenie ligowe, atletyzm zawodnik\u00f3w zagranicznych oraz coraz wi\u0119ksz\u0105 rol\u0119 polskiego trzonu dru\u017cyny. Wykupienie licencji dla Sagaby Konate dodatkowo poszerza rotacj\u0119 i zwi\u0119ksza mo\u017cliwo\u015bci taktyczne zielonog\u00f3rzan. Obw\u00f3d \u2013 kontrola tempa i ofensywna wszechstronno\u015b\u0107 Liderem rozegrania pozostaje","canonical_url":"https:\/\/zastalowcy.pl\/?p=902","robots":"max-image-preview:large","keywords":"","webmasterTools":{"miscellaneous":""},"schema":{"@context":"https:\/\/schema.org","@graph":[{"@type":"BlogPosting","@id":"https:\/\/zastalowcy.pl\/?p=902#blogposting","name":"Kadra Zastalu Zielona G\u00f3ra w II rundzie OBL \u2013 do\u015bwiadczenie, atletyzm i rosn\u0105ca g\u0142\u0119bia sk\u0142adu -","headline":"Kadra Zastalu Zielona G\u00f3ra w II rundzie OBL \u2013 do\u015bwiadczenie, atletyzm i rosn\u0105ca g\u0142\u0119bia sk\u0142adu","author":{"@id":"https:\/\/zastalowcy.pl\/?author=3#author"},"publisher":{"@id":"https:\/\/zastalowcy.pl\/#organization"},"image":{"@type":"ImageObject","url":"https:\/\/zastalowcy.pl\/wp-content\/uploads\/2026\/01\/profilowe-2-2.png","width":2048,"height":2048},"datePublished":"2026-01-16T20:57:55+01:00","dateModified":"2026-01-16T20:57:55+01:00","inLanguage":"pl-PL","mainEntityOfPage":{"@id":"https:\/\/zastalowcy.pl\/?p=902#webpage"},"isPartOf":{"@id":"https:\/\/zastalowcy.pl\/?p=902#webpage"},"articleSection":"Aktualno\u015bci, Felietony, Sezon 2025\/2026, basketzg, dru\u017cyna, kadra zastalu, koszyk\u00f3wka, obl, Orlen Basket Liga, plkpl, rotacja zastalu, zastal, zastal rozgrywaj\u0105cy, zastal skrzyd\u0142owi, zastal \u015brodkowi, zastal sztab szkoleniowy, zastal trener, zastal zielona g\u00f3ra, zastalowcy, zielona g\u00f3ra, zielonagora"},{"@type":"BreadcrumbList","@id":"https:\/\/zastalowcy.pl\/?p=902#breadcrumblist","itemListElement":[{"@type":"ListItem","@id":"https:\/\/zastalowcy.pl#listItem","position":1,"name":"Home","item":"https:\/\/zastalowcy.pl","nextItem":{"@type":"ListItem","@id":"https:\/\/zastalowcy.pl\/?cat=7#listItem","name":"Felietony"}},{"@type":"ListItem","@id":"https:\/\/zastalowcy.pl\/?cat=7#listItem","position":2,"name":"Felietony","item":"https:\/\/zastalowcy.pl\/?cat=7","nextItem":{"@type":"ListItem","@id":"https:\/\/zastalowcy.pl\/?p=902#listItem","name":"Kadra Zastalu Zielona G\u00f3ra w II rundzie OBL \u2013 do\u015bwiadczenie, atletyzm i rosn\u0105ca g\u0142\u0119bia sk\u0142adu"},"previousItem":{"@type":"ListItem","@id":"https:\/\/zastalowcy.pl#listItem","name":"Home"}},{"@type":"ListItem","@id":"https:\/\/zastalowcy.pl\/?p=902#listItem","position":3,"name":"Kadra Zastalu Zielona G\u00f3ra w II rundzie OBL \u2013 do\u015bwiadczenie, atletyzm i rosn\u0105ca g\u0142\u0119bia sk\u0142adu","previousItem":{"@type":"ListItem","@id":"https:\/\/zastalowcy.pl\/?cat=7#listItem","name":"Felietony"}}]},{"@type":"Organization","@id":"https:\/\/zastalowcy.pl\/#organization","description":"O Zastalu od kibic\u00f3w \u2013 dla kibic\u00f3w","url":"https:\/\/zastalowcy.pl\/","logo":{"@type":"ImageObject","url":"https:\/\/zastalowcy.pl\/wp-content\/uploads\/2025\/09\/cropped-logo-strony-2.png","@id":"https:\/\/zastalowcy.pl\/?p=902\/#organizationLogo","width":1862,"height":384},"image":{"@id":"https:\/\/zastalowcy.pl\/?p=902\/#organizationLogo"}},{"@type":"Person","@id":"https:\/\/zastalowcy.pl\/?author=3#author","url":"https:\/\/zastalowcy.pl\/?author=3","name":"Joanna Nawlicka","image":{"@type":"ImageObject","@id":"https:\/\/zastalowcy.pl\/?p=902#authorImage","url":"https:\/\/secure.gravatar.com\/avatar\/66fc557d97536ff5096b6295970275631b7a4673997738477642001957f5274c?s=96&d=mm&r=g","width":96,"height":96,"caption":"Joanna Nawlicka"}},{"@type":"WebPage","@id":"https:\/\/zastalowcy.pl\/?p=902#webpage","url":"https:\/\/zastalowcy.pl\/?p=902","name":"Kadra Zastalu Zielona G\u00f3ra w II rundzie OBL \u2013 do\u015bwiadczenie, atletyzm i rosn\u0105ca g\u0142\u0119bia sk\u0142adu -","description":"Zastal Zielona G\u00f3ra w sezonie 2025\/2026 dysponuje obecnie jedn\u0105 z wi\u0119kszych kadr w ORLEN Basket Lidze. Zesp\u00f3\u0142 Arkadiusza Mi\u0142oszewskiego \u0142\u0105czy do\u015bwiadczenie ligowe, atletyzm zawodnik\u00f3w zagranicznych oraz coraz wi\u0119ksz\u0105 rol\u0119 polskiego trzonu dru\u017cyny. Wykupienie licencji dla Sagaby Konate dodatkowo poszerza rotacj\u0119 i zwi\u0119ksza mo\u017cliwo\u015bci taktyczne zielonog\u00f3rzan. Obw\u00f3d \u2013 kontrola tempa i ofensywna wszechstronno\u015b\u0107 Liderem rozegrania pozostaje","inLanguage":"pl-PL","isPartOf":{"@id":"https:\/\/zastalowcy.pl\/#website"},"breadcrumb":{"@id":"https:\/\/zastalowcy.pl\/?p=902#breadcrumblist"},"author":{"@id":"https:\/\/zastalowcy.pl\/?author=3#author"},"creator":{"@id":"https:\/\/zastalowcy.pl\/?author=3#author"},"image":{"@type":"ImageObject","url":"https:\/\/zastalowcy.pl\/wp-content\/uploads\/2026\/01\/profilowe-2-2.png","@id":"https:\/\/zastalowcy.pl\/?p=902\/#mainImage","width":2048,"height":2048},"primaryImageOfPage":{"@id":"https:\/\/zastalowcy.pl\/?p=902#mainImage"},"datePublished":"2026-01-16T20:57:55+01:00","dateModified":"2026-01-16T20:57:55+01:00"},{"@type":"WebSite","@id":"https:\/\/zastalowcy.pl\/#website","url":"https:\/\/zastalowcy.pl\/","description":"O Zastalu od kibic\u00f3w \u2013 dla kibic\u00f3w","inLanguage":"pl-PL","publisher":{"@id":"https:\/\/zastalowcy.pl\/#organization"}}]},"og:locale":"pl_PL","og:site_name":"- O Zastalu od kibic\u00f3w \u2013 dla kibic\u00f3w","og:type":"article","og:title":"Kadra Zastalu Zielona G\u00f3ra w II rundzie OBL \u2013 do\u015bwiadczenie, atletyzm i rosn\u0105ca g\u0142\u0119bia sk\u0142adu -","og:description":"Zastal Zielona G\u00f3ra w sezonie 2025\/2026 dysponuje obecnie jedn\u0105 z wi\u0119kszych kadr w ORLEN Basket Lidze. Zesp\u00f3\u0142 Arkadiusza Mi\u0142oszewskiego \u0142\u0105czy do\u015bwiadczenie ligowe, atletyzm zawodnik\u00f3w zagranicznych oraz coraz wi\u0119ksz\u0105 rol\u0119 polskiego trzonu dru\u017cyny. Wykupienie licencji dla Sagaby Konate dodatkowo poszerza rotacj\u0119 i zwi\u0119ksza mo\u017cliwo\u015bci taktyczne zielonog\u00f3rzan. Obw\u00f3d \u2013 kontrola tempa i ofensywna wszechstronno\u015b\u0107 Liderem rozegrania pozostaje","og:url":"https:\/\/zastalowcy.pl\/?p=902","og:image":"https:\/\/zastalowcy.pl\/wp-content\/uploads\/2025\/09\/cropped-logo-strony-2.png","og:image:secure_url":"https:\/\/zastalowcy.pl\/wp-content\/uploads\/2025\/09\/cropped-logo-strony-2.png","og:image:width":1862,"og:image:height":384,"article:published_time":"2026-01-16T19:57:55+00:00","article:modified_time":"2026-01-16T19:57:55+00:00","twitter:card":"summary_large_image","twitter:title":"Kadra Zastalu Zielona G\u00f3ra w II rundzie OBL \u2013 do\u015bwiadczenie, atletyzm i rosn\u0105ca g\u0142\u0119bia sk\u0142adu -","twitter:description":"Zastal Zielona G\u00f3ra w sezonie 2025\/2026 dysponuje obecnie jedn\u0105 z wi\u0119kszych kadr w ORLEN Basket Lidze. Zesp\u00f3\u0142 Arkadiusza Mi\u0142oszewskiego \u0142\u0105czy do\u015bwiadczenie ligowe, atletyzm zawodnik\u00f3w zagranicznych oraz coraz wi\u0119ksz\u0105 rol\u0119 polskiego trzonu dru\u017cyny. Wykupienie licencji dla Sagaby Konate dodatkowo poszerza rotacj\u0119 i zwi\u0119ksza mo\u017cliwo\u015bci taktyczne zielonog\u00f3rzan. Obw\u00f3d \u2013 kontrola tempa i ofensywna wszechstronno\u015b\u0107 Liderem rozegrania pozostaje","twitter:image":"https:\/\/zastalowcy.pl\/wp-content\/uploads\/2025\/09\/cropped-logo-strony-2.png"},"aioseo_meta_data":{"post_id":"902","title":null,"description":null,"keywords":null,"keyphrases":null,"primary_term":null,"canonical_url":null,"og_title":null,"og_description":null,"og_object_type":"default","og_image_type":"default","og_image_custom_url":null,"og_image_custom_fields":null,"og_image_url":null,"og_image_width":null,"og_image_height":null,"og_video":null,"og_custom_url":null,"og_article_section":null,"og_article_tags":null,"twitter_use_og":false,"twitter_card":"default","twitter_image_type":"default","twitter_image_custom_url":null,"twitter_image_custom_fields":null,"twitter_image_url":null,"twitter_title":null,"twitter_description":null,"schema_type":"default","schema_type_options":null,"schema":{"blockGraphs":[],"customGraphs":[],"default":{"data":{"Article":[],"Course":[],"Dataset":[],"FAQPage":[],"Movie":[],"Person":[],"Product":[],"ProductReview":[],"Car":[],"Recipe":[],"Service":[],"SoftwareApplication":[],"WebPage":[]},"graphName":"","isEnabled":true},"graphs":[]},"pillar_content":false,"robots_default":true,"robots_noindex":false,"robots_noarchive":false,"robots_nosnippet":false,"robots_nofollow":false,"robots_noimageindex":false,"robots_noodp":false,"robots_notranslate":false,"robots_max_snippet":null,"robots_max_videopreview":null,"robots_max_imagepreview":"large","priority":null,"frequency":null,"local_seo":null,"limit_modified_date":false,"ai":null,"breadcrumb_settings":null,"seo_analyzer_scan_date":null,"created":"2026-07-15 16:51:36","updated":"2026-07-15 16:51:36","focus_keyword":null,"additional_keywords":null,"truseo_locale":null},"aioseo_breadcrumb":"<div class=\"aioseo-breadcrumbs\"><span class=\"aioseo-breadcrumb\">\n\t\t\t<a href=\"https:\/\/zastalowcy.pl\" title=\"Home\">Home<\/a>\n\t\t<\/span><span class=\"aioseo-breadcrumb-separator\">&raquo;<\/span><span class=\"aioseo-breadcrumb\">\n\t\t\t<a href=\"https:\/\/zastalowcy.pl\/?cat=7\" title=\"Felietony\">Felietony<\/a>\n\t\t<\/span><span class=\"aioseo-breadcrumb-separator\">&raquo;<\/span><span class=\"aioseo-breadcrumb\">\n\t\t\tKadra Zastalu Zielona G\u00f3ra w II rundzie OBL \u2013 do\u015bwiadczenie, atletyzm i rosn\u0105ca g\u0142\u0119bia sk\u0142adu\n\t\t<\/span><\/div>","aioseo_breadcrumb_json":[{"label":"Home","link":"https:\/\/zastalowcy.pl"},{"label":"Felietony","link":"https:\/\/zastalowcy.pl\/?cat=7"},{"label":"Kadra Zastalu Zielona G\u00f3ra w II rundzie OBL \u2013 do\u015bwiadczenie, atletyzm i rosn\u0105ca g\u0142\u0119bia sk\u0142adu","link":"https:\/\/zastalowcy.pl\/?p=902"}],"_links":{"self":[{"href":"https:\/\/zastalowcy.pl\/index.php?rest_route=\/wp\/v2\/posts\/902","targetHints":{"allow":["GET"]}}],"collection":[{"href":"https:\/\/zastalowcy.pl\/index.php?rest_route=\/wp\/v2\/posts"}],"about":[{"href":"https:\/\/zastalowcy.pl\/index.php?rest_route=\/wp\/v2\/types\/post"}],"author":[{"embeddable":true,"href":"https:\/\/zastalowcy.pl\/index.php?rest_route=\/wp\/v2\/users\/3"}],"replies":[{"embeddable":true,"href":"https:\/\/zastalowcy.pl\/index.php?rest_route=%2Fwp%2Fv2%2Fcomments&post=902"}],"version-history":[{"count":1,"href":"https:\/\/zastalowcy.pl\/index.php?rest_route=\/wp\/v2\/posts\/902\/revisions"}],"predecessor-version":[{"id":904,"href":"https:\/\/zastalowcy.pl\/index.php?rest_route=\/wp\/v2\/posts\/902\/revisions\/904"}],"wp:featuredmedia":[{"embeddable":true,"href":"https:\/\/zastalowcy.pl\/index.php?rest_route=\/wp\/v2\/media\/903"}],"wp:attachment":[{"href":"https:\/\/zastalowcy.pl\/index.php?rest_route=%2Fwp%2Fv2%2Fmedia&parent=902"}],"wp:term":[{"taxonomy":"category","embeddable":true,"href":"https:\/\/zastalowcy.pl\/index.php?rest_route=%2Fwp%2Fv2%2Fcategories&post=902"},{"taxonomy":"post_tag","embeddable":true,"href":"https:\/\/zastalowcy.pl\/index.php?rest_route=%2Fwp%2Fv2%2Ftags&post=902"}],"curies":[{"name":"wp","href":"https:\/\/api.w.org\/{rel}","templated":true}]}}