{"id":921,"date":"2026-01-25T11:14:12","date_gmt":"2026-01-25T10:14:12","guid":{"rendered":"https:\/\/zastalowcy.pl\/?p=921"},"modified":"2026-01-25T11:14:12","modified_gmt":"2026-01-25T10:14:12","slug":"trudny-teren-chec-rewanzu-i-walka-o-punkty-zastal-przed-wyjazdem-do-walbrzycha","status":"publish","type":"post","link":"https:\/\/zastalowcy.pl\/?p=921","title":{"rendered":"Trudny teren, ch\u0119\u0107 rewan\u017cu i walka o punkty. Zastal przed wyjazdem do Wa\u0142brzycha"},"content":{"rendered":"\n<p class=\"wp-block-paragraph\">Przed koszykarzami Zastalu Zielona G\u00f3ra kolejny wymagaj\u0105cy sprawdzian na wyje\u017adzie. W najbli\u017cszej kolejce ORLEN Basket Ligi zielonog\u00f3rzanie zmierz\u0105 si\u0119 w Wa\u0142brzychu z miejscowym G\u00f3rnikiem \u2013 rywalem, z kt\u00f3rym w pierwszej rundzie przegrali po dogrywce. Jak podkre\u015bla trener Arkadiusz Mi\u0142oszewski, niedzielne spotkanie zapowiada si\u0119 jako jedno z trudniejszych wyjazdowych wyzwa\u0144 w tej cz\u0119\u015bci sezonu.<\/p>\n\n\n\n<p class=\"wp-block-paragraph\">\u2013 Pami\u0119tamy mecz u nas, przegrany po dogrywce, i wiemy, jak gor\u0105cy teren jest w Wa\u0142brzychu. Kibice potrafi\u0105 tam ponie\u015b\u0107 dru\u017cyn\u0119, dlatego musimy by\u0107 na to przygotowani \u2013 m\u00f3wi\u0142 szkoleniowiec podczas media day&#8217;u.<\/p>\n\n\n\n<h4 class=\"wp-block-heading\">Rywal po pora\u017cce, Zastal po niedosycie<\/h4>\n\n\n\n<p class=\"wp-block-paragraph\">G\u00f3rnik Wa\u0142brzych przyst\u0105pi do meczu po bardzo wysokiej pora\u017cce w poprzedniej kolejce, co \u2013 zdaniem trenera Zastalu \u2013 czyni ten pojedynek jeszcze bardziej wymagaj\u0105cym. \u2013 Po takim meczu zawsze pojawia si\u0119 ch\u0119\u0107 szybkiego rewan\u017cu. Trafi\u0142o na nas \u2013 zaznacza Mi\u0142oszewski.<\/p>\n\n\n\n<p class=\"wp-block-paragraph\">Zastal z kolei jedzie do Wa\u0142brzycha po przegranej z Energ\u0105 Treflem Sopot, kt\u00f3ra pozostawi\u0142a spory niedosyt. Zielonog\u00f3rzanie przez d\u0142ugi czas byli w grze o zwyci\u0119stwo, jednak nie potrafili domkn\u0105\u0107 spotkania w ko\u0144c\u00f3wce. \u2013 Byli\u015bmy w meczu, mieli\u015bmy momenty, w kt\u00f3rych mogli\u015bmy go zamkn\u0105\u0107. Nie uda\u0142o si\u0119, wi\u0119c te\u017c mamy du\u017c\u0105 ch\u0119\u0107 rewan\u017cu \u2013 podkre\u015bla trener.<\/p>\n\n\n\n<p class=\"wp-block-paragraph\">Nie bez znaczenia jest r\u00f3wnie\u017c sytuacja w tabeli. Zastal nie ukrywa, \u017ce celem jest nie tylko zwyci\u0119stwo, ale tak\u017ce wygrana r\u00f3\u017cnic\u0105 wi\u0119ksz\u0105 ni\u017c siedem punkt\u00f3w.<\/p>\n\n\n\n<h4 class=\"wp-block-heading\">Klucze do zwyci\u0119stwa: tempo, skuteczno\u015b\u0107 i energia od pierwszej minuty<\/h4>\n\n\n\n<p class=\"wp-block-paragraph\">Zdaniem Arkadiusza Mi\u0142oszewskiego, aby wr\u00f3ci\u0107 z Wa\u0142brzycha z kompletem punkt\u00f3w, Zastal musi zaprezentowa\u0107 si\u0119 wyra\u017anie lepiej ni\u017c w Sopocie \u2013 przede wszystkim pod wzgl\u0119dem zespo\u0142owo\u015bci i mentalno\u015bci. \u2013 Musimy zagra\u0107 w podobnym tempie, ale by\u0107 bardziej skuteczni. I przede wszystkim nie kalkulowa\u0107. Od pierwszych minut narzuci\u0107 sw\u00f3j styl gry, z du\u017c\u0105 energi\u0105 \u2013 wylicza trener.<\/p>\n\n\n\n<p class=\"wp-block-paragraph\">Szkoleniowiec zwraca uwag\u0119, \u017ce w ostatnich meczach niekt\u00f3rzy zawodnicy zbyt p\u00f3\u017ano wchodzili w rytm spotkania, co na wyjazdach mo\u017ce okaza\u0107 si\u0119 szczeg\u00f3lnie kosztowne. \u2013 Je\u015bli od pocz\u0105tku nie dasz energii i agresji, p\u00f3\u017aniej bardzo ci\u0119\u017cko wr\u00f3ci\u0107 do meczu \u2013 dodaje.<\/p>\n\n\n\n<h4 class=\"wp-block-heading\">G\u00f3rnik: talent, problemy i potencja\u0142 do odbicia<\/h4>\n\n\n\n<p class=\"wp-block-paragraph\">Cho\u0107 G\u00f3rnik Wa\u0142brzych znajduje si\u0119 w trudniejszym momencie sezonu, Mi\u0142oszewski nie ma w\u0105tpliwo\u015bci, \u017ce to zesp\u00f3\u0142 z du\u017c\u0105 jako\u015bci\u0105 indywidualn\u0105. \u2013 Ka\u017cdy zesp\u00f3\u0142 ma w trakcie sezonu swoje problemy. To maraton. My te\u017c je mamy \u2013 t\u0142umaczy trener Zastalu.<\/p>\n\n\n\n<p class=\"wp-block-paragraph\">W\u015br\u00f3d kluczowych postaci rywala wymienia Ikeona Smith, Marca Garci\u0119, Lovella Cabbila oraz Taurasa Jog\u0117l\u0119, kt\u00f3ry w pierwszym meczu przeciwko Zastalowi by\u0142 jednym z bohater\u00f3w gospodarzy. \u2013 To s\u0105 zawodnicy, kt\u00f3rzy potrafi\u0105 gra\u0107 w koszyk\u00f3wk\u0119 i na pewno w kilka tygodni nie zapomnieli, jak si\u0119 zdobywa punkty \u2013 zaznacza szkoleniowiec.<\/p>\n\n\n\n<h4 class=\"wp-block-heading\">Szachy trenerskie i sentymentalny powr\u00f3t<\/h4>\n\n\n\n<p class=\"wp-block-paragraph\">Niedzielne spotkanie b\u0119dzie tak\u017ce kolejn\u0105 ods\u0142on\u0105 trenerskiego pojedynku Arkadiusza Mi\u0142oszewskiego z Andrzejem Adamkiem \u2013 szkoleniowcem G\u00f3rnika i postaci\u0105 mocno zwi\u0105zan\u0105 z Zielon\u0105 G\u00f3r\u0105. \u2013 Znamy si\u0119 bardzo dobrze, pracowali\u015bmy razem, grali\u015bmy razem. To w\u0142a\u015bciwy cz\u0142owiek na w\u0142a\u015bciwym miejscu w Wa\u0142brzychu \u2013 m\u00f3wi o swoim vis-\u00e0-vis trener Zastalu.<\/p>\n\n\n\n<h4 class=\"wp-block-heading\">Wszystko gotowe na trudny wyjazd<\/h4>\n\n\n\n<p class=\"wp-block-paragraph\">Zastal do Wa\u0142brzycha pojedzie z jasnym celem: odpowiedzie\u0107 na ostatnie niepowodzenia, narzuci\u0107 swoje warunki gry i potwierdzi\u0107, \u017ce w ORLEN Basket Lidze ka\u017cdy mecz \u2013 nawet na najtrudniejszym terenie \u2013 mo\u017cna wygra\u0107 przy odpowiednim zaanga\u017cowaniu.<\/p>\n\n\n\n<p class=\"wp-block-paragraph\">\ud83c\udfc0 Zastalowcy.pl \u2013 o Zastalu od kibic\u00f3w \u2013 dla kibic\u00f3w<\/p>\n","protected":false},"excerpt":{"rendered":"<p>Przed koszykarzami Zastalu Zielona G\u00f3ra kolejny wymagaj\u0105cy sprawdzian na wyje\u017adzie. W najbli\u017cszej kolejce ORLEN Basket Ligi zielonog\u00f3rzanie zmierz\u0105<\/p>\n","protected":false},"author":3,"featured_media":922,"comment_status":"open","ping_status":"open","sticky":false,"template":"","format":"standard","meta":{"om_disable_all_campaigns":false,"footnotes":""},"categories":[18,9],"tags":[271,63,17,26,123,15,65,66,129,12,14,42,11,10,16],"class_list":["post-921","post","type-post","status-publish","format-standard","has-post-thumbnail","hentry","category-aktualnosci","category-sezon-2025-2026","tag-andrzej-adamek","tag-arkadiusz-miloszewski","tag-basketzg","tag-druzyna","tag-gornik-walbrzych","tag-koszykowka","tag-obl","tag-orlen-basket-liga","tag-plkpl","tag-zastal","tag-zastal-zielona-gora","tag-zastalowcy","tag-zielona-gora","tag-zielonagora","tag-zielonogorska-koszykowka"],"aioseo_notices":[],"aioseo_head":"\n\t\t<!-- All in One SEO 5.0.0.1 - aioseo.com -->\n\t<meta name=\"description\" content=\"Przed koszykarzami Zastalu Zielona G\u00f3ra kolejny wymagaj\u0105cy sprawdzian na wyje\u017adzie. W najbli\u017cszej kolejce ORLEN Basket Ligi zielonog\u00f3rzanie zmierz\u0105 si\u0119 w Wa\u0142brzychu z miejscowym G\u00f3rnikiem \u2013 rywalem, z kt\u00f3rym w pierwszej rundzie przegrali po dogrywce. Jak podkre\u015bla trener Arkadiusz Mi\u0142oszewski, niedzielne spotkanie zapowiada si\u0119 jako jedno z trudniejszych wyjazdowych wyzwa\u0144 w tej cz\u0119\u015bci sezonu. \u2013 Pami\u0119tamy\" \/>\n\t<meta name=\"robots\" content=\"max-image-preview:large\" \/>\n\t<meta name=\"author\" content=\"Joanna Nawlicka\"\/>\n\t<link rel=\"canonical\" href=\"https:\/\/zastalowcy.pl\/?p=921\" \/>\n\t<meta name=\"generator\" content=\"All in One SEO (AIOSEO) 5.0.0.1\" \/>\n\t\t<meta property=\"og:locale\" content=\"pl_PL\" \/>\n\t\t<meta property=\"og:site_name\" content=\"- O Zastalu od kibic\u00f3w \u2013 dla kibic\u00f3w\" \/>\n\t\t<meta property=\"og:type\" content=\"article\" \/>\n\t\t<meta property=\"og:title\" content=\"Trudny teren, ch\u0119\u0107 rewan\u017cu i walka o punkty. Zastal przed wyjazdem do Wa\u0142brzycha -\" \/>\n\t\t<meta property=\"og:description\" content=\"Przed koszykarzami Zastalu Zielona G\u00f3ra kolejny wymagaj\u0105cy sprawdzian na wyje\u017adzie. W najbli\u017cszej kolejce ORLEN Basket Ligi zielonog\u00f3rzanie zmierz\u0105 si\u0119 w Wa\u0142brzychu z miejscowym G\u00f3rnikiem \u2013 rywalem, z kt\u00f3rym w pierwszej rundzie przegrali po dogrywce. Jak podkre\u015bla trener Arkadiusz Mi\u0142oszewski, niedzielne spotkanie zapowiada si\u0119 jako jedno z trudniejszych wyjazdowych wyzwa\u0144 w tej cz\u0119\u015bci sezonu. \u2013 Pami\u0119tamy\" \/>\n\t\t<meta property=\"og:url\" content=\"https:\/\/zastalowcy.pl\/?p=921\" \/>\n\t\t<meta property=\"og:image\" content=\"https:\/\/zastalowcy.pl\/wp-content\/uploads\/2025\/09\/cropped-logo-strony-2.png\" \/>\n\t\t<meta property=\"og:image:secure_url\" content=\"https:\/\/zastalowcy.pl\/wp-content\/uploads\/2025\/09\/cropped-logo-strony-2.png\" \/>\n\t\t<meta property=\"og:image:width\" content=\"1862\" \/>\n\t\t<meta property=\"og:image:height\" content=\"384\" \/>\n\t\t<meta property=\"article:published_time\" content=\"2026-01-25T10:14:12+00:00\" \/>\n\t\t<meta property=\"article:modified_time\" content=\"2026-01-25T10:14:12+00:00\" \/>\n\t\t<meta name=\"twitter:card\" content=\"summary_large_image\" \/>\n\t\t<meta name=\"twitter:title\" content=\"Trudny teren, ch\u0119\u0107 rewan\u017cu i walka o punkty. Zastal przed wyjazdem do Wa\u0142brzycha -\" \/>\n\t\t<meta name=\"twitter:description\" content=\"Przed koszykarzami Zastalu Zielona G\u00f3ra kolejny wymagaj\u0105cy sprawdzian na wyje\u017adzie. W najbli\u017cszej kolejce ORLEN Basket Ligi zielonog\u00f3rzanie zmierz\u0105 si\u0119 w Wa\u0142brzychu z miejscowym G\u00f3rnikiem \u2013 rywalem, z kt\u00f3rym w pierwszej rundzie przegrali po dogrywce. Jak podkre\u015bla trener Arkadiusz Mi\u0142oszewski, niedzielne spotkanie zapowiada si\u0119 jako jedno z trudniejszych wyjazdowych wyzwa\u0144 w tej cz\u0119\u015bci sezonu. \u2013 Pami\u0119tamy\" \/>\n\t\t<meta name=\"twitter:image\" content=\"https:\/\/zastalowcy.pl\/wp-content\/uploads\/2025\/09\/cropped-logo-strony-2.png\" \/>\n\t\t<script type=\"application\/ld+json\" class=\"aioseo-schema\">\n\t\t\t{\"@context\":\"https:\\\/\\\/schema.org\",\"@graph\":[{\"@type\":\"BlogPosting\",\"@id\":\"https:\\\/\\\/zastalowcy.pl\\\/?p=921#blogposting\",\"name\":\"Trudny teren, ch\\u0119\\u0107 rewan\\u017cu i walka o punkty. Zastal przed wyjazdem do Wa\\u0142brzycha -\",\"headline\":\"Trudny teren, ch\\u0119\\u0107 rewan\\u017cu i walka o punkty. Zastal przed wyjazdem do Wa\\u0142brzycha\",\"author\":{\"@id\":\"https:\\\/\\\/zastalowcy.pl\\\/?author=3#author\"},\"publisher\":{\"@id\":\"https:\\\/\\\/zastalowcy.pl\\\/#organization\"},\"image\":{\"@type\":\"ImageObject\",\"url\":\"https:\\\/\\\/zastalowcy.pl\\\/wp-content\\\/uploads\\\/2026\\\/01\\\/profilowe-4-1.png\",\"width\":2048,\"height\":2048},\"datePublished\":\"2026-01-25T11:14:12+01:00\",\"dateModified\":\"2026-01-25T11:14:12+01:00\",\"inLanguage\":\"pl-PL\",\"mainEntityOfPage\":{\"@id\":\"https:\\\/\\\/zastalowcy.pl\\\/?p=921#webpage\"},\"isPartOf\":{\"@id\":\"https:\\\/\\\/zastalowcy.pl\\\/?p=921#webpage\"},\"articleSection\":\"Aktualno\\u015bci, Sezon 2025\\\/2026, andrzej adamek, arkadiusz mi\\u0142oszewski, basketzg, dru\\u017cyna, g\\u00f3rnik wa\\u0142brzych, koszyk\\u00f3wka, obl, Orlen Basket Liga, plkpl, zastal, zastal zielona g\\u00f3ra, zastalowcy, zielona g\\u00f3ra, zielonagora, zielonog\\u00f3rska koszyk\\u00f3wka\"},{\"@type\":\"BreadcrumbList\",\"@id\":\"https:\\\/\\\/zastalowcy.pl\\\/?p=921#breadcrumblist\",\"itemListElement\":[{\"@type\":\"ListItem\",\"@id\":\"https:\\\/\\\/zastalowcy.pl#listItem\",\"position\":1,\"name\":\"Home\",\"item\":\"https:\\\/\\\/zastalowcy.pl\",\"nextItem\":{\"@type\":\"ListItem\",\"@id\":\"https:\\\/\\\/zastalowcy.pl\\\/?cat=9#listItem\",\"name\":\"Sezon 2025\\\/2026\"}},{\"@type\":\"ListItem\",\"@id\":\"https:\\\/\\\/zastalowcy.pl\\\/?cat=9#listItem\",\"position\":2,\"name\":\"Sezon 2025\\\/2026\",\"item\":\"https:\\\/\\\/zastalowcy.pl\\\/?cat=9\",\"nextItem\":{\"@type\":\"ListItem\",\"@id\":\"https:\\\/\\\/zastalowcy.pl\\\/?p=921#listItem\",\"name\":\"Trudny teren, ch\\u0119\\u0107 rewan\\u017cu i walka o punkty. Zastal przed wyjazdem do Wa\\u0142brzycha\"},\"previousItem\":{\"@type\":\"ListItem\",\"@id\":\"https:\\\/\\\/zastalowcy.pl#listItem\",\"name\":\"Home\"}},{\"@type\":\"ListItem\",\"@id\":\"https:\\\/\\\/zastalowcy.pl\\\/?p=921#listItem\",\"position\":3,\"name\":\"Trudny teren, ch\\u0119\\u0107 rewan\\u017cu i walka o punkty. Zastal przed wyjazdem do Wa\\u0142brzycha\",\"previousItem\":{\"@type\":\"ListItem\",\"@id\":\"https:\\\/\\\/zastalowcy.pl\\\/?cat=9#listItem\",\"name\":\"Sezon 2025\\\/2026\"}}]},{\"@type\":\"Organization\",\"@id\":\"https:\\\/\\\/zastalowcy.pl\\\/#organization\",\"description\":\"O Zastalu od kibic\\u00f3w \\u2013 dla kibic\\u00f3w\",\"url\":\"https:\\\/\\\/zastalowcy.pl\\\/\",\"logo\":{\"@type\":\"ImageObject\",\"url\":\"https:\\\/\\\/zastalowcy.pl\\\/wp-content\\\/uploads\\\/2025\\\/09\\\/cropped-logo-strony-2.png\",\"@id\":\"https:\\\/\\\/zastalowcy.pl\\\/?p=921\\\/#organizationLogo\",\"width\":1862,\"height\":384},\"image\":{\"@id\":\"https:\\\/\\\/zastalowcy.pl\\\/?p=921\\\/#organizationLogo\"}},{\"@type\":\"Person\",\"@id\":\"https:\\\/\\\/zastalowcy.pl\\\/?author=3#author\",\"url\":\"https:\\\/\\\/zastalowcy.pl\\\/?author=3\",\"name\":\"Joanna Nawlicka\",\"image\":{\"@type\":\"ImageObject\",\"@id\":\"https:\\\/\\\/zastalowcy.pl\\\/?p=921#authorImage\",\"url\":\"https:\\\/\\\/secure.gravatar.com\\\/avatar\\\/66fc557d97536ff5096b6295970275631b7a4673997738477642001957f5274c?s=96&d=mm&r=g\",\"width\":96,\"height\":96,\"caption\":\"Joanna Nawlicka\"}},{\"@type\":\"WebPage\",\"@id\":\"https:\\\/\\\/zastalowcy.pl\\\/?p=921#webpage\",\"url\":\"https:\\\/\\\/zastalowcy.pl\\\/?p=921\",\"name\":\"Trudny teren, ch\\u0119\\u0107 rewan\\u017cu i walka o punkty. Zastal przed wyjazdem do Wa\\u0142brzycha -\",\"description\":\"Przed koszykarzami Zastalu Zielona G\\u00f3ra kolejny wymagaj\\u0105cy sprawdzian na wyje\\u017adzie. W najbli\\u017cszej kolejce ORLEN Basket Ligi zielonog\\u00f3rzanie zmierz\\u0105 si\\u0119 w Wa\\u0142brzychu z miejscowym G\\u00f3rnikiem \\u2013 rywalem, z kt\\u00f3rym w pierwszej rundzie przegrali po dogrywce. Jak podkre\\u015bla trener Arkadiusz Mi\\u0142oszewski, niedzielne spotkanie zapowiada si\\u0119 jako jedno z trudniejszych wyjazdowych wyzwa\\u0144 w tej cz\\u0119\\u015bci sezonu. \\u2013 Pami\\u0119tamy\",\"inLanguage\":\"pl-PL\",\"isPartOf\":{\"@id\":\"https:\\\/\\\/zastalowcy.pl\\\/#website\"},\"breadcrumb\":{\"@id\":\"https:\\\/\\\/zastalowcy.pl\\\/?p=921#breadcrumblist\"},\"author\":{\"@id\":\"https:\\\/\\\/zastalowcy.pl\\\/?author=3#author\"},\"creator\":{\"@id\":\"https:\\\/\\\/zastalowcy.pl\\\/?author=3#author\"},\"image\":{\"@type\":\"ImageObject\",\"url\":\"https:\\\/\\\/zastalowcy.pl\\\/wp-content\\\/uploads\\\/2026\\\/01\\\/profilowe-4-1.png\",\"@id\":\"https:\\\/\\\/zastalowcy.pl\\\/?p=921\\\/#mainImage\",\"width\":2048,\"height\":2048},\"primaryImageOfPage\":{\"@id\":\"https:\\\/\\\/zastalowcy.pl\\\/?p=921#mainImage\"},\"datePublished\":\"2026-01-25T11:14:12+01:00\",\"dateModified\":\"2026-01-25T11:14:12+01:00\"},{\"@type\":\"WebSite\",\"@id\":\"https:\\\/\\\/zastalowcy.pl\\\/#website\",\"url\":\"https:\\\/\\\/zastalowcy.pl\\\/\",\"description\":\"O Zastalu od kibic\\u00f3w \\u2013 dla kibic\\u00f3w\",\"inLanguage\":\"pl-PL\",\"publisher\":{\"@id\":\"https:\\\/\\\/zastalowcy.pl\\\/#organization\"}}]}\n\t\t<\/script>\n\t\t<!-- All in One SEO -->\n\n","aioseo_head_json":{"title":"Trudny teren, ch\u0119\u0107 rewan\u017cu i walka o punkty. Zastal przed wyjazdem do Wa\u0142brzycha -","description":"Przed koszykarzami Zastalu Zielona G\u00f3ra kolejny wymagaj\u0105cy sprawdzian na wyje\u017adzie. W najbli\u017cszej kolejce ORLEN Basket Ligi zielonog\u00f3rzanie zmierz\u0105 si\u0119 w Wa\u0142brzychu z miejscowym G\u00f3rnikiem \u2013 rywalem, z kt\u00f3rym w pierwszej rundzie przegrali po dogrywce. Jak podkre\u015bla trener Arkadiusz Mi\u0142oszewski, niedzielne spotkanie zapowiada si\u0119 jako jedno z trudniejszych wyjazdowych wyzwa\u0144 w tej cz\u0119\u015bci sezonu. \u2013 Pami\u0119tamy","canonical_url":"https:\/\/zastalowcy.pl\/?p=921","robots":"max-image-preview:large","keywords":"","webmasterTools":{"miscellaneous":""},"schema":{"@context":"https:\/\/schema.org","@graph":[{"@type":"BlogPosting","@id":"https:\/\/zastalowcy.pl\/?p=921#blogposting","name":"Trudny teren, ch\u0119\u0107 rewan\u017cu i walka o punkty. Zastal przed wyjazdem do Wa\u0142brzycha -","headline":"Trudny teren, ch\u0119\u0107 rewan\u017cu i walka o punkty. Zastal przed wyjazdem do Wa\u0142brzycha","author":{"@id":"https:\/\/zastalowcy.pl\/?author=3#author"},"publisher":{"@id":"https:\/\/zastalowcy.pl\/#organization"},"image":{"@type":"ImageObject","url":"https:\/\/zastalowcy.pl\/wp-content\/uploads\/2026\/01\/profilowe-4-1.png","width":2048,"height":2048},"datePublished":"2026-01-25T11:14:12+01:00","dateModified":"2026-01-25T11:14:12+01:00","inLanguage":"pl-PL","mainEntityOfPage":{"@id":"https:\/\/zastalowcy.pl\/?p=921#webpage"},"isPartOf":{"@id":"https:\/\/zastalowcy.pl\/?p=921#webpage"},"articleSection":"Aktualno\u015bci, Sezon 2025\/2026, andrzej adamek, arkadiusz mi\u0142oszewski, basketzg, dru\u017cyna, g\u00f3rnik wa\u0142brzych, koszyk\u00f3wka, obl, Orlen Basket Liga, plkpl, zastal, zastal zielona g\u00f3ra, zastalowcy, zielona g\u00f3ra, zielonagora, zielonog\u00f3rska koszyk\u00f3wka"},{"@type":"BreadcrumbList","@id":"https:\/\/zastalowcy.pl\/?p=921#breadcrumblist","itemListElement":[{"@type":"ListItem","@id":"https:\/\/zastalowcy.pl#listItem","position":1,"name":"Home","item":"https:\/\/zastalowcy.pl","nextItem":{"@type":"ListItem","@id":"https:\/\/zastalowcy.pl\/?cat=9#listItem","name":"Sezon 2025\/2026"}},{"@type":"ListItem","@id":"https:\/\/zastalowcy.pl\/?cat=9#listItem","position":2,"name":"Sezon 2025\/2026","item":"https:\/\/zastalowcy.pl\/?cat=9","nextItem":{"@type":"ListItem","@id":"https:\/\/zastalowcy.pl\/?p=921#listItem","name":"Trudny teren, ch\u0119\u0107 rewan\u017cu i walka o punkty. Zastal przed wyjazdem do Wa\u0142brzycha"},"previousItem":{"@type":"ListItem","@id":"https:\/\/zastalowcy.pl#listItem","name":"Home"}},{"@type":"ListItem","@id":"https:\/\/zastalowcy.pl\/?p=921#listItem","position":3,"name":"Trudny teren, ch\u0119\u0107 rewan\u017cu i walka o punkty. Zastal przed wyjazdem do Wa\u0142brzycha","previousItem":{"@type":"ListItem","@id":"https:\/\/zastalowcy.pl\/?cat=9#listItem","name":"Sezon 2025\/2026"}}]},{"@type":"Organization","@id":"https:\/\/zastalowcy.pl\/#organization","description":"O Zastalu od kibic\u00f3w \u2013 dla kibic\u00f3w","url":"https:\/\/zastalowcy.pl\/","logo":{"@type":"ImageObject","url":"https:\/\/zastalowcy.pl\/wp-content\/uploads\/2025\/09\/cropped-logo-strony-2.png","@id":"https:\/\/zastalowcy.pl\/?p=921\/#organizationLogo","width":1862,"height":384},"image":{"@id":"https:\/\/zastalowcy.pl\/?p=921\/#organizationLogo"}},{"@type":"Person","@id":"https:\/\/zastalowcy.pl\/?author=3#author","url":"https:\/\/zastalowcy.pl\/?author=3","name":"Joanna Nawlicka","image":{"@type":"ImageObject","@id":"https:\/\/zastalowcy.pl\/?p=921#authorImage","url":"https:\/\/secure.gravatar.com\/avatar\/66fc557d97536ff5096b6295970275631b7a4673997738477642001957f5274c?s=96&d=mm&r=g","width":96,"height":96,"caption":"Joanna Nawlicka"}},{"@type":"WebPage","@id":"https:\/\/zastalowcy.pl\/?p=921#webpage","url":"https:\/\/zastalowcy.pl\/?p=921","name":"Trudny teren, ch\u0119\u0107 rewan\u017cu i walka o punkty. Zastal przed wyjazdem do Wa\u0142brzycha -","description":"Przed koszykarzami Zastalu Zielona G\u00f3ra kolejny wymagaj\u0105cy sprawdzian na wyje\u017adzie. W najbli\u017cszej kolejce ORLEN Basket Ligi zielonog\u00f3rzanie zmierz\u0105 si\u0119 w Wa\u0142brzychu z miejscowym G\u00f3rnikiem \u2013 rywalem, z kt\u00f3rym w pierwszej rundzie przegrali po dogrywce. Jak podkre\u015bla trener Arkadiusz Mi\u0142oszewski, niedzielne spotkanie zapowiada si\u0119 jako jedno z trudniejszych wyjazdowych wyzwa\u0144 w tej cz\u0119\u015bci sezonu. \u2013 Pami\u0119tamy","inLanguage":"pl-PL","isPartOf":{"@id":"https:\/\/zastalowcy.pl\/#website"},"breadcrumb":{"@id":"https:\/\/zastalowcy.pl\/?p=921#breadcrumblist"},"author":{"@id":"https:\/\/zastalowcy.pl\/?author=3#author"},"creator":{"@id":"https:\/\/zastalowcy.pl\/?author=3#author"},"image":{"@type":"ImageObject","url":"https:\/\/zastalowcy.pl\/wp-content\/uploads\/2026\/01\/profilowe-4-1.png","@id":"https:\/\/zastalowcy.pl\/?p=921\/#mainImage","width":2048,"height":2048},"primaryImageOfPage":{"@id":"https:\/\/zastalowcy.pl\/?p=921#mainImage"},"datePublished":"2026-01-25T11:14:12+01:00","dateModified":"2026-01-25T11:14:12+01:00"},{"@type":"WebSite","@id":"https:\/\/zastalowcy.pl\/#website","url":"https:\/\/zastalowcy.pl\/","description":"O Zastalu od kibic\u00f3w \u2013 dla kibic\u00f3w","inLanguage":"pl-PL","publisher":{"@id":"https:\/\/zastalowcy.pl\/#organization"}}]},"og:locale":"pl_PL","og:site_name":"- O Zastalu od kibic\u00f3w \u2013 dla kibic\u00f3w","og:type":"article","og:title":"Trudny teren, ch\u0119\u0107 rewan\u017cu i walka o punkty. Zastal przed wyjazdem do Wa\u0142brzycha -","og:description":"Przed koszykarzami Zastalu Zielona G\u00f3ra kolejny wymagaj\u0105cy sprawdzian na wyje\u017adzie. W najbli\u017cszej kolejce ORLEN Basket Ligi zielonog\u00f3rzanie zmierz\u0105 si\u0119 w Wa\u0142brzychu z miejscowym G\u00f3rnikiem \u2013 rywalem, z kt\u00f3rym w pierwszej rundzie przegrali po dogrywce. Jak podkre\u015bla trener Arkadiusz Mi\u0142oszewski, niedzielne spotkanie zapowiada si\u0119 jako jedno z trudniejszych wyjazdowych wyzwa\u0144 w tej cz\u0119\u015bci sezonu. \u2013 Pami\u0119tamy","og:url":"https:\/\/zastalowcy.pl\/?p=921","og:image":"https:\/\/zastalowcy.pl\/wp-content\/uploads\/2025\/09\/cropped-logo-strony-2.png","og:image:secure_url":"https:\/\/zastalowcy.pl\/wp-content\/uploads\/2025\/09\/cropped-logo-strony-2.png","og:image:width":1862,"og:image:height":384,"article:published_time":"2026-01-25T10:14:12+00:00","article:modified_time":"2026-01-25T10:14:12+00:00","twitter:card":"summary_large_image","twitter:title":"Trudny teren, ch\u0119\u0107 rewan\u017cu i walka o punkty. Zastal przed wyjazdem do Wa\u0142brzycha -","twitter:description":"Przed koszykarzami Zastalu Zielona G\u00f3ra kolejny wymagaj\u0105cy sprawdzian na wyje\u017adzie. W najbli\u017cszej kolejce ORLEN Basket Ligi zielonog\u00f3rzanie zmierz\u0105 si\u0119 w Wa\u0142brzychu z miejscowym G\u00f3rnikiem \u2013 rywalem, z kt\u00f3rym w pierwszej rundzie przegrali po dogrywce. Jak podkre\u015bla trener Arkadiusz Mi\u0142oszewski, niedzielne spotkanie zapowiada si\u0119 jako jedno z trudniejszych wyjazdowych wyzwa\u0144 w tej cz\u0119\u015bci sezonu. \u2013 Pami\u0119tamy","twitter:image":"https:\/\/zastalowcy.pl\/wp-content\/uploads\/2025\/09\/cropped-logo-strony-2.png"},"aioseo_meta_data":{"post_id":"921","title":null,"description":null,"keywords":null,"keyphrases":null,"primary_term":null,"canonical_url":null,"og_title":null,"og_description":null,"og_object_type":"default","og_image_type":"default","og_image_custom_url":null,"og_image_custom_fields":null,"og_image_url":null,"og_image_width":null,"og_image_height":null,"og_video":null,"og_custom_url":null,"og_article_section":null,"og_article_tags":null,"twitter_use_og":false,"twitter_card":"default","twitter_image_type":"default","twitter_image_custom_url":null,"twitter_image_custom_fields":null,"twitter_image_url":null,"twitter_title":null,"twitter_description":null,"schema_type":"default","schema_type_options":null,"schema":{"blockGraphs":[],"customGraphs":[],"default":{"data":{"Article":[],"Course":[],"Dataset":[],"FAQPage":[],"Movie":[],"Person":[],"Product":[],"ProductReview":[],"Car":[],"Recipe":[],"Service":[],"SoftwareApplication":[],"WebPage":[]},"graphName":"","isEnabled":true},"graphs":[]},"pillar_content":false,"robots_default":true,"robots_noindex":false,"robots_noarchive":false,"robots_nosnippet":false,"robots_nofollow":false,"robots_noimageindex":false,"robots_noodp":false,"robots_notranslate":false,"robots_max_snippet":null,"robots_max_videopreview":null,"robots_max_imagepreview":"large","priority":null,"frequency":null,"local_seo":null,"limit_modified_date":false,"ai":null,"breadcrumb_settings":null,"seo_analyzer_scan_date":null,"created":"2026-07-15 16:54:54","updated":"2026-07-15 16:54:54","focus_keyword":null,"additional_keywords":null,"truseo_locale":null},"aioseo_breadcrumb":"<div class=\"aioseo-breadcrumbs\"><span class=\"aioseo-breadcrumb\">\n\t\t\t<a href=\"https:\/\/zastalowcy.pl\" title=\"Home\">Home<\/a>\n\t\t<\/span><span class=\"aioseo-breadcrumb-separator\">&raquo;<\/span><span class=\"aioseo-breadcrumb\">\n\t\t\t<a href=\"https:\/\/zastalowcy.pl\/?cat=9\" title=\"Sezon 2025\/2026\">Sezon 2025\/2026<\/a>\n\t\t<\/span><span class=\"aioseo-breadcrumb-separator\">&raquo;<\/span><span class=\"aioseo-breadcrumb\">\n\t\t\tTrudny teren, ch\u0119\u0107 rewan\u017cu i walka o punkty. Zastal przed wyjazdem do Wa\u0142brzycha\n\t\t<\/span><\/div>","aioseo_breadcrumb_json":[{"label":"Home","link":"https:\/\/zastalowcy.pl"},{"label":"Sezon 2025\/2026","link":"https:\/\/zastalowcy.pl\/?cat=9"},{"label":"Trudny teren, ch\u0119\u0107 rewan\u017cu i walka o punkty. Zastal przed wyjazdem do Wa\u0142brzycha","link":"https:\/\/zastalowcy.pl\/?p=921"}],"_links":{"self":[{"href":"https:\/\/zastalowcy.pl\/index.php?rest_route=\/wp\/v2\/posts\/921","targetHints":{"allow":["GET"]}}],"collection":[{"href":"https:\/\/zastalowcy.pl\/index.php?rest_route=\/wp\/v2\/posts"}],"about":[{"href":"https:\/\/zastalowcy.pl\/index.php?rest_route=\/wp\/v2\/types\/post"}],"author":[{"embeddable":true,"href":"https:\/\/zastalowcy.pl\/index.php?rest_route=\/wp\/v2\/users\/3"}],"replies":[{"embeddable":true,"href":"https:\/\/zastalowcy.pl\/index.php?rest_route=%2Fwp%2Fv2%2Fcomments&post=921"}],"version-history":[{"count":1,"href":"https:\/\/zastalowcy.pl\/index.php?rest_route=\/wp\/v2\/posts\/921\/revisions"}],"predecessor-version":[{"id":923,"href":"https:\/\/zastalowcy.pl\/index.php?rest_route=\/wp\/v2\/posts\/921\/revisions\/923"}],"wp:featuredmedia":[{"embeddable":true,"href":"https:\/\/zastalowcy.pl\/index.php?rest_route=\/wp\/v2\/media\/922"}],"wp:attachment":[{"href":"https:\/\/zastalowcy.pl\/index.php?rest_route=%2Fwp%2Fv2%2Fmedia&parent=921"}],"wp:term":[{"taxonomy":"category","embeddable":true,"href":"https:\/\/zastalowcy.pl\/index.php?rest_route=%2Fwp%2Fv2%2Fcategories&post=921"},{"taxonomy":"post_tag","embeddable":true,"href":"https:\/\/zastalowcy.pl\/index.php?rest_route=%2Fwp%2Fv2%2Ftags&post=921"}],"curies":[{"name":"wp","href":"https:\/\/api.w.org\/{rel}","templated":true}]}}