{"id":93,"date":"2025-06-25T18:56:52","date_gmt":"2025-06-25T16:56:52","guid":{"rendered":"https:\/\/zastalowcy.pl\/?p=93"},"modified":"2025-06-30T10:29:52","modified_gmt":"2025-06-30T08:29:52","slug":"szymon-wojcik-zegna-zielona-gore-czas-na-wegry-i-falco-szombathely","status":"publish","type":"post","link":"https:\/\/zastalowcy.pl\/?p=93","title":{"rendered":"Szymon W\u00f3jcik \u017cegna Zielon\u0105 G\u00f3r\u0119. Czas na W\u0119gry i Falco Szombathely"},"content":{"rendered":"\n<p class=\"wp-block-paragraph\"><strong>Jedni przychodz\u0105, drudzy odchodz\u0105 \u2013 takie s\u0105 prawa \u201esezonu og\u00f3rkowego\u201d. Z Zielon\u0105 G\u00f3r\u0105 \u017cegna si\u0119 Szymon W\u00f3jcik, kt\u00f3ry w nadchodz\u0105cych rozgrywkach 2025\/26 zagra dla mistrza W\u0119gier \u2013 Falco-Vulcano Energia KC Szombathely.<\/strong><\/p>\n\n\n\n<p class=\"wp-block-paragraph\">To transfer z kategorii \u201ezas\u0142u\u017cony awans\u201d. Szymon W\u00f3jcik, kt\u00f3ry w drugiej cz\u0119\u015bci sezonu 2024\/25 do\u0142\u0105czy\u0142 do Orlen Zastalu Zielona G\u00f3ra w ramach \u201ewymiany\u201d z Kingiem Szczecin za Macieja \u017bmudzkiego, by\u0142 jednym z tych zawodnik\u00f3w, kt\u00f3rzy pomogli zielonog\u00f3rskiej ekipie utrzyma\u0107 si\u0119 w Orlen Basket Lidze.<\/p>\n\n\n\n<h3 class=\"wp-block-heading\">Nie spektakularnie, ale skutecznie<\/h3>\n\n\n\n<p class=\"wp-block-paragraph\">Statystyki? Mo\u017ce nie krzycza\u0142y z ekran\u00f3w, ale m\u00f3wi\u0142y jedno \u2013 <strong>W\u00f3jcik robi\u0142 swoje<\/strong>. W 7 rozegranych spotkaniach dla Zastalu notowa\u0142 \u015brednio: <strong>15,9 punktu<\/strong>, <strong>2,9 zbi\u00f3rki<\/strong>, <strong>1,0 asysty<\/strong>, <strong>1,4 przechwytu<\/strong>, <strong>0,6 bloku<\/strong>. A wszystko na \u015bwietnych skuteczno\u015bciach:<\/p>\n\n\n\n<ul class=\"wp-block-list\">\n<li><strong>rzuty za 2 \u2013 71,9%<\/strong>,<\/li>\n\n\n\n<li><strong>za 3 \u2013 62,5%<\/strong>,<\/li>\n\n\n\n<li><strong>z gry \u2013 67,9%<\/strong>,<\/li>\n\n\n\n<li><strong>rzuty wolne \u2013 71,4%<\/strong>.<\/li>\n<\/ul>\n\n\n\n<p class=\"wp-block-paragraph\">I to w niespe\u0142na 26 minut gry na mecz. <strong>Eval +15.6<\/strong> m\u00f3wi sam za siebie, Szymon W\u00f3jcik nie potrzebowa\u0142 fajerwerk\u00f3w, \u017ceby by\u0107 solidnym filarem dru\u017cyny w trudnym momencie.<\/p>\n\n\n\n<h3 class=\"wp-block-heading\">Powr\u00f3t i po\u017cegnanie<\/h3>\n\n\n\n<p class=\"wp-block-paragraph\">Warto przypomnie\u0107, \u017ce W\u00f3jcik rozpoczyna\u0142 sezon 2024\/25 w Kingu Szczecin, gdzie rozegra\u0142 23 mecze i mia\u0142 okazj\u0119 pokaza\u0107 si\u0119 r\u00f3wnie\u017c w Basketball Champions League. W barwach Zastalu pojawi\u0142 si\u0119 pod koniec marca i od razu da\u0142 dru\u017cynie silny impuls na boisku do dalszej walki.<\/p>\n\n\n\n<p class=\"wp-block-paragraph\">Dla Zielonej G\u00f3ry by\u0142a to symboliczna zmiana \u2013 powr\u00f3t zawodnika, kt\u00f3ry mia\u0142 ju\u017c wcze\u015bniej epizod w bia\u0142o-zielonych barwach. Tym razem przyszed\u0142 jako dojrzalszy gracz i zostawi\u0142 konkretn\u0105 cegie\u0142k\u0119 w budowie utrzymania.<\/p>\n\n\n\n<h3 class=\"wp-block-heading\">Dzi\u0119kujemy i powodzenia!<\/h3>\n\n\n\n<p class=\"wp-block-paragraph\">Przed Szymonem nowe wyzwanie \u2013 Falco Szombathely to czo\u0142owa dru\u017cyna ligi w\u0119gierskiej, regularnie graj\u0105ca w europejskich pucharach. To idealne miejsce, by si\u0119 rozwija\u0107 i mierzy\u0107 z nowym poziomem rywalizacji.<\/p>\n\n\n\n<p class=\"wp-block-paragraph\">W imieniu wszystkich <strong>Zastalowc\u00f3w<\/strong> \u2013 <strong>dzi\u0119kujemy za walk\u0119, za skuteczno\u015b\u0107, za zimn\u0105 krew w gor\u0105cych momentach<\/strong>. Zielona G\u00f3ra b\u0119dzie trzyma\u0107 kciuki. Powodzenia na W\u0119grzech!<\/p>\n\n\n\n<p class=\"wp-block-paragraph\">\ud83c\udfc0 Zastalowcy.pl \u2013 o Zastalu od kibic\u00f3w \u2013 dla kibic\u00f3w<\/p>\n","protected":false},"excerpt":{"rendered":"<p>Jedni przychodz\u0105, drudzy odchodz\u0105 \u2013 takie s\u0105 prawa \u201esezonu og\u00f3rkowego\u201d. Z Zielon\u0105 G\u00f3r\u0105 \u017cegna si\u0119 Szymon W\u00f3jcik, kt\u00f3ry<\/p>\n","protected":false},"author":3,"featured_media":94,"comment_status":"open","ping_status":"open","sticky":false,"template":"","format":"standard","meta":{"om_disable_all_campaigns":false,"footnotes":""},"categories":[18],"tags":[17,26,15,13,29,30,12,14,11,10,16],"class_list":["post-93","post","type-post","status-publish","format-standard","has-post-thumbnail","hentry","category-aktualnosci","tag-basketzg","tag-druzyna","tag-koszykowka","tag-orlen-zastal-zielona-gora","tag-szymon-wojcik","tag-transfery","tag-zastal","tag-zastal-zielona-gora","tag-zielona-gora","tag-zielonagora","tag-zielonogorska-koszykowka"],"aioseo_notices":[],"aioseo_head":"\n\t\t<!-- All in One SEO 5.0.0.1 - aioseo.com -->\n\t<meta name=\"description\" content=\"Jedni przychodz\u0105, drudzy odchodz\u0105 \u2013 takie s\u0105 prawa \u201esezonu og\u00f3rkowego\u201d. Z Zielon\u0105 G\u00f3r\u0105 \u017cegna si\u0119 Szymon W\u00f3jcik, kt\u00f3ry w nadchodz\u0105cych rozgrywkach 2025\/26 zagra dla mistrza W\u0119gier \u2013 Falco-Vulcano Energia KC Szombathely. To transfer z kategorii \u201ezas\u0142u\u017cony awans\u201d. Szymon W\u00f3jcik, kt\u00f3ry w drugiej cz\u0119\u015bci sezonu 2024\/25 do\u0142\u0105czy\u0142 do Orlen Zastalu Zielona G\u00f3ra w ramach \u201ewymiany\u201d z\" \/>\n\t<meta name=\"robots\" content=\"max-image-preview:large\" \/>\n\t<meta name=\"author\" content=\"Joanna Nawlicka\"\/>\n\t<link rel=\"canonical\" href=\"https:\/\/zastalowcy.pl\/?p=93\" \/>\n\t<meta name=\"generator\" content=\"All in One SEO (AIOSEO) 5.0.0.1\" \/>\n\t\t<meta property=\"og:locale\" content=\"pl_PL\" \/>\n\t\t<meta property=\"og:site_name\" content=\"- O Zastalu od kibic\u00f3w \u2013 dla kibic\u00f3w\" \/>\n\t\t<meta property=\"og:type\" content=\"article\" \/>\n\t\t<meta property=\"og:title\" content=\"Szymon W\u00f3jcik \u017cegna Zielon\u0105 G\u00f3r\u0119. Czas na W\u0119gry i Falco Szombathely -\" \/>\n\t\t<meta property=\"og:description\" content=\"Jedni przychodz\u0105, drudzy odchodz\u0105 \u2013 takie s\u0105 prawa \u201esezonu og\u00f3rkowego\u201d. Z Zielon\u0105 G\u00f3r\u0105 \u017cegna si\u0119 Szymon W\u00f3jcik, kt\u00f3ry w nadchodz\u0105cych rozgrywkach 2025\/26 zagra dla mistrza W\u0119gier \u2013 Falco-Vulcano Energia KC Szombathely. To transfer z kategorii \u201ezas\u0142u\u017cony awans\u201d. Szymon W\u00f3jcik, kt\u00f3ry w drugiej cz\u0119\u015bci sezonu 2024\/25 do\u0142\u0105czy\u0142 do Orlen Zastalu Zielona G\u00f3ra w ramach \u201ewymiany\u201d z\" \/>\n\t\t<meta property=\"og:url\" content=\"https:\/\/zastalowcy.pl\/?p=93\" \/>\n\t\t<meta property=\"og:image\" content=\"https:\/\/zastalowcy.pl\/wp-content\/uploads\/2025\/09\/cropped-logo-strony-2.png\" \/>\n\t\t<meta property=\"og:image:secure_url\" content=\"https:\/\/zastalowcy.pl\/wp-content\/uploads\/2025\/09\/cropped-logo-strony-2.png\" \/>\n\t\t<meta property=\"og:image:width\" content=\"1862\" \/>\n\t\t<meta property=\"og:image:height\" content=\"384\" \/>\n\t\t<meta property=\"article:published_time\" content=\"2025-06-25T16:56:52+00:00\" \/>\n\t\t<meta property=\"article:modified_time\" content=\"2025-06-30T08:29:52+00:00\" \/>\n\t\t<meta name=\"twitter:card\" content=\"summary_large_image\" \/>\n\t\t<meta name=\"twitter:title\" content=\"Szymon W\u00f3jcik \u017cegna Zielon\u0105 G\u00f3r\u0119. Czas na W\u0119gry i Falco Szombathely -\" \/>\n\t\t<meta name=\"twitter:description\" content=\"Jedni przychodz\u0105, drudzy odchodz\u0105 \u2013 takie s\u0105 prawa \u201esezonu og\u00f3rkowego\u201d. Z Zielon\u0105 G\u00f3r\u0105 \u017cegna si\u0119 Szymon W\u00f3jcik, kt\u00f3ry w nadchodz\u0105cych rozgrywkach 2025\/26 zagra dla mistrza W\u0119gier \u2013 Falco-Vulcano Energia KC Szombathely. To transfer z kategorii \u201ezas\u0142u\u017cony awans\u201d. Szymon W\u00f3jcik, kt\u00f3ry w drugiej cz\u0119\u015bci sezonu 2024\/25 do\u0142\u0105czy\u0142 do Orlen Zastalu Zielona G\u00f3ra w ramach \u201ewymiany\u201d z\" \/>\n\t\t<meta name=\"twitter:image\" content=\"https:\/\/zastalowcy.pl\/wp-content\/uploads\/2025\/09\/cropped-logo-strony-2.png\" \/>\n\t\t<script type=\"application\/ld+json\" class=\"aioseo-schema\">\n\t\t\t{\"@context\":\"https:\\\/\\\/schema.org\",\"@graph\":[{\"@type\":\"BlogPosting\",\"@id\":\"https:\\\/\\\/zastalowcy.pl\\\/?p=93#blogposting\",\"name\":\"Szymon W\\u00f3jcik \\u017cegna Zielon\\u0105 G\\u00f3r\\u0119. Czas na W\\u0119gry i Falco Szombathely -\",\"headline\":\"Szymon W\\u00f3jcik \\u017cegna Zielon\\u0105 G\\u00f3r\\u0119. Czas na W\\u0119gry i Falco Szombathely\",\"author\":{\"@id\":\"https:\\\/\\\/zastalowcy.pl\\\/?author=3#author\"},\"publisher\":{\"@id\":\"https:\\\/\\\/zastalowcy.pl\\\/#organization\"},\"image\":{\"@type\":\"ImageObject\",\"url\":\"https:\\\/\\\/zastalowcy.pl\\\/wp-content\\\/uploads\\\/2025\\\/06\\\/profilowe-5.png\",\"width\":2048,\"height\":2048,\"caption\":\"Do grafiki wykorzystano zdj\\u0119cie z instagrama @szymoney10.\"},\"datePublished\":\"2025-06-25T18:56:52+02:00\",\"dateModified\":\"2025-06-30T10:29:52+02:00\",\"inLanguage\":\"pl-PL\",\"mainEntityOfPage\":{\"@id\":\"https:\\\/\\\/zastalowcy.pl\\\/?p=93#webpage\"},\"isPartOf\":{\"@id\":\"https:\\\/\\\/zastalowcy.pl\\\/?p=93#webpage\"},\"articleSection\":\"Aktualno\\u015bci, basketzg, dru\\u017cyna, koszyk\\u00f3wka, orlen zastal zielona g\\u00f3ra, szymon w\\u00f3jcik, transfery, zastal, zastal zielona g\\u00f3ra, zielona g\\u00f3ra, zielonagora, zielonog\\u00f3rska koszyk\\u00f3wka\"},{\"@type\":\"BreadcrumbList\",\"@id\":\"https:\\\/\\\/zastalowcy.pl\\\/?p=93#breadcrumblist\",\"itemListElement\":[{\"@type\":\"ListItem\",\"@id\":\"https:\\\/\\\/zastalowcy.pl#listItem\",\"position\":1,\"name\":\"Home\",\"item\":\"https:\\\/\\\/zastalowcy.pl\",\"nextItem\":{\"@type\":\"ListItem\",\"@id\":\"https:\\\/\\\/zastalowcy.pl\\\/?cat=18#listItem\",\"name\":\"Aktualno\\u015bci\"}},{\"@type\":\"ListItem\",\"@id\":\"https:\\\/\\\/zastalowcy.pl\\\/?cat=18#listItem\",\"position\":2,\"name\":\"Aktualno\\u015bci\",\"item\":\"https:\\\/\\\/zastalowcy.pl\\\/?cat=18\",\"nextItem\":{\"@type\":\"ListItem\",\"@id\":\"https:\\\/\\\/zastalowcy.pl\\\/?p=93#listItem\",\"name\":\"Szymon W\\u00f3jcik \\u017cegna Zielon\\u0105 G\\u00f3r\\u0119. Czas na W\\u0119gry i Falco Szombathely\"},\"previousItem\":{\"@type\":\"ListItem\",\"@id\":\"https:\\\/\\\/zastalowcy.pl#listItem\",\"name\":\"Home\"}},{\"@type\":\"ListItem\",\"@id\":\"https:\\\/\\\/zastalowcy.pl\\\/?p=93#listItem\",\"position\":3,\"name\":\"Szymon W\\u00f3jcik \\u017cegna Zielon\\u0105 G\\u00f3r\\u0119. Czas na W\\u0119gry i Falco Szombathely\",\"previousItem\":{\"@type\":\"ListItem\",\"@id\":\"https:\\\/\\\/zastalowcy.pl\\\/?cat=18#listItem\",\"name\":\"Aktualno\\u015bci\"}}]},{\"@type\":\"Organization\",\"@id\":\"https:\\\/\\\/zastalowcy.pl\\\/#organization\",\"description\":\"O Zastalu od kibic\\u00f3w \\u2013 dla kibic\\u00f3w\",\"url\":\"https:\\\/\\\/zastalowcy.pl\\\/\",\"logo\":{\"@type\":\"ImageObject\",\"url\":\"https:\\\/\\\/zastalowcy.pl\\\/wp-content\\\/uploads\\\/2025\\\/09\\\/cropped-logo-strony-2.png\",\"@id\":\"https:\\\/\\\/zastalowcy.pl\\\/?p=93\\\/#organizationLogo\",\"width\":1862,\"height\":384},\"image\":{\"@id\":\"https:\\\/\\\/zastalowcy.pl\\\/?p=93\\\/#organizationLogo\"}},{\"@type\":\"Person\",\"@id\":\"https:\\\/\\\/zastalowcy.pl\\\/?author=3#author\",\"url\":\"https:\\\/\\\/zastalowcy.pl\\\/?author=3\",\"name\":\"Joanna Nawlicka\",\"image\":{\"@type\":\"ImageObject\",\"@id\":\"https:\\\/\\\/zastalowcy.pl\\\/?p=93#authorImage\",\"url\":\"https:\\\/\\\/secure.gravatar.com\\\/avatar\\\/66fc557d97536ff5096b6295970275631b7a4673997738477642001957f5274c?s=96&d=mm&r=g\",\"width\":96,\"height\":96,\"caption\":\"Joanna Nawlicka\"}},{\"@type\":\"WebPage\",\"@id\":\"https:\\\/\\\/zastalowcy.pl\\\/?p=93#webpage\",\"url\":\"https:\\\/\\\/zastalowcy.pl\\\/?p=93\",\"name\":\"Szymon W\\u00f3jcik \\u017cegna Zielon\\u0105 G\\u00f3r\\u0119. Czas na W\\u0119gry i Falco Szombathely -\",\"description\":\"Jedni przychodz\\u0105, drudzy odchodz\\u0105 \\u2013 takie s\\u0105 prawa \\u201esezonu og\\u00f3rkowego\\u201d. Z Zielon\\u0105 G\\u00f3r\\u0105 \\u017cegna si\\u0119 Szymon W\\u00f3jcik, kt\\u00f3ry w nadchodz\\u0105cych rozgrywkach 2025\\\/26 zagra dla mistrza W\\u0119gier \\u2013 Falco-Vulcano Energia KC Szombathely. To transfer z kategorii \\u201ezas\\u0142u\\u017cony awans\\u201d. Szymon W\\u00f3jcik, kt\\u00f3ry w drugiej cz\\u0119\\u015bci sezonu 2024\\\/25 do\\u0142\\u0105czy\\u0142 do Orlen Zastalu Zielona G\\u00f3ra w ramach \\u201ewymiany\\u201d z\",\"inLanguage\":\"pl-PL\",\"isPartOf\":{\"@id\":\"https:\\\/\\\/zastalowcy.pl\\\/#website\"},\"breadcrumb\":{\"@id\":\"https:\\\/\\\/zastalowcy.pl\\\/?p=93#breadcrumblist\"},\"author\":{\"@id\":\"https:\\\/\\\/zastalowcy.pl\\\/?author=3#author\"},\"creator\":{\"@id\":\"https:\\\/\\\/zastalowcy.pl\\\/?author=3#author\"},\"image\":{\"@type\":\"ImageObject\",\"url\":\"https:\\\/\\\/zastalowcy.pl\\\/wp-content\\\/uploads\\\/2025\\\/06\\\/profilowe-5.png\",\"@id\":\"https:\\\/\\\/zastalowcy.pl\\\/?p=93\\\/#mainImage\",\"width\":2048,\"height\":2048,\"caption\":\"Do grafiki wykorzystano zdj\\u0119cie z instagrama @szymoney10.\"},\"primaryImageOfPage\":{\"@id\":\"https:\\\/\\\/zastalowcy.pl\\\/?p=93#mainImage\"},\"datePublished\":\"2025-06-25T18:56:52+02:00\",\"dateModified\":\"2025-06-30T10:29:52+02:00\"},{\"@type\":\"WebSite\",\"@id\":\"https:\\\/\\\/zastalowcy.pl\\\/#website\",\"url\":\"https:\\\/\\\/zastalowcy.pl\\\/\",\"description\":\"O Zastalu od kibic\\u00f3w \\u2013 dla kibic\\u00f3w\",\"inLanguage\":\"pl-PL\",\"publisher\":{\"@id\":\"https:\\\/\\\/zastalowcy.pl\\\/#organization\"}}]}\n\t\t<\/script>\n\t\t<!-- All in One SEO -->\n\n","aioseo_head_json":{"title":"Szymon W\u00f3jcik \u017cegna Zielon\u0105 G\u00f3r\u0119. Czas na W\u0119gry i Falco Szombathely -","description":"Jedni przychodz\u0105, drudzy odchodz\u0105 \u2013 takie s\u0105 prawa \u201esezonu og\u00f3rkowego\u201d. Z Zielon\u0105 G\u00f3r\u0105 \u017cegna si\u0119 Szymon W\u00f3jcik, kt\u00f3ry w nadchodz\u0105cych rozgrywkach 2025\/26 zagra dla mistrza W\u0119gier \u2013 Falco-Vulcano Energia KC Szombathely. To transfer z kategorii \u201ezas\u0142u\u017cony awans\u201d. Szymon W\u00f3jcik, kt\u00f3ry w drugiej cz\u0119\u015bci sezonu 2024\/25 do\u0142\u0105czy\u0142 do Orlen Zastalu Zielona G\u00f3ra w ramach \u201ewymiany\u201d z","canonical_url":"https:\/\/zastalowcy.pl\/?p=93","robots":"max-image-preview:large","keywords":"","webmasterTools":{"miscellaneous":""},"schema":{"@context":"https:\/\/schema.org","@graph":[{"@type":"BlogPosting","@id":"https:\/\/zastalowcy.pl\/?p=93#blogposting","name":"Szymon W\u00f3jcik \u017cegna Zielon\u0105 G\u00f3r\u0119. Czas na W\u0119gry i Falco Szombathely -","headline":"Szymon W\u00f3jcik \u017cegna Zielon\u0105 G\u00f3r\u0119. Czas na W\u0119gry i Falco Szombathely","author":{"@id":"https:\/\/zastalowcy.pl\/?author=3#author"},"publisher":{"@id":"https:\/\/zastalowcy.pl\/#organization"},"image":{"@type":"ImageObject","url":"https:\/\/zastalowcy.pl\/wp-content\/uploads\/2025\/06\/profilowe-5.png","width":2048,"height":2048,"caption":"Do grafiki wykorzystano zdj\u0119cie z instagrama @szymoney10."},"datePublished":"2025-06-25T18:56:52+02:00","dateModified":"2025-06-30T10:29:52+02:00","inLanguage":"pl-PL","mainEntityOfPage":{"@id":"https:\/\/zastalowcy.pl\/?p=93#webpage"},"isPartOf":{"@id":"https:\/\/zastalowcy.pl\/?p=93#webpage"},"articleSection":"Aktualno\u015bci, basketzg, dru\u017cyna, koszyk\u00f3wka, orlen zastal zielona g\u00f3ra, szymon w\u00f3jcik, transfery, zastal, zastal zielona g\u00f3ra, zielona g\u00f3ra, zielonagora, zielonog\u00f3rska koszyk\u00f3wka"},{"@type":"BreadcrumbList","@id":"https:\/\/zastalowcy.pl\/?p=93#breadcrumblist","itemListElement":[{"@type":"ListItem","@id":"https:\/\/zastalowcy.pl#listItem","position":1,"name":"Home","item":"https:\/\/zastalowcy.pl","nextItem":{"@type":"ListItem","@id":"https:\/\/zastalowcy.pl\/?cat=18#listItem","name":"Aktualno\u015bci"}},{"@type":"ListItem","@id":"https:\/\/zastalowcy.pl\/?cat=18#listItem","position":2,"name":"Aktualno\u015bci","item":"https:\/\/zastalowcy.pl\/?cat=18","nextItem":{"@type":"ListItem","@id":"https:\/\/zastalowcy.pl\/?p=93#listItem","name":"Szymon W\u00f3jcik \u017cegna Zielon\u0105 G\u00f3r\u0119. Czas na W\u0119gry i Falco Szombathely"},"previousItem":{"@type":"ListItem","@id":"https:\/\/zastalowcy.pl#listItem","name":"Home"}},{"@type":"ListItem","@id":"https:\/\/zastalowcy.pl\/?p=93#listItem","position":3,"name":"Szymon W\u00f3jcik \u017cegna Zielon\u0105 G\u00f3r\u0119. Czas na W\u0119gry i Falco Szombathely","previousItem":{"@type":"ListItem","@id":"https:\/\/zastalowcy.pl\/?cat=18#listItem","name":"Aktualno\u015bci"}}]},{"@type":"Organization","@id":"https:\/\/zastalowcy.pl\/#organization","description":"O Zastalu od kibic\u00f3w \u2013 dla kibic\u00f3w","url":"https:\/\/zastalowcy.pl\/","logo":{"@type":"ImageObject","url":"https:\/\/zastalowcy.pl\/wp-content\/uploads\/2025\/09\/cropped-logo-strony-2.png","@id":"https:\/\/zastalowcy.pl\/?p=93\/#organizationLogo","width":1862,"height":384},"image":{"@id":"https:\/\/zastalowcy.pl\/?p=93\/#organizationLogo"}},{"@type":"Person","@id":"https:\/\/zastalowcy.pl\/?author=3#author","url":"https:\/\/zastalowcy.pl\/?author=3","name":"Joanna Nawlicka","image":{"@type":"ImageObject","@id":"https:\/\/zastalowcy.pl\/?p=93#authorImage","url":"https:\/\/secure.gravatar.com\/avatar\/66fc557d97536ff5096b6295970275631b7a4673997738477642001957f5274c?s=96&d=mm&r=g","width":96,"height":96,"caption":"Joanna Nawlicka"}},{"@type":"WebPage","@id":"https:\/\/zastalowcy.pl\/?p=93#webpage","url":"https:\/\/zastalowcy.pl\/?p=93","name":"Szymon W\u00f3jcik \u017cegna Zielon\u0105 G\u00f3r\u0119. Czas na W\u0119gry i Falco Szombathely -","description":"Jedni przychodz\u0105, drudzy odchodz\u0105 \u2013 takie s\u0105 prawa \u201esezonu og\u00f3rkowego\u201d. Z Zielon\u0105 G\u00f3r\u0105 \u017cegna si\u0119 Szymon W\u00f3jcik, kt\u00f3ry w nadchodz\u0105cych rozgrywkach 2025\/26 zagra dla mistrza W\u0119gier \u2013 Falco-Vulcano Energia KC Szombathely. To transfer z kategorii \u201ezas\u0142u\u017cony awans\u201d. Szymon W\u00f3jcik, kt\u00f3ry w drugiej cz\u0119\u015bci sezonu 2024\/25 do\u0142\u0105czy\u0142 do Orlen Zastalu Zielona G\u00f3ra w ramach \u201ewymiany\u201d z","inLanguage":"pl-PL","isPartOf":{"@id":"https:\/\/zastalowcy.pl\/#website"},"breadcrumb":{"@id":"https:\/\/zastalowcy.pl\/?p=93#breadcrumblist"},"author":{"@id":"https:\/\/zastalowcy.pl\/?author=3#author"},"creator":{"@id":"https:\/\/zastalowcy.pl\/?author=3#author"},"image":{"@type":"ImageObject","url":"https:\/\/zastalowcy.pl\/wp-content\/uploads\/2025\/06\/profilowe-5.png","@id":"https:\/\/zastalowcy.pl\/?p=93\/#mainImage","width":2048,"height":2048,"caption":"Do grafiki wykorzystano zdj\u0119cie z instagrama @szymoney10."},"primaryImageOfPage":{"@id":"https:\/\/zastalowcy.pl\/?p=93#mainImage"},"datePublished":"2025-06-25T18:56:52+02:00","dateModified":"2025-06-30T10:29:52+02:00"},{"@type":"WebSite","@id":"https:\/\/zastalowcy.pl\/#website","url":"https:\/\/zastalowcy.pl\/","description":"O Zastalu od kibic\u00f3w \u2013 dla kibic\u00f3w","inLanguage":"pl-PL","publisher":{"@id":"https:\/\/zastalowcy.pl\/#organization"}}]},"og:locale":"pl_PL","og:site_name":"- O Zastalu od kibic\u00f3w \u2013 dla kibic\u00f3w","og:type":"article","og:title":"Szymon W\u00f3jcik \u017cegna Zielon\u0105 G\u00f3r\u0119. Czas na W\u0119gry i Falco Szombathely -","og:description":"Jedni przychodz\u0105, drudzy odchodz\u0105 \u2013 takie s\u0105 prawa \u201esezonu og\u00f3rkowego\u201d. Z Zielon\u0105 G\u00f3r\u0105 \u017cegna si\u0119 Szymon W\u00f3jcik, kt\u00f3ry w nadchodz\u0105cych rozgrywkach 2025\/26 zagra dla mistrza W\u0119gier \u2013 Falco-Vulcano Energia KC Szombathely. To transfer z kategorii \u201ezas\u0142u\u017cony awans\u201d. Szymon W\u00f3jcik, kt\u00f3ry w drugiej cz\u0119\u015bci sezonu 2024\/25 do\u0142\u0105czy\u0142 do Orlen Zastalu Zielona G\u00f3ra w ramach \u201ewymiany\u201d z","og:url":"https:\/\/zastalowcy.pl\/?p=93","og:image":"https:\/\/zastalowcy.pl\/wp-content\/uploads\/2025\/09\/cropped-logo-strony-2.png","og:image:secure_url":"https:\/\/zastalowcy.pl\/wp-content\/uploads\/2025\/09\/cropped-logo-strony-2.png","og:image:width":1862,"og:image:height":384,"article:published_time":"2025-06-25T16:56:52+00:00","article:modified_time":"2025-06-30T08:29:52+00:00","twitter:card":"summary_large_image","twitter:title":"Szymon W\u00f3jcik \u017cegna Zielon\u0105 G\u00f3r\u0119. Czas na W\u0119gry i Falco Szombathely -","twitter:description":"Jedni przychodz\u0105, drudzy odchodz\u0105 \u2013 takie s\u0105 prawa \u201esezonu og\u00f3rkowego\u201d. Z Zielon\u0105 G\u00f3r\u0105 \u017cegna si\u0119 Szymon W\u00f3jcik, kt\u00f3ry w nadchodz\u0105cych rozgrywkach 2025\/26 zagra dla mistrza W\u0119gier \u2013 Falco-Vulcano Energia KC Szombathely. To transfer z kategorii \u201ezas\u0142u\u017cony awans\u201d. Szymon W\u00f3jcik, kt\u00f3ry w drugiej cz\u0119\u015bci sezonu 2024\/25 do\u0142\u0105czy\u0142 do Orlen Zastalu Zielona G\u00f3ra w ramach \u201ewymiany\u201d z","twitter:image":"https:\/\/zastalowcy.pl\/wp-content\/uploads\/2025\/09\/cropped-logo-strony-2.png"},"aioseo_meta_data":{"post_id":"93","title":null,"description":null,"keywords":null,"keyphrases":null,"primary_term":null,"canonical_url":null,"og_title":null,"og_description":null,"og_object_type":"default","og_image_type":"default","og_image_custom_url":null,"og_image_custom_fields":null,"og_image_url":null,"og_image_width":null,"og_image_height":null,"og_video":null,"og_custom_url":null,"og_article_section":null,"og_article_tags":null,"twitter_use_og":false,"twitter_card":"default","twitter_image_type":"default","twitter_image_custom_url":null,"twitter_image_custom_fields":null,"twitter_image_url":null,"twitter_title":null,"twitter_description":null,"schema_type":"default","schema_type_options":null,"schema":{"blockGraphs":[],"customGraphs":[],"default":{"data":{"Article":[],"Course":[],"Dataset":[],"FAQPage":[],"Movie":[],"Person":[],"Product":[],"ProductReview":[],"Car":[],"Recipe":[],"Service":[],"SoftwareApplication":[],"WebPage":[]},"graphName":"","isEnabled":true},"graphs":[]},"pillar_content":false,"robots_default":true,"robots_noindex":false,"robots_noarchive":false,"robots_nosnippet":false,"robots_nofollow":false,"robots_noimageindex":false,"robots_noodp":false,"robots_notranslate":false,"robots_max_snippet":null,"robots_max_videopreview":null,"robots_max_imagepreview":"large","priority":null,"frequency":null,"local_seo":null,"limit_modified_date":false,"ai":null,"breadcrumb_settings":null,"seo_analyzer_scan_date":null,"created":"2026-07-15 16:33:28","updated":"2026-07-15 16:33:28","focus_keyword":null,"additional_keywords":null,"truseo_locale":null},"aioseo_breadcrumb":"<div class=\"aioseo-breadcrumbs\"><span class=\"aioseo-breadcrumb\">\n\t\t\t<a href=\"https:\/\/zastalowcy.pl\" title=\"Home\">Home<\/a>\n\t\t<\/span><span class=\"aioseo-breadcrumb-separator\">&raquo;<\/span><span class=\"aioseo-breadcrumb\">\n\t\t\t<a href=\"https:\/\/zastalowcy.pl\/?cat=18\" title=\"Aktualno\u015bci\">Aktualno\u015bci<\/a>\n\t\t<\/span><span class=\"aioseo-breadcrumb-separator\">&raquo;<\/span><span class=\"aioseo-breadcrumb\">\n\t\t\tSzymon W\u00f3jcik \u017cegna Zielon\u0105 G\u00f3r\u0119. Czas na W\u0119gry i Falco Szombathely\n\t\t<\/span><\/div>","aioseo_breadcrumb_json":[{"label":"Home","link":"https:\/\/zastalowcy.pl"},{"label":"Aktualno\u015bci","link":"https:\/\/zastalowcy.pl\/?cat=18"},{"label":"Szymon W\u00f3jcik \u017cegna Zielon\u0105 G\u00f3r\u0119. Czas na W\u0119gry i Falco Szombathely","link":"https:\/\/zastalowcy.pl\/?p=93"}],"_links":{"self":[{"href":"https:\/\/zastalowcy.pl\/index.php?rest_route=\/wp\/v2\/posts\/93","targetHints":{"allow":["GET"]}}],"collection":[{"href":"https:\/\/zastalowcy.pl\/index.php?rest_route=\/wp\/v2\/posts"}],"about":[{"href":"https:\/\/zastalowcy.pl\/index.php?rest_route=\/wp\/v2\/types\/post"}],"author":[{"embeddable":true,"href":"https:\/\/zastalowcy.pl\/index.php?rest_route=\/wp\/v2\/users\/3"}],"replies":[{"embeddable":true,"href":"https:\/\/zastalowcy.pl\/index.php?rest_route=%2Fwp%2Fv2%2Fcomments&post=93"}],"version-history":[{"count":2,"href":"https:\/\/zastalowcy.pl\/index.php?rest_route=\/wp\/v2\/posts\/93\/revisions"}],"predecessor-version":[{"id":110,"href":"https:\/\/zastalowcy.pl\/index.php?rest_route=\/wp\/v2\/posts\/93\/revisions\/110"}],"wp:featuredmedia":[{"embeddable":true,"href":"https:\/\/zastalowcy.pl\/index.php?rest_route=\/wp\/v2\/media\/94"}],"wp:attachment":[{"href":"https:\/\/zastalowcy.pl\/index.php?rest_route=%2Fwp%2Fv2%2Fmedia&parent=93"}],"wp:term":[{"taxonomy":"category","embeddable":true,"href":"https:\/\/zastalowcy.pl\/index.php?rest_route=%2Fwp%2Fv2%2Fcategories&post=93"},{"taxonomy":"post_tag","embeddable":true,"href":"https:\/\/zastalowcy.pl\/index.php?rest_route=%2Fwp%2Fv2%2Ftags&post=93"}],"curies":[{"name":"wp","href":"https:\/\/api.w.org\/{rel}","templated":true}]}}