{"id":936,"date":"2026-01-26T19:03:00","date_gmt":"2026-01-26T18:03:00","guid":{"rendered":"https:\/\/zastalowcy.pl\/?p=936"},"modified":"2026-01-28T17:07:26","modified_gmt":"2026-01-28T16:07:26","slug":"zawodnicy-orlen-zastalu-w-szerokim-skladzie-reprezentacji-polski","status":"publish","type":"post","link":"https:\/\/zastalowcy.pl\/?p=936","title":{"rendered":"Zawodnicy ORLEN Zastalu w szerokim sk\u0142adzie reprezentacji Polski"},"content":{"rendered":"\n<p class=\"wp-block-paragraph\">Selekcjoner reprezentacji Polski Igor Mili\u010di\u0107 og\u0142osi\u0142 szeroki, 30-osobowy sk\u0142ad kadry narodowej na lutowe zgrupowanie w Warszawie, kt\u00f3re poprzedzi kolejne mecze kwalifikacji do Mistrzostw \u015awiata 2027. W gronie powo\u0142anych znalaz\u0142o si\u0119 dw\u00f3ch zawodnik\u00f3w ORLEN Zastalu Zielona G\u00f3ra \u2013 Andrzej Mazurczak oraz Jakub Szumert.<\/p>\n\n\n\n<h4 class=\"wp-block-heading\">Zielonog\u00f3rski akcent w kadrze<\/h4>\n\n\n\n<p class=\"wp-block-paragraph\">Obecno\u015b\u0107 Andrzeja Mazurczaka i Jakuba Szumerta w szerokim sk\u0142adzie to docenienie ich postawy w trwaj\u0105cym sezonie ligowym. Mazurczak od d\u0142u\u017cszego czasu pozostaje jednym z lider\u00f3w ORLEN Zastalu, pe\u0142ni\u0105c kluczow\u0105 rol\u0119 w organizacji gry zespo\u0142u. Z kolei Szumert, regularnie sp\u0119dzaj\u0105cy minuty na parkietach ORLEN Basket Ligi, konsekwentnie potwierdza sw\u00f3j potencja\u0142 i rozw\u00f3j na najwy\u017cszym krajowym poziomie.<\/p>\n\n\n\n<p class=\"wp-block-paragraph\">Powo\u0142anie obu zawodnik\u00f3w do szerokiej kadry narodowej to r\u00f3wnie\u017c potwierdzenie, \u017ce Zastal Zielona G\u00f3ra pozostaje wa\u017cnym punktem na mapie polskiej koszyk\u00f3wki.<\/p>\n\n\n\n<h4 class=\"wp-block-heading\">Przygotowania do mecz\u00f3w z \u0141otw\u0105<\/h4>\n\n\n\n<p class=\"wp-block-paragraph\">Zgrupowanie reprezentacji Polski rozpocznie si\u0119 22 lutego w Warszawie. Bia\u0142o-Czerwoni przygotowywa\u0107 si\u0119 b\u0119d\u0105 do dw\u00f3ch spotka\u0144 kwalifikacyjnych do Mistrzostw \u015awiata 2027 przeciwko reprezentacji \u0141otwy.<\/p>\n\n\n\n<p class=\"wp-block-paragraph\">Pierwszy mecz rozegrany zostanie w pi\u0105tek, 27 lutego w Rydze. Rewan\u017c zaplanowano na niedziel\u0119, 1 marca,w Polsat Plus Arenie w Gdyni. Oba spotkania b\u0119d\u0105 mia\u0142y istotne znaczenie w kontek\u015bcie dalszej walki o awans do turnieju fina\u0142owego.<\/p>\n\n\n\n<h4 class=\"wp-block-heading\">Silna reprezentacja ORLEN Basket Ligi<\/h4>\n\n\n\n<p class=\"wp-block-paragraph\">W szerokim sk\u0142adzie znalaz\u0142a si\u0119 liczna grupa zawodnik\u00f3w wyst\u0119puj\u0105cych w ORLEN Basket Ligi, co podkre\u015bla rol\u0119 ligi jako naturalnego zaplecza reprezentacji narodowej. Selekcjoner Igor Mili\u010di\u0107 b\u0119dzie mia\u0142 do dyspozycji zawodnik\u00f3w do\u015bwiadczonych w mi\u0119dzynarodowej rywalizacji, jak i graczy rozwijaj\u0105cych si\u0119 na krajowych parkietach.<\/p>\n\n\n\n<p class=\"wp-block-paragraph\">\ud83c\udfc0 Zastalowcy.pl \u2013 o Zastalu od kibic\u00f3w \u2013 dla kibic\u00f3w<\/p>\n","protected":false},"excerpt":{"rendered":"<p>Selekcjoner reprezentacji Polski Igor Mili\u010di\u0107 og\u0142osi\u0142 szeroki, 30-osobowy sk\u0142ad kadry narodowej na lutowe zgrupowanie w Warszawie, kt\u00f3re poprzedzi<\/p>\n","protected":false},"author":3,"featured_media":937,"comment_status":"open","ping_status":"open","sticky":false,"template":"","format":"standard","meta":{"om_disable_all_campaigns":false,"footnotes":""},"categories":[18,9],"tags":[17,26,142,168,167,15,277,274,275,13,273,203,276,12,14,42,11,10,16],"class_list":["post-936","post","type-post","status-publish","format-standard","has-post-thumbnail","hentry","category-aktualnosci","category-sezon-2025-2026","tag-basketzg","tag-druzyna","tag-gdynia","tag-kadra-polski","tag-kosz-kadra","tag-koszykowka","tag-lotwa","tag-mistrzostwa-swiata","tag-mistrzostwa-swiata-w-koszykowce","tag-orlen-zastal-zielona-gora","tag-polska-koszykowka","tag-reprezentacja-polski-w-koszykowce","tag-ryga","tag-zastal","tag-zastal-zielona-gora","tag-zastalowcy","tag-zielona-gora","tag-zielonagora","tag-zielonogorska-koszykowka"],"aioseo_notices":[],"aioseo_head":"\n\t\t<!-- All in One SEO 5.0.0.1 - aioseo.com -->\n\t<meta name=\"description\" content=\"Selekcjoner reprezentacji Polski Igor Mili\u010di\u0107 og\u0142osi\u0142 szeroki, 30-osobowy sk\u0142ad kadry narodowej na lutowe zgrupowanie w Warszawie, kt\u00f3re poprzedzi kolejne mecze kwalifikacji do Mistrzostw \u015awiata 2027. W gronie powo\u0142anych znalaz\u0142o si\u0119 dw\u00f3ch zawodnik\u00f3w ORLEN Zastalu Zielona G\u00f3ra \u2013 Andrzej Mazurczak oraz Jakub Szumert. Zielonog\u00f3rski akcent w kadrze Obecno\u015b\u0107 Andrzeja Mazurczaka i Jakuba Szumerta w szerokim sk\u0142adzie\" \/>\n\t<meta name=\"robots\" content=\"max-image-preview:large\" \/>\n\t<meta name=\"author\" content=\"Joanna Nawlicka\"\/>\n\t<link rel=\"canonical\" href=\"https:\/\/zastalowcy.pl\/?p=936\" \/>\n\t<meta name=\"generator\" content=\"All in One SEO (AIOSEO) 5.0.0.1\" \/>\n\t\t<meta property=\"og:locale\" content=\"pl_PL\" \/>\n\t\t<meta property=\"og:site_name\" content=\"- O Zastalu od kibic\u00f3w \u2013 dla kibic\u00f3w\" \/>\n\t\t<meta property=\"og:type\" content=\"article\" \/>\n\t\t<meta property=\"og:title\" content=\"Zawodnicy ORLEN Zastalu w szerokim sk\u0142adzie reprezentacji Polski -\" \/>\n\t\t<meta property=\"og:description\" content=\"Selekcjoner reprezentacji Polski Igor Mili\u010di\u0107 og\u0142osi\u0142 szeroki, 30-osobowy sk\u0142ad kadry narodowej na lutowe zgrupowanie w Warszawie, kt\u00f3re poprzedzi kolejne mecze kwalifikacji do Mistrzostw \u015awiata 2027. W gronie powo\u0142anych znalaz\u0142o si\u0119 dw\u00f3ch zawodnik\u00f3w ORLEN Zastalu Zielona G\u00f3ra \u2013 Andrzej Mazurczak oraz Jakub Szumert. Zielonog\u00f3rski akcent w kadrze Obecno\u015b\u0107 Andrzeja Mazurczaka i Jakuba Szumerta w szerokim sk\u0142adzie\" \/>\n\t\t<meta property=\"og:url\" content=\"https:\/\/zastalowcy.pl\/?p=936\" \/>\n\t\t<meta property=\"og:image\" content=\"https:\/\/zastalowcy.pl\/wp-content\/uploads\/2025\/09\/cropped-logo-strony-2.png\" \/>\n\t\t<meta property=\"og:image:secure_url\" content=\"https:\/\/zastalowcy.pl\/wp-content\/uploads\/2025\/09\/cropped-logo-strony-2.png\" \/>\n\t\t<meta property=\"og:image:width\" content=\"1862\" \/>\n\t\t<meta property=\"og:image:height\" content=\"384\" \/>\n\t\t<meta property=\"article:published_time\" content=\"2026-01-26T18:03:00+00:00\" \/>\n\t\t<meta property=\"article:modified_time\" content=\"2026-01-28T16:07:26+00:00\" \/>\n\t\t<meta name=\"twitter:card\" content=\"summary_large_image\" \/>\n\t\t<meta name=\"twitter:title\" content=\"Zawodnicy ORLEN Zastalu w szerokim sk\u0142adzie reprezentacji Polski -\" \/>\n\t\t<meta name=\"twitter:description\" content=\"Selekcjoner reprezentacji Polski Igor Mili\u010di\u0107 og\u0142osi\u0142 szeroki, 30-osobowy sk\u0142ad kadry narodowej na lutowe zgrupowanie w Warszawie, kt\u00f3re poprzedzi kolejne mecze kwalifikacji do Mistrzostw \u015awiata 2027. W gronie powo\u0142anych znalaz\u0142o si\u0119 dw\u00f3ch zawodnik\u00f3w ORLEN Zastalu Zielona G\u00f3ra \u2013 Andrzej Mazurczak oraz Jakub Szumert. Zielonog\u00f3rski akcent w kadrze Obecno\u015b\u0107 Andrzeja Mazurczaka i Jakuba Szumerta w szerokim sk\u0142adzie\" \/>\n\t\t<meta name=\"twitter:image\" content=\"https:\/\/zastalowcy.pl\/wp-content\/uploads\/2025\/09\/cropped-logo-strony-2.png\" \/>\n\t\t<script type=\"application\/ld+json\" class=\"aioseo-schema\">\n\t\t\t{\"@context\":\"https:\\\/\\\/schema.org\",\"@graph\":[{\"@type\":\"BlogPosting\",\"@id\":\"https:\\\/\\\/zastalowcy.pl\\\/?p=936#blogposting\",\"name\":\"Zawodnicy ORLEN Zastalu w szerokim sk\\u0142adzie reprezentacji Polski -\",\"headline\":\"Zawodnicy ORLEN Zastalu w szerokim sk\\u0142adzie reprezentacji Polski\",\"author\":{\"@id\":\"https:\\\/\\\/zastalowcy.pl\\\/?author=3#author\"},\"publisher\":{\"@id\":\"https:\\\/\\\/zastalowcy.pl\\\/#organization\"},\"image\":{\"@type\":\"ImageObject\",\"url\":\"https:\\\/\\\/zastalowcy.pl\\\/wp-content\\\/uploads\\\/2026\\\/01\\\/profilowe-7-1.png\",\"width\":2048,\"height\":2048},\"datePublished\":\"2026-01-26T19:03:00+01:00\",\"dateModified\":\"2026-01-28T17:07:26+01:00\",\"inLanguage\":\"pl-PL\",\"mainEntityOfPage\":{\"@id\":\"https:\\\/\\\/zastalowcy.pl\\\/?p=936#webpage\"},\"isPartOf\":{\"@id\":\"https:\\\/\\\/zastalowcy.pl\\\/?p=936#webpage\"},\"articleSection\":\"Aktualno\\u015bci, Sezon 2025\\\/2026, basketzg, dru\\u017cyna, gdynia, kadra polski, kosz kadra, koszyk\\u00f3wka, \\u0142otwa, mistrzostwa \\u015bwiata, mistrzostwa \\u015bwiata w koszyk\\u00f3wce, orlen zastal zielona g\\u00f3ra, polska koszyk\\u00f3wka, reprezentacja polski w koszyk\\u00f3wce, ryga, zastal, zastal zielona g\\u00f3ra, zastalowcy, zielona g\\u00f3ra, zielonagora, zielonog\\u00f3rska koszyk\\u00f3wka\"},{\"@type\":\"BreadcrumbList\",\"@id\":\"https:\\\/\\\/zastalowcy.pl\\\/?p=936#breadcrumblist\",\"itemListElement\":[{\"@type\":\"ListItem\",\"@id\":\"https:\\\/\\\/zastalowcy.pl#listItem\",\"position\":1,\"name\":\"Home\",\"item\":\"https:\\\/\\\/zastalowcy.pl\",\"nextItem\":{\"@type\":\"ListItem\",\"@id\":\"https:\\\/\\\/zastalowcy.pl\\\/?cat=9#listItem\",\"name\":\"Sezon 2025\\\/2026\"}},{\"@type\":\"ListItem\",\"@id\":\"https:\\\/\\\/zastalowcy.pl\\\/?cat=9#listItem\",\"position\":2,\"name\":\"Sezon 2025\\\/2026\",\"item\":\"https:\\\/\\\/zastalowcy.pl\\\/?cat=9\",\"nextItem\":{\"@type\":\"ListItem\",\"@id\":\"https:\\\/\\\/zastalowcy.pl\\\/?p=936#listItem\",\"name\":\"Zawodnicy ORLEN Zastalu w szerokim sk\\u0142adzie reprezentacji Polski\"},\"previousItem\":{\"@type\":\"ListItem\",\"@id\":\"https:\\\/\\\/zastalowcy.pl#listItem\",\"name\":\"Home\"}},{\"@type\":\"ListItem\",\"@id\":\"https:\\\/\\\/zastalowcy.pl\\\/?p=936#listItem\",\"position\":3,\"name\":\"Zawodnicy ORLEN Zastalu w szerokim sk\\u0142adzie reprezentacji Polski\",\"previousItem\":{\"@type\":\"ListItem\",\"@id\":\"https:\\\/\\\/zastalowcy.pl\\\/?cat=9#listItem\",\"name\":\"Sezon 2025\\\/2026\"}}]},{\"@type\":\"Organization\",\"@id\":\"https:\\\/\\\/zastalowcy.pl\\\/#organization\",\"description\":\"O Zastalu od kibic\\u00f3w \\u2013 dla kibic\\u00f3w\",\"url\":\"https:\\\/\\\/zastalowcy.pl\\\/\",\"logo\":{\"@type\":\"ImageObject\",\"url\":\"https:\\\/\\\/zastalowcy.pl\\\/wp-content\\\/uploads\\\/2025\\\/09\\\/cropped-logo-strony-2.png\",\"@id\":\"https:\\\/\\\/zastalowcy.pl\\\/?p=936\\\/#organizationLogo\",\"width\":1862,\"height\":384},\"image\":{\"@id\":\"https:\\\/\\\/zastalowcy.pl\\\/?p=936\\\/#organizationLogo\"}},{\"@type\":\"Person\",\"@id\":\"https:\\\/\\\/zastalowcy.pl\\\/?author=3#author\",\"url\":\"https:\\\/\\\/zastalowcy.pl\\\/?author=3\",\"name\":\"Joanna Nawlicka\",\"image\":{\"@type\":\"ImageObject\",\"@id\":\"https:\\\/\\\/zastalowcy.pl\\\/?p=936#authorImage\",\"url\":\"https:\\\/\\\/secure.gravatar.com\\\/avatar\\\/66fc557d97536ff5096b6295970275631b7a4673997738477642001957f5274c?s=96&d=mm&r=g\",\"width\":96,\"height\":96,\"caption\":\"Joanna Nawlicka\"}},{\"@type\":\"WebPage\",\"@id\":\"https:\\\/\\\/zastalowcy.pl\\\/?p=936#webpage\",\"url\":\"https:\\\/\\\/zastalowcy.pl\\\/?p=936\",\"name\":\"Zawodnicy ORLEN Zastalu w szerokim sk\\u0142adzie reprezentacji Polski -\",\"description\":\"Selekcjoner reprezentacji Polski Igor Mili\\u010di\\u0107 og\\u0142osi\\u0142 szeroki, 30-osobowy sk\\u0142ad kadry narodowej na lutowe zgrupowanie w Warszawie, kt\\u00f3re poprzedzi kolejne mecze kwalifikacji do Mistrzostw \\u015awiata 2027. W gronie powo\\u0142anych znalaz\\u0142o si\\u0119 dw\\u00f3ch zawodnik\\u00f3w ORLEN Zastalu Zielona G\\u00f3ra \\u2013 Andrzej Mazurczak oraz Jakub Szumert. Zielonog\\u00f3rski akcent w kadrze Obecno\\u015b\\u0107 Andrzeja Mazurczaka i Jakuba Szumerta w szerokim sk\\u0142adzie\",\"inLanguage\":\"pl-PL\",\"isPartOf\":{\"@id\":\"https:\\\/\\\/zastalowcy.pl\\\/#website\"},\"breadcrumb\":{\"@id\":\"https:\\\/\\\/zastalowcy.pl\\\/?p=936#breadcrumblist\"},\"author\":{\"@id\":\"https:\\\/\\\/zastalowcy.pl\\\/?author=3#author\"},\"creator\":{\"@id\":\"https:\\\/\\\/zastalowcy.pl\\\/?author=3#author\"},\"image\":{\"@type\":\"ImageObject\",\"url\":\"https:\\\/\\\/zastalowcy.pl\\\/wp-content\\\/uploads\\\/2026\\\/01\\\/profilowe-7-1.png\",\"@id\":\"https:\\\/\\\/zastalowcy.pl\\\/?p=936\\\/#mainImage\",\"width\":2048,\"height\":2048},\"primaryImageOfPage\":{\"@id\":\"https:\\\/\\\/zastalowcy.pl\\\/?p=936#mainImage\"},\"datePublished\":\"2026-01-26T19:03:00+01:00\",\"dateModified\":\"2026-01-28T17:07:26+01:00\"},{\"@type\":\"WebSite\",\"@id\":\"https:\\\/\\\/zastalowcy.pl\\\/#website\",\"url\":\"https:\\\/\\\/zastalowcy.pl\\\/\",\"description\":\"O Zastalu od kibic\\u00f3w \\u2013 dla kibic\\u00f3w\",\"inLanguage\":\"pl-PL\",\"publisher\":{\"@id\":\"https:\\\/\\\/zastalowcy.pl\\\/#organization\"}}]}\n\t\t<\/script>\n\t\t<!-- All in One SEO -->\n\n","aioseo_head_json":{"title":"Zawodnicy ORLEN Zastalu w szerokim sk\u0142adzie reprezentacji Polski -","description":"Selekcjoner reprezentacji Polski Igor Mili\u010di\u0107 og\u0142osi\u0142 szeroki, 30-osobowy sk\u0142ad kadry narodowej na lutowe zgrupowanie w Warszawie, kt\u00f3re poprzedzi kolejne mecze kwalifikacji do Mistrzostw \u015awiata 2027. W gronie powo\u0142anych znalaz\u0142o si\u0119 dw\u00f3ch zawodnik\u00f3w ORLEN Zastalu Zielona G\u00f3ra \u2013 Andrzej Mazurczak oraz Jakub Szumert. Zielonog\u00f3rski akcent w kadrze Obecno\u015b\u0107 Andrzeja Mazurczaka i Jakuba Szumerta w szerokim sk\u0142adzie","canonical_url":"https:\/\/zastalowcy.pl\/?p=936","robots":"max-image-preview:large","keywords":"","webmasterTools":{"miscellaneous":""},"schema":{"@context":"https:\/\/schema.org","@graph":[{"@type":"BlogPosting","@id":"https:\/\/zastalowcy.pl\/?p=936#blogposting","name":"Zawodnicy ORLEN Zastalu w szerokim sk\u0142adzie reprezentacji Polski -","headline":"Zawodnicy ORLEN Zastalu w szerokim sk\u0142adzie reprezentacji Polski","author":{"@id":"https:\/\/zastalowcy.pl\/?author=3#author"},"publisher":{"@id":"https:\/\/zastalowcy.pl\/#organization"},"image":{"@type":"ImageObject","url":"https:\/\/zastalowcy.pl\/wp-content\/uploads\/2026\/01\/profilowe-7-1.png","width":2048,"height":2048},"datePublished":"2026-01-26T19:03:00+01:00","dateModified":"2026-01-28T17:07:26+01:00","inLanguage":"pl-PL","mainEntityOfPage":{"@id":"https:\/\/zastalowcy.pl\/?p=936#webpage"},"isPartOf":{"@id":"https:\/\/zastalowcy.pl\/?p=936#webpage"},"articleSection":"Aktualno\u015bci, Sezon 2025\/2026, basketzg, dru\u017cyna, gdynia, kadra polski, kosz kadra, koszyk\u00f3wka, \u0142otwa, mistrzostwa \u015bwiata, mistrzostwa \u015bwiata w koszyk\u00f3wce, orlen zastal zielona g\u00f3ra, polska koszyk\u00f3wka, reprezentacja polski w koszyk\u00f3wce, ryga, zastal, zastal zielona g\u00f3ra, zastalowcy, zielona g\u00f3ra, zielonagora, zielonog\u00f3rska koszyk\u00f3wka"},{"@type":"BreadcrumbList","@id":"https:\/\/zastalowcy.pl\/?p=936#breadcrumblist","itemListElement":[{"@type":"ListItem","@id":"https:\/\/zastalowcy.pl#listItem","position":1,"name":"Home","item":"https:\/\/zastalowcy.pl","nextItem":{"@type":"ListItem","@id":"https:\/\/zastalowcy.pl\/?cat=9#listItem","name":"Sezon 2025\/2026"}},{"@type":"ListItem","@id":"https:\/\/zastalowcy.pl\/?cat=9#listItem","position":2,"name":"Sezon 2025\/2026","item":"https:\/\/zastalowcy.pl\/?cat=9","nextItem":{"@type":"ListItem","@id":"https:\/\/zastalowcy.pl\/?p=936#listItem","name":"Zawodnicy ORLEN Zastalu w szerokim sk\u0142adzie reprezentacji Polski"},"previousItem":{"@type":"ListItem","@id":"https:\/\/zastalowcy.pl#listItem","name":"Home"}},{"@type":"ListItem","@id":"https:\/\/zastalowcy.pl\/?p=936#listItem","position":3,"name":"Zawodnicy ORLEN Zastalu w szerokim sk\u0142adzie reprezentacji Polski","previousItem":{"@type":"ListItem","@id":"https:\/\/zastalowcy.pl\/?cat=9#listItem","name":"Sezon 2025\/2026"}}]},{"@type":"Organization","@id":"https:\/\/zastalowcy.pl\/#organization","description":"O Zastalu od kibic\u00f3w \u2013 dla kibic\u00f3w","url":"https:\/\/zastalowcy.pl\/","logo":{"@type":"ImageObject","url":"https:\/\/zastalowcy.pl\/wp-content\/uploads\/2025\/09\/cropped-logo-strony-2.png","@id":"https:\/\/zastalowcy.pl\/?p=936\/#organizationLogo","width":1862,"height":384},"image":{"@id":"https:\/\/zastalowcy.pl\/?p=936\/#organizationLogo"}},{"@type":"Person","@id":"https:\/\/zastalowcy.pl\/?author=3#author","url":"https:\/\/zastalowcy.pl\/?author=3","name":"Joanna Nawlicka","image":{"@type":"ImageObject","@id":"https:\/\/zastalowcy.pl\/?p=936#authorImage","url":"https:\/\/secure.gravatar.com\/avatar\/66fc557d97536ff5096b6295970275631b7a4673997738477642001957f5274c?s=96&d=mm&r=g","width":96,"height":96,"caption":"Joanna Nawlicka"}},{"@type":"WebPage","@id":"https:\/\/zastalowcy.pl\/?p=936#webpage","url":"https:\/\/zastalowcy.pl\/?p=936","name":"Zawodnicy ORLEN Zastalu w szerokim sk\u0142adzie reprezentacji Polski -","description":"Selekcjoner reprezentacji Polski Igor Mili\u010di\u0107 og\u0142osi\u0142 szeroki, 30-osobowy sk\u0142ad kadry narodowej na lutowe zgrupowanie w Warszawie, kt\u00f3re poprzedzi kolejne mecze kwalifikacji do Mistrzostw \u015awiata 2027. W gronie powo\u0142anych znalaz\u0142o si\u0119 dw\u00f3ch zawodnik\u00f3w ORLEN Zastalu Zielona G\u00f3ra \u2013 Andrzej Mazurczak oraz Jakub Szumert. Zielonog\u00f3rski akcent w kadrze Obecno\u015b\u0107 Andrzeja Mazurczaka i Jakuba Szumerta w szerokim sk\u0142adzie","inLanguage":"pl-PL","isPartOf":{"@id":"https:\/\/zastalowcy.pl\/#website"},"breadcrumb":{"@id":"https:\/\/zastalowcy.pl\/?p=936#breadcrumblist"},"author":{"@id":"https:\/\/zastalowcy.pl\/?author=3#author"},"creator":{"@id":"https:\/\/zastalowcy.pl\/?author=3#author"},"image":{"@type":"ImageObject","url":"https:\/\/zastalowcy.pl\/wp-content\/uploads\/2026\/01\/profilowe-7-1.png","@id":"https:\/\/zastalowcy.pl\/?p=936\/#mainImage","width":2048,"height":2048},"primaryImageOfPage":{"@id":"https:\/\/zastalowcy.pl\/?p=936#mainImage"},"datePublished":"2026-01-26T19:03:00+01:00","dateModified":"2026-01-28T17:07:26+01:00"},{"@type":"WebSite","@id":"https:\/\/zastalowcy.pl\/#website","url":"https:\/\/zastalowcy.pl\/","description":"O Zastalu od kibic\u00f3w \u2013 dla kibic\u00f3w","inLanguage":"pl-PL","publisher":{"@id":"https:\/\/zastalowcy.pl\/#organization"}}]},"og:locale":"pl_PL","og:site_name":"- O Zastalu od kibic\u00f3w \u2013 dla kibic\u00f3w","og:type":"article","og:title":"Zawodnicy ORLEN Zastalu w szerokim sk\u0142adzie reprezentacji Polski -","og:description":"Selekcjoner reprezentacji Polski Igor Mili\u010di\u0107 og\u0142osi\u0142 szeroki, 30-osobowy sk\u0142ad kadry narodowej na lutowe zgrupowanie w Warszawie, kt\u00f3re poprzedzi kolejne mecze kwalifikacji do Mistrzostw \u015awiata 2027. W gronie powo\u0142anych znalaz\u0142o si\u0119 dw\u00f3ch zawodnik\u00f3w ORLEN Zastalu Zielona G\u00f3ra \u2013 Andrzej Mazurczak oraz Jakub Szumert. Zielonog\u00f3rski akcent w kadrze Obecno\u015b\u0107 Andrzeja Mazurczaka i Jakuba Szumerta w szerokim sk\u0142adzie","og:url":"https:\/\/zastalowcy.pl\/?p=936","og:image":"https:\/\/zastalowcy.pl\/wp-content\/uploads\/2025\/09\/cropped-logo-strony-2.png","og:image:secure_url":"https:\/\/zastalowcy.pl\/wp-content\/uploads\/2025\/09\/cropped-logo-strony-2.png","og:image:width":1862,"og:image:height":384,"article:published_time":"2026-01-26T18:03:00+00:00","article:modified_time":"2026-01-28T16:07:26+00:00","twitter:card":"summary_large_image","twitter:title":"Zawodnicy ORLEN Zastalu w szerokim sk\u0142adzie reprezentacji Polski -","twitter:description":"Selekcjoner reprezentacji Polski Igor Mili\u010di\u0107 og\u0142osi\u0142 szeroki, 30-osobowy sk\u0142ad kadry narodowej na lutowe zgrupowanie w Warszawie, kt\u00f3re poprzedzi kolejne mecze kwalifikacji do Mistrzostw \u015awiata 2027. W gronie powo\u0142anych znalaz\u0142o si\u0119 dw\u00f3ch zawodnik\u00f3w ORLEN Zastalu Zielona G\u00f3ra \u2013 Andrzej Mazurczak oraz Jakub Szumert. Zielonog\u00f3rski akcent w kadrze Obecno\u015b\u0107 Andrzeja Mazurczaka i Jakuba Szumerta w szerokim sk\u0142adzie","twitter:image":"https:\/\/zastalowcy.pl\/wp-content\/uploads\/2025\/09\/cropped-logo-strony-2.png"},"aioseo_meta_data":{"post_id":"936","title":null,"description":null,"keywords":null,"keyphrases":null,"primary_term":null,"canonical_url":null,"og_title":null,"og_description":null,"og_object_type":"default","og_image_type":"default","og_image_custom_url":null,"og_image_custom_fields":null,"og_image_url":null,"og_image_width":null,"og_image_height":null,"og_video":null,"og_custom_url":null,"og_article_section":null,"og_article_tags":null,"twitter_use_og":false,"twitter_card":"default","twitter_image_type":"default","twitter_image_custom_url":null,"twitter_image_custom_fields":null,"twitter_image_url":null,"twitter_title":null,"twitter_description":null,"schema_type":"default","schema_type_options":null,"schema":{"blockGraphs":[],"customGraphs":[],"default":{"data":{"Article":[],"Course":[],"Dataset":[],"FAQPage":[],"Movie":[],"Person":[],"Product":[],"ProductReview":[],"Car":[],"Recipe":[],"Service":[],"SoftwareApplication":[],"WebPage":[]},"graphName":"","isEnabled":true},"graphs":[]},"pillar_content":false,"robots_default":true,"robots_noindex":false,"robots_noarchive":false,"robots_nosnippet":false,"robots_nofollow":false,"robots_noimageindex":false,"robots_noodp":false,"robots_notranslate":false,"robots_max_snippet":null,"robots_max_videopreview":null,"robots_max_imagepreview":"large","priority":null,"frequency":null,"local_seo":null,"limit_modified_date":false,"ai":null,"breadcrumb_settings":null,"seo_analyzer_scan_date":null,"created":"2026-07-15 16:54:54","updated":"2026-07-15 16:54:54","focus_keyword":null,"additional_keywords":null,"truseo_locale":null},"aioseo_breadcrumb":"<div class=\"aioseo-breadcrumbs\"><span class=\"aioseo-breadcrumb\">\n\t\t\t<a href=\"https:\/\/zastalowcy.pl\" title=\"Home\">Home<\/a>\n\t\t<\/span><span class=\"aioseo-breadcrumb-separator\">&raquo;<\/span><span class=\"aioseo-breadcrumb\">\n\t\t\t<a href=\"https:\/\/zastalowcy.pl\/?cat=9\" title=\"Sezon 2025\/2026\">Sezon 2025\/2026<\/a>\n\t\t<\/span><span class=\"aioseo-breadcrumb-separator\">&raquo;<\/span><span class=\"aioseo-breadcrumb\">\n\t\t\tZawodnicy ORLEN Zastalu w szerokim sk\u0142adzie reprezentacji Polski\n\t\t<\/span><\/div>","aioseo_breadcrumb_json":[{"label":"Home","link":"https:\/\/zastalowcy.pl"},{"label":"Sezon 2025\/2026","link":"https:\/\/zastalowcy.pl\/?cat=9"},{"label":"Zawodnicy ORLEN Zastalu w szerokim sk\u0142adzie reprezentacji Polski","link":"https:\/\/zastalowcy.pl\/?p=936"}],"_links":{"self":[{"href":"https:\/\/zastalowcy.pl\/index.php?rest_route=\/wp\/v2\/posts\/936","targetHints":{"allow":["GET"]}}],"collection":[{"href":"https:\/\/zastalowcy.pl\/index.php?rest_route=\/wp\/v2\/posts"}],"about":[{"href":"https:\/\/zastalowcy.pl\/index.php?rest_route=\/wp\/v2\/types\/post"}],"author":[{"embeddable":true,"href":"https:\/\/zastalowcy.pl\/index.php?rest_route=\/wp\/v2\/users\/3"}],"replies":[{"embeddable":true,"href":"https:\/\/zastalowcy.pl\/index.php?rest_route=%2Fwp%2Fv2%2Fcomments&post=936"}],"version-history":[{"count":1,"href":"https:\/\/zastalowcy.pl\/index.php?rest_route=\/wp\/v2\/posts\/936\/revisions"}],"predecessor-version":[{"id":938,"href":"https:\/\/zastalowcy.pl\/index.php?rest_route=\/wp\/v2\/posts\/936\/revisions\/938"}],"wp:featuredmedia":[{"embeddable":true,"href":"https:\/\/zastalowcy.pl\/index.php?rest_route=\/wp\/v2\/media\/937"}],"wp:attachment":[{"href":"https:\/\/zastalowcy.pl\/index.php?rest_route=%2Fwp%2Fv2%2Fmedia&parent=936"}],"wp:term":[{"taxonomy":"category","embeddable":true,"href":"https:\/\/zastalowcy.pl\/index.php?rest_route=%2Fwp%2Fv2%2Fcategories&post=936"},{"taxonomy":"post_tag","embeddable":true,"href":"https:\/\/zastalowcy.pl\/index.php?rest_route=%2Fwp%2Fv2%2Ftags&post=936"}],"curies":[{"name":"wp","href":"https:\/\/api.w.org\/{rel}","templated":true}]}}