{"id":96,"date":"2025-06-25T19:23:00","date_gmt":"2025-06-25T17:23:00","guid":{"rendered":"https:\/\/zastalowcy.pl\/?p=96"},"modified":"2025-06-30T10:29:37","modified_gmt":"2025-06-30T08:29:37","slug":"tony-meier-konczy-kariere-byly-zawodnik-zastalu-zegna-sie-z-boiskiem","status":"publish","type":"post","link":"https:\/\/zastalowcy.pl\/?p=96","title":{"rendered":"Tony Meier ko\u0144czy karier\u0119. By\u0142y zawodnik Zastalu \u017cegna si\u0119 z boiskiem"},"content":{"rendered":"\n<p class=\"wp-block-paragraph\"><strong>Tony Meier \u2013 mistrz Polski, zdobywca Superpucharu i jeden z najbardziej cenionych zagranicznych graczy, kt\u00f3rzy wyst\u0119powali w Zielonej G\u00f3rze \u2013 og\u0142osi\u0142 zako\u0144czenie profesjonalnej kariery koszykarskiej. Amerykanin po 12-letniej przygodzie \u017cegna si\u0119 z koszyk\u00f3wk\u0105.<\/strong><\/p>\n\n\n\n<p class=\"wp-block-paragraph\">W poruszaj\u0105cym wpisie opublikowanym w mediach spo\u0142eczno\u015bciowych Tony Meier przyzna\u0142, \u017ce tym razem decyzja o odwieszeniu koszulki jest ju\u017c ostateczna. Po powrocie do Stan\u00f3w Zjednoczonych, przeprowadzce do rodzinnego domu w Wisconsin i oczekiwaniu na narodziny czwartego dziecka, zawodnik deklaruje gotowo\u015b\u0107 na <strong>kolejny etap \u017cycia \u2013 poza boiskiem<\/strong>.<\/p>\n\n\n\n<blockquote class=\"wp-block-quote is-layout-flow wp-block-quote-is-layout-flow\">\n<p class=\"wp-block-paragraph\">\u201eKoszyk\u00f3wka by\u0142a ca\u0142ym moim \u015bwiatem przez wi\u0119kszo\u015b\u0107 \u017cycia. Teraz czas powiedzie\u0107 'dzi\u0119kuj\u0119&#8217; i i\u015b\u0107 dalej\u201d \u2013 napisa\u0142 na Instagramie (@tlmeier21).<\/p>\n<\/blockquote>\n\n\n\n<h3 class=\"wp-block-heading\">Zielona G\u00f3ra \u2013 wa\u017cny przystanek na mapie kariery<\/h3>\n\n\n\n<p class=\"wp-block-paragraph\">Cho\u0107 ostatnie lata sp\u0119dzi\u0142 w barwach Kinga Szczecin, to w\u0142a\u015bnie <strong>Zielona G\u00f3ra by\u0142a jednym z kluczowych przystank\u00f3w w karierze Tony\u2019ego Meiera<\/strong>. W barwach Stelmetu i Enei Zastalu wyst\u0119powa\u0142 w seoznach 2019\u20132021 oraz 2021\/2022. \u0141\u0105cznie reprezentowa\u0142 klub w <strong>Energa Basket Lidze<\/strong>, <strong>Pucharze Polski<\/strong>, <strong>Superpucharze Polski<\/strong> oraz <strong>lidze VTB<\/strong>.<\/p>\n\n\n\n<h3 class=\"wp-block-heading\">Sukcesy w barwach Zastalu:<\/h3>\n\n\n\n<p class=\"wp-block-paragraph\">\ud83c\udfc6 <strong>Mistrzostwo Polski \u2013 sezon 2019\/2020<\/strong><br>\ud83c\udfc6 <strong>Superpuchar Polski \u2013 <strong>sezon <\/strong>2021\/2022<\/strong><\/p>\n\n\n\n<p class=\"wp-block-paragraph\">Jego<strong> najlepszy sezon pod wzgl\u0119dem \u015bredniej punktowej<\/strong> w bia\u0142o-zielonej koszulce to <strong>28,5 pkt\/mecz<\/strong> w rozgrywkach VTB w sezonie 2019\/2020 oraz <strong>14,5 pkt\/mecz<\/strong> w PLK w sezonie 2021\/2022.<\/p>\n\n\n\n<p class=\"wp-block-paragraph\">W sezonie 2019\/2020 by\u0142 <strong>absolutnym liderem punktowym<\/strong> Zastalu zar\u00f3wno w lidze polskiej, jak i w VTB, a jego skuteczno\u015b\u0107 i inteligencja na boisku przek\u0142ada\u0142y si\u0119 bezpo\u015brednio na wyniki zespo\u0142u.<\/p>\n\n\n\n<h3 class=\"wp-block-heading\">Statystyczne wspomnienie<\/h3>\n\n\n\n<p class=\"wp-block-paragraph\">Meier rozegra\u0142 dla Zastalu:<\/p>\n\n\n\n<ul class=\"wp-block-list\">\n<li><strong>33 mecze w PLK w sezonie 2021\/2022<\/strong> (14,5 pkt \/ 6,2 zb \/ 1 as \/ 0,7 prz)<\/li>\n\n\n\n<li><strong>22 mecze w PLK w sezonie 2019\/2020<\/strong> (23,2 pkt \/ 10,6 zb \/ 2,5 as \/ 1,1 prz)<\/li>\n\n\n\n<li>\u0142\u0105cznie <strong>32 mecze w lidze VTB<\/strong> (\u015brednio nawet do <strong>28,5 punktu<\/strong> w jednym sezonie)<\/li>\n<\/ul>\n\n\n\n<p class=\"wp-block-paragraph\">W 2021 roku si\u0119gn\u0105\u0142 po Superpuchar Polski, a jego wk\u0142ad w tamto spotkanie by\u0142 widoczny zar\u00f3wno na tablicy wynik\u00f3w, jak i w samej grze dru\u017cyny.<\/p>\n\n\n\n<h3 class=\"wp-block-heading\">Podzi\u0119kowania od Tony\u2019ego<\/h3>\n\n\n\n<p class=\"wp-block-paragraph\">W swoim wpisie Tony Meier dzi\u0119kuje wszystkim, kt\u00f3rzy towarzyszyli mu w koszykarskiej podr\u00f3\u017cy \u2013 kolegom z zespo\u0142\u00f3w, trenerom, fizjoterapeutom i kibicom. Szczeg\u00f3lne podzi\u0119kowania skierowa\u0142 do Szczecina i Wilk\u00f3w Morskich, gdzie zako\u0144czy\u0142 karier\u0119.<\/p>\n\n\n\n<blockquote class=\"wp-block-quote is-layout-flow wp-block-quote-is-layout-flow\">\n<p class=\"wp-block-paragraph\">\u201eNie mog\u0142o by\u0107 lepszego miejsca dla mojej rodziny przez ostatnie trzy lata. Te wspomnienia zostan\u0105 z nami na zawsze.\u201d<\/p>\n<\/blockquote>\n\n\n\n<h3 class=\"wp-block-heading\">Dzi\u0119kujemy, Tony!<\/h3>\n\n\n\n<p class=\"wp-block-paragraph\"><strong>Zielona G\u00f3ra nie zapomni Twoich tr\u00f3jek, Twojego serca do gry i zaanga\u017cowania, kt\u00f3re wnosi\u0142e\u015b w ka\u017cdy mecz.<\/strong> Dzi\u0119kujemy za wszystkie emocje i sukcesy, kt\u00f3rych by\u0142e\u015b cz\u0119\u015bci\u0105. \u017byczymy powodzenia w nowym rozdziale \u017cycia \u2013 z dala od parkietu, ale (mamy nadziej\u0119) zawsze blisko koszyk\u00f3wki.<\/p>\n\n\n\n<p class=\"wp-block-paragraph\">\ud83c\udfc0 Zastalowcy.pl \u2013 o Zastalu od kibic\u00f3w \u2013 dla kibic\u00f3w<\/p>\n","protected":false},"excerpt":{"rendered":"<p>Tony Meier \u2013 mistrz Polski, zdobywca Superpucharu i jeden z najbardziej cenionych zagranicznych graczy, kt\u00f3rzy wyst\u0119powali w Zielonej<\/p>\n","protected":false},"author":3,"featured_media":97,"comment_status":"open","ping_status":"open","sticky":false,"template":"","format":"standard","meta":{"om_disable_all_campaigns":false,"footnotes":""},"categories":[18],"tags":[17,28,15,13,27,12,14,11,10,16],"class_list":["post-96","post","type-post","status-publish","format-standard","has-post-thumbnail","hentry","category-aktualnosci","tag-basketzg","tag-koniec-kariery","tag-koszykowka","tag-orlen-zastal-zielona-gora","tag-tony-meier","tag-zastal","tag-zastal-zielona-gora","tag-zielona-gora","tag-zielonagora","tag-zielonogorska-koszykowka"],"aioseo_notices":[],"aioseo_head":"\n\t\t<!-- All in One SEO 5.0.0.1 - aioseo.com -->\n\t<meta name=\"description\" content=\"Tony Meier \u2013 mistrz Polski, zdobywca Superpucharu i jeden z najbardziej cenionych zagranicznych graczy, kt\u00f3rzy wyst\u0119powali w Zielonej G\u00f3rze \u2013 og\u0142osi\u0142 zako\u0144czenie profesjonalnej kariery koszykarskiej. Amerykanin po 12-letniej przygodzie \u017cegna si\u0119 z koszyk\u00f3wk\u0105. W poruszaj\u0105cym wpisie opublikowanym w mediach spo\u0142eczno\u015bciowych Tony Meier przyzna\u0142, \u017ce tym razem decyzja o odwieszeniu koszulki jest ju\u017c ostateczna. Po powrocie\" \/>\n\t<meta name=\"robots\" content=\"max-image-preview:large\" \/>\n\t<meta name=\"author\" content=\"Joanna Nawlicka\"\/>\n\t<link rel=\"canonical\" href=\"https:\/\/zastalowcy.pl\/?p=96\" \/>\n\t<meta name=\"generator\" content=\"All in One SEO (AIOSEO) 5.0.0.1\" \/>\n\t\t<meta property=\"og:locale\" content=\"pl_PL\" \/>\n\t\t<meta property=\"og:site_name\" content=\"- O Zastalu od kibic\u00f3w \u2013 dla kibic\u00f3w\" \/>\n\t\t<meta property=\"og:type\" content=\"article\" \/>\n\t\t<meta property=\"og:title\" content=\"Tony Meier ko\u0144czy karier\u0119. By\u0142y zawodnik Zastalu \u017cegna si\u0119 z boiskiem -\" \/>\n\t\t<meta property=\"og:description\" content=\"Tony Meier \u2013 mistrz Polski, zdobywca Superpucharu i jeden z najbardziej cenionych zagranicznych graczy, kt\u00f3rzy wyst\u0119powali w Zielonej G\u00f3rze \u2013 og\u0142osi\u0142 zako\u0144czenie profesjonalnej kariery koszykarskiej. Amerykanin po 12-letniej przygodzie \u017cegna si\u0119 z koszyk\u00f3wk\u0105. W poruszaj\u0105cym wpisie opublikowanym w mediach spo\u0142eczno\u015bciowych Tony Meier przyzna\u0142, \u017ce tym razem decyzja o odwieszeniu koszulki jest ju\u017c ostateczna. Po powrocie\" \/>\n\t\t<meta property=\"og:url\" content=\"https:\/\/zastalowcy.pl\/?p=96\" \/>\n\t\t<meta property=\"og:image\" content=\"https:\/\/zastalowcy.pl\/wp-content\/uploads\/2025\/09\/cropped-logo-strony-2.png\" \/>\n\t\t<meta property=\"og:image:secure_url\" content=\"https:\/\/zastalowcy.pl\/wp-content\/uploads\/2025\/09\/cropped-logo-strony-2.png\" \/>\n\t\t<meta property=\"og:image:width\" content=\"1862\" \/>\n\t\t<meta property=\"og:image:height\" content=\"384\" \/>\n\t\t<meta property=\"article:published_time\" content=\"2025-06-25T17:23:00+00:00\" \/>\n\t\t<meta property=\"article:modified_time\" content=\"2025-06-30T08:29:37+00:00\" \/>\n\t\t<meta name=\"twitter:card\" content=\"summary_large_image\" \/>\n\t\t<meta name=\"twitter:title\" content=\"Tony Meier ko\u0144czy karier\u0119. By\u0142y zawodnik Zastalu \u017cegna si\u0119 z boiskiem -\" \/>\n\t\t<meta name=\"twitter:description\" content=\"Tony Meier \u2013 mistrz Polski, zdobywca Superpucharu i jeden z najbardziej cenionych zagranicznych graczy, kt\u00f3rzy wyst\u0119powali w Zielonej G\u00f3rze \u2013 og\u0142osi\u0142 zako\u0144czenie profesjonalnej kariery koszykarskiej. Amerykanin po 12-letniej przygodzie \u017cegna si\u0119 z koszyk\u00f3wk\u0105. W poruszaj\u0105cym wpisie opublikowanym w mediach spo\u0142eczno\u015bciowych Tony Meier przyzna\u0142, \u017ce tym razem decyzja o odwieszeniu koszulki jest ju\u017c ostateczna. Po powrocie\" \/>\n\t\t<meta name=\"twitter:image\" content=\"https:\/\/zastalowcy.pl\/wp-content\/uploads\/2025\/09\/cropped-logo-strony-2.png\" \/>\n\t\t<script type=\"application\/ld+json\" class=\"aioseo-schema\">\n\t\t\t{\"@context\":\"https:\\\/\\\/schema.org\",\"@graph\":[{\"@type\":\"BlogPosting\",\"@id\":\"https:\\\/\\\/zastalowcy.pl\\\/?p=96#blogposting\",\"name\":\"Tony Meier ko\\u0144czy karier\\u0119. By\\u0142y zawodnik Zastalu \\u017cegna si\\u0119 z boiskiem -\",\"headline\":\"Tony Meier ko\\u0144czy karier\\u0119. By\\u0142y zawodnik Zastalu \\u017cegna si\\u0119 z boiskiem\",\"author\":{\"@id\":\"https:\\\/\\\/zastalowcy.pl\\\/?author=3#author\"},\"publisher\":{\"@id\":\"https:\\\/\\\/zastalowcy.pl\\\/#organization\"},\"image\":{\"@type\":\"ImageObject\",\"url\":\"https:\\\/\\\/zastalowcy.pl\\\/wp-content\\\/uploads\\\/2025\\\/06\\\/profilowe-6.png\",\"width\":2048,\"height\":2048,\"caption\":\"Do grafiki wykorzystano zdj\\u0119cie z instagrama @tlmeier21.\"},\"datePublished\":\"2025-06-25T19:23:00+02:00\",\"dateModified\":\"2025-06-30T10:29:37+02:00\",\"inLanguage\":\"pl-PL\",\"mainEntityOfPage\":{\"@id\":\"https:\\\/\\\/zastalowcy.pl\\\/?p=96#webpage\"},\"isPartOf\":{\"@id\":\"https:\\\/\\\/zastalowcy.pl\\\/?p=96#webpage\"},\"articleSection\":\"Aktualno\\u015bci, basketzg, koniec kariery, koszyk\\u00f3wka, orlen zastal zielona g\\u00f3ra, tony meier, zastal, zastal zielona g\\u00f3ra, zielona g\\u00f3ra, zielonagora, zielonog\\u00f3rska koszyk\\u00f3wka\"},{\"@type\":\"BreadcrumbList\",\"@id\":\"https:\\\/\\\/zastalowcy.pl\\\/?p=96#breadcrumblist\",\"itemListElement\":[{\"@type\":\"ListItem\",\"@id\":\"https:\\\/\\\/zastalowcy.pl#listItem\",\"position\":1,\"name\":\"Home\",\"item\":\"https:\\\/\\\/zastalowcy.pl\",\"nextItem\":{\"@type\":\"ListItem\",\"@id\":\"https:\\\/\\\/zastalowcy.pl\\\/?cat=18#listItem\",\"name\":\"Aktualno\\u015bci\"}},{\"@type\":\"ListItem\",\"@id\":\"https:\\\/\\\/zastalowcy.pl\\\/?cat=18#listItem\",\"position\":2,\"name\":\"Aktualno\\u015bci\",\"item\":\"https:\\\/\\\/zastalowcy.pl\\\/?cat=18\",\"nextItem\":{\"@type\":\"ListItem\",\"@id\":\"https:\\\/\\\/zastalowcy.pl\\\/?p=96#listItem\",\"name\":\"Tony Meier ko\\u0144czy karier\\u0119. By\\u0142y zawodnik Zastalu \\u017cegna si\\u0119 z boiskiem\"},\"previousItem\":{\"@type\":\"ListItem\",\"@id\":\"https:\\\/\\\/zastalowcy.pl#listItem\",\"name\":\"Home\"}},{\"@type\":\"ListItem\",\"@id\":\"https:\\\/\\\/zastalowcy.pl\\\/?p=96#listItem\",\"position\":3,\"name\":\"Tony Meier ko\\u0144czy karier\\u0119. By\\u0142y zawodnik Zastalu \\u017cegna si\\u0119 z boiskiem\",\"previousItem\":{\"@type\":\"ListItem\",\"@id\":\"https:\\\/\\\/zastalowcy.pl\\\/?cat=18#listItem\",\"name\":\"Aktualno\\u015bci\"}}]},{\"@type\":\"Organization\",\"@id\":\"https:\\\/\\\/zastalowcy.pl\\\/#organization\",\"description\":\"O Zastalu od kibic\\u00f3w \\u2013 dla kibic\\u00f3w\",\"url\":\"https:\\\/\\\/zastalowcy.pl\\\/\",\"logo\":{\"@type\":\"ImageObject\",\"url\":\"https:\\\/\\\/zastalowcy.pl\\\/wp-content\\\/uploads\\\/2025\\\/09\\\/cropped-logo-strony-2.png\",\"@id\":\"https:\\\/\\\/zastalowcy.pl\\\/?p=96\\\/#organizationLogo\",\"width\":1862,\"height\":384},\"image\":{\"@id\":\"https:\\\/\\\/zastalowcy.pl\\\/?p=96\\\/#organizationLogo\"}},{\"@type\":\"Person\",\"@id\":\"https:\\\/\\\/zastalowcy.pl\\\/?author=3#author\",\"url\":\"https:\\\/\\\/zastalowcy.pl\\\/?author=3\",\"name\":\"Joanna Nawlicka\",\"image\":{\"@type\":\"ImageObject\",\"@id\":\"https:\\\/\\\/zastalowcy.pl\\\/?p=96#authorImage\",\"url\":\"https:\\\/\\\/secure.gravatar.com\\\/avatar\\\/66fc557d97536ff5096b6295970275631b7a4673997738477642001957f5274c?s=96&d=mm&r=g\",\"width\":96,\"height\":96,\"caption\":\"Joanna Nawlicka\"}},{\"@type\":\"WebPage\",\"@id\":\"https:\\\/\\\/zastalowcy.pl\\\/?p=96#webpage\",\"url\":\"https:\\\/\\\/zastalowcy.pl\\\/?p=96\",\"name\":\"Tony Meier ko\\u0144czy karier\\u0119. By\\u0142y zawodnik Zastalu \\u017cegna si\\u0119 z boiskiem -\",\"description\":\"Tony Meier \\u2013 mistrz Polski, zdobywca Superpucharu i jeden z najbardziej cenionych zagranicznych graczy, kt\\u00f3rzy wyst\\u0119powali w Zielonej G\\u00f3rze \\u2013 og\\u0142osi\\u0142 zako\\u0144czenie profesjonalnej kariery koszykarskiej. Amerykanin po 12-letniej przygodzie \\u017cegna si\\u0119 z koszyk\\u00f3wk\\u0105. W poruszaj\\u0105cym wpisie opublikowanym w mediach spo\\u0142eczno\\u015bciowych Tony Meier przyzna\\u0142, \\u017ce tym razem decyzja o odwieszeniu koszulki jest ju\\u017c ostateczna. Po powrocie\",\"inLanguage\":\"pl-PL\",\"isPartOf\":{\"@id\":\"https:\\\/\\\/zastalowcy.pl\\\/#website\"},\"breadcrumb\":{\"@id\":\"https:\\\/\\\/zastalowcy.pl\\\/?p=96#breadcrumblist\"},\"author\":{\"@id\":\"https:\\\/\\\/zastalowcy.pl\\\/?author=3#author\"},\"creator\":{\"@id\":\"https:\\\/\\\/zastalowcy.pl\\\/?author=3#author\"},\"image\":{\"@type\":\"ImageObject\",\"url\":\"https:\\\/\\\/zastalowcy.pl\\\/wp-content\\\/uploads\\\/2025\\\/06\\\/profilowe-6.png\",\"@id\":\"https:\\\/\\\/zastalowcy.pl\\\/?p=96\\\/#mainImage\",\"width\":2048,\"height\":2048,\"caption\":\"Do grafiki wykorzystano zdj\\u0119cie z instagrama @tlmeier21.\"},\"primaryImageOfPage\":{\"@id\":\"https:\\\/\\\/zastalowcy.pl\\\/?p=96#mainImage\"},\"datePublished\":\"2025-06-25T19:23:00+02:00\",\"dateModified\":\"2025-06-30T10:29:37+02:00\"},{\"@type\":\"WebSite\",\"@id\":\"https:\\\/\\\/zastalowcy.pl\\\/#website\",\"url\":\"https:\\\/\\\/zastalowcy.pl\\\/\",\"description\":\"O Zastalu od kibic\\u00f3w \\u2013 dla kibic\\u00f3w\",\"inLanguage\":\"pl-PL\",\"publisher\":{\"@id\":\"https:\\\/\\\/zastalowcy.pl\\\/#organization\"}}]}\n\t\t<\/script>\n\t\t<!-- All in One SEO -->\n\n","aioseo_head_json":{"title":"Tony Meier ko\u0144czy karier\u0119. By\u0142y zawodnik Zastalu \u017cegna si\u0119 z boiskiem -","description":"Tony Meier \u2013 mistrz Polski, zdobywca Superpucharu i jeden z najbardziej cenionych zagranicznych graczy, kt\u00f3rzy wyst\u0119powali w Zielonej G\u00f3rze \u2013 og\u0142osi\u0142 zako\u0144czenie profesjonalnej kariery koszykarskiej. Amerykanin po 12-letniej przygodzie \u017cegna si\u0119 z koszyk\u00f3wk\u0105. W poruszaj\u0105cym wpisie opublikowanym w mediach spo\u0142eczno\u015bciowych Tony Meier przyzna\u0142, \u017ce tym razem decyzja o odwieszeniu koszulki jest ju\u017c ostateczna. Po powrocie","canonical_url":"https:\/\/zastalowcy.pl\/?p=96","robots":"max-image-preview:large","keywords":"","webmasterTools":{"miscellaneous":""},"schema":{"@context":"https:\/\/schema.org","@graph":[{"@type":"BlogPosting","@id":"https:\/\/zastalowcy.pl\/?p=96#blogposting","name":"Tony Meier ko\u0144czy karier\u0119. By\u0142y zawodnik Zastalu \u017cegna si\u0119 z boiskiem -","headline":"Tony Meier ko\u0144czy karier\u0119. By\u0142y zawodnik Zastalu \u017cegna si\u0119 z boiskiem","author":{"@id":"https:\/\/zastalowcy.pl\/?author=3#author"},"publisher":{"@id":"https:\/\/zastalowcy.pl\/#organization"},"image":{"@type":"ImageObject","url":"https:\/\/zastalowcy.pl\/wp-content\/uploads\/2025\/06\/profilowe-6.png","width":2048,"height":2048,"caption":"Do grafiki wykorzystano zdj\u0119cie z instagrama @tlmeier21."},"datePublished":"2025-06-25T19:23:00+02:00","dateModified":"2025-06-30T10:29:37+02:00","inLanguage":"pl-PL","mainEntityOfPage":{"@id":"https:\/\/zastalowcy.pl\/?p=96#webpage"},"isPartOf":{"@id":"https:\/\/zastalowcy.pl\/?p=96#webpage"},"articleSection":"Aktualno\u015bci, basketzg, koniec kariery, koszyk\u00f3wka, orlen zastal zielona g\u00f3ra, tony meier, zastal, zastal zielona g\u00f3ra, zielona g\u00f3ra, zielonagora, zielonog\u00f3rska koszyk\u00f3wka"},{"@type":"BreadcrumbList","@id":"https:\/\/zastalowcy.pl\/?p=96#breadcrumblist","itemListElement":[{"@type":"ListItem","@id":"https:\/\/zastalowcy.pl#listItem","position":1,"name":"Home","item":"https:\/\/zastalowcy.pl","nextItem":{"@type":"ListItem","@id":"https:\/\/zastalowcy.pl\/?cat=18#listItem","name":"Aktualno\u015bci"}},{"@type":"ListItem","@id":"https:\/\/zastalowcy.pl\/?cat=18#listItem","position":2,"name":"Aktualno\u015bci","item":"https:\/\/zastalowcy.pl\/?cat=18","nextItem":{"@type":"ListItem","@id":"https:\/\/zastalowcy.pl\/?p=96#listItem","name":"Tony Meier ko\u0144czy karier\u0119. By\u0142y zawodnik Zastalu \u017cegna si\u0119 z boiskiem"},"previousItem":{"@type":"ListItem","@id":"https:\/\/zastalowcy.pl#listItem","name":"Home"}},{"@type":"ListItem","@id":"https:\/\/zastalowcy.pl\/?p=96#listItem","position":3,"name":"Tony Meier ko\u0144czy karier\u0119. By\u0142y zawodnik Zastalu \u017cegna si\u0119 z boiskiem","previousItem":{"@type":"ListItem","@id":"https:\/\/zastalowcy.pl\/?cat=18#listItem","name":"Aktualno\u015bci"}}]},{"@type":"Organization","@id":"https:\/\/zastalowcy.pl\/#organization","description":"O Zastalu od kibic\u00f3w \u2013 dla kibic\u00f3w","url":"https:\/\/zastalowcy.pl\/","logo":{"@type":"ImageObject","url":"https:\/\/zastalowcy.pl\/wp-content\/uploads\/2025\/09\/cropped-logo-strony-2.png","@id":"https:\/\/zastalowcy.pl\/?p=96\/#organizationLogo","width":1862,"height":384},"image":{"@id":"https:\/\/zastalowcy.pl\/?p=96\/#organizationLogo"}},{"@type":"Person","@id":"https:\/\/zastalowcy.pl\/?author=3#author","url":"https:\/\/zastalowcy.pl\/?author=3","name":"Joanna Nawlicka","image":{"@type":"ImageObject","@id":"https:\/\/zastalowcy.pl\/?p=96#authorImage","url":"https:\/\/secure.gravatar.com\/avatar\/66fc557d97536ff5096b6295970275631b7a4673997738477642001957f5274c?s=96&d=mm&r=g","width":96,"height":96,"caption":"Joanna Nawlicka"}},{"@type":"WebPage","@id":"https:\/\/zastalowcy.pl\/?p=96#webpage","url":"https:\/\/zastalowcy.pl\/?p=96","name":"Tony Meier ko\u0144czy karier\u0119. By\u0142y zawodnik Zastalu \u017cegna si\u0119 z boiskiem -","description":"Tony Meier \u2013 mistrz Polski, zdobywca Superpucharu i jeden z najbardziej cenionych zagranicznych graczy, kt\u00f3rzy wyst\u0119powali w Zielonej G\u00f3rze \u2013 og\u0142osi\u0142 zako\u0144czenie profesjonalnej kariery koszykarskiej. Amerykanin po 12-letniej przygodzie \u017cegna si\u0119 z koszyk\u00f3wk\u0105. W poruszaj\u0105cym wpisie opublikowanym w mediach spo\u0142eczno\u015bciowych Tony Meier przyzna\u0142, \u017ce tym razem decyzja o odwieszeniu koszulki jest ju\u017c ostateczna. Po powrocie","inLanguage":"pl-PL","isPartOf":{"@id":"https:\/\/zastalowcy.pl\/#website"},"breadcrumb":{"@id":"https:\/\/zastalowcy.pl\/?p=96#breadcrumblist"},"author":{"@id":"https:\/\/zastalowcy.pl\/?author=3#author"},"creator":{"@id":"https:\/\/zastalowcy.pl\/?author=3#author"},"image":{"@type":"ImageObject","url":"https:\/\/zastalowcy.pl\/wp-content\/uploads\/2025\/06\/profilowe-6.png","@id":"https:\/\/zastalowcy.pl\/?p=96\/#mainImage","width":2048,"height":2048,"caption":"Do grafiki wykorzystano zdj\u0119cie z instagrama @tlmeier21."},"primaryImageOfPage":{"@id":"https:\/\/zastalowcy.pl\/?p=96#mainImage"},"datePublished":"2025-06-25T19:23:00+02:00","dateModified":"2025-06-30T10:29:37+02:00"},{"@type":"WebSite","@id":"https:\/\/zastalowcy.pl\/#website","url":"https:\/\/zastalowcy.pl\/","description":"O Zastalu od kibic\u00f3w \u2013 dla kibic\u00f3w","inLanguage":"pl-PL","publisher":{"@id":"https:\/\/zastalowcy.pl\/#organization"}}]},"og:locale":"pl_PL","og:site_name":"- O Zastalu od kibic\u00f3w \u2013 dla kibic\u00f3w","og:type":"article","og:title":"Tony Meier ko\u0144czy karier\u0119. By\u0142y zawodnik Zastalu \u017cegna si\u0119 z boiskiem -","og:description":"Tony Meier \u2013 mistrz Polski, zdobywca Superpucharu i jeden z najbardziej cenionych zagranicznych graczy, kt\u00f3rzy wyst\u0119powali w Zielonej G\u00f3rze \u2013 og\u0142osi\u0142 zako\u0144czenie profesjonalnej kariery koszykarskiej. Amerykanin po 12-letniej przygodzie \u017cegna si\u0119 z koszyk\u00f3wk\u0105. W poruszaj\u0105cym wpisie opublikowanym w mediach spo\u0142eczno\u015bciowych Tony Meier przyzna\u0142, \u017ce tym razem decyzja o odwieszeniu koszulki jest ju\u017c ostateczna. Po powrocie","og:url":"https:\/\/zastalowcy.pl\/?p=96","og:image":"https:\/\/zastalowcy.pl\/wp-content\/uploads\/2025\/09\/cropped-logo-strony-2.png","og:image:secure_url":"https:\/\/zastalowcy.pl\/wp-content\/uploads\/2025\/09\/cropped-logo-strony-2.png","og:image:width":1862,"og:image:height":384,"article:published_time":"2025-06-25T17:23:00+00:00","article:modified_time":"2025-06-30T08:29:37+00:00","twitter:card":"summary_large_image","twitter:title":"Tony Meier ko\u0144czy karier\u0119. By\u0142y zawodnik Zastalu \u017cegna si\u0119 z boiskiem -","twitter:description":"Tony Meier \u2013 mistrz Polski, zdobywca Superpucharu i jeden z najbardziej cenionych zagranicznych graczy, kt\u00f3rzy wyst\u0119powali w Zielonej G\u00f3rze \u2013 og\u0142osi\u0142 zako\u0144czenie profesjonalnej kariery koszykarskiej. Amerykanin po 12-letniej przygodzie \u017cegna si\u0119 z koszyk\u00f3wk\u0105. W poruszaj\u0105cym wpisie opublikowanym w mediach spo\u0142eczno\u015bciowych Tony Meier przyzna\u0142, \u017ce tym razem decyzja o odwieszeniu koszulki jest ju\u017c ostateczna. Po powrocie","twitter:image":"https:\/\/zastalowcy.pl\/wp-content\/uploads\/2025\/09\/cropped-logo-strony-2.png"},"aioseo_meta_data":{"post_id":"96","title":null,"description":null,"keywords":null,"keyphrases":null,"primary_term":null,"canonical_url":null,"og_title":null,"og_description":null,"og_object_type":"default","og_image_type":"default","og_image_custom_url":null,"og_image_custom_fields":null,"og_image_url":null,"og_image_width":null,"og_image_height":null,"og_video":null,"og_custom_url":null,"og_article_section":null,"og_article_tags":null,"twitter_use_og":false,"twitter_card":"default","twitter_image_type":"default","twitter_image_custom_url":null,"twitter_image_custom_fields":null,"twitter_image_url":null,"twitter_title":null,"twitter_description":null,"schema_type":"default","schema_type_options":null,"schema":{"blockGraphs":[],"customGraphs":[],"default":{"data":{"Article":[],"Course":[],"Dataset":[],"FAQPage":[],"Movie":[],"Person":[],"Product":[],"ProductReview":[],"Car":[],"Recipe":[],"Service":[],"SoftwareApplication":[],"WebPage":[]},"graphName":"","isEnabled":true},"graphs":[]},"pillar_content":false,"robots_default":true,"robots_noindex":false,"robots_noarchive":false,"robots_nosnippet":false,"robots_nofollow":false,"robots_noimageindex":false,"robots_noodp":false,"robots_notranslate":false,"robots_max_snippet":null,"robots_max_videopreview":null,"robots_max_imagepreview":"large","priority":null,"frequency":null,"local_seo":null,"limit_modified_date":false,"ai":null,"breadcrumb_settings":null,"seo_analyzer_scan_date":null,"created":"2026-07-15 16:34:29","updated":"2026-07-15 16:34:29","focus_keyword":null,"additional_keywords":null,"truseo_locale":null},"aioseo_breadcrumb":"<div class=\"aioseo-breadcrumbs\"><span class=\"aioseo-breadcrumb\">\n\t\t\t<a href=\"https:\/\/zastalowcy.pl\" title=\"Home\">Home<\/a>\n\t\t<\/span><span class=\"aioseo-breadcrumb-separator\">&raquo;<\/span><span class=\"aioseo-breadcrumb\">\n\t\t\t<a href=\"https:\/\/zastalowcy.pl\/?cat=18\" title=\"Aktualno\u015bci\">Aktualno\u015bci<\/a>\n\t\t<\/span><span class=\"aioseo-breadcrumb-separator\">&raquo;<\/span><span class=\"aioseo-breadcrumb\">\n\t\t\tTony Meier ko\u0144czy karier\u0119. By\u0142y zawodnik Zastalu \u017cegna si\u0119 z boiskiem\n\t\t<\/span><\/div>","aioseo_breadcrumb_json":[{"label":"Home","link":"https:\/\/zastalowcy.pl"},{"label":"Aktualno\u015bci","link":"https:\/\/zastalowcy.pl\/?cat=18"},{"label":"Tony Meier ko\u0144czy karier\u0119. By\u0142y zawodnik Zastalu \u017cegna si\u0119 z boiskiem","link":"https:\/\/zastalowcy.pl\/?p=96"}],"_links":{"self":[{"href":"https:\/\/zastalowcy.pl\/index.php?rest_route=\/wp\/v2\/posts\/96","targetHints":{"allow":["GET"]}}],"collection":[{"href":"https:\/\/zastalowcy.pl\/index.php?rest_route=\/wp\/v2\/posts"}],"about":[{"href":"https:\/\/zastalowcy.pl\/index.php?rest_route=\/wp\/v2\/types\/post"}],"author":[{"embeddable":true,"href":"https:\/\/zastalowcy.pl\/index.php?rest_route=\/wp\/v2\/users\/3"}],"replies":[{"embeddable":true,"href":"https:\/\/zastalowcy.pl\/index.php?rest_route=%2Fwp%2Fv2%2Fcomments&post=96"}],"version-history":[{"count":2,"href":"https:\/\/zastalowcy.pl\/index.php?rest_route=\/wp\/v2\/posts\/96\/revisions"}],"predecessor-version":[{"id":109,"href":"https:\/\/zastalowcy.pl\/index.php?rest_route=\/wp\/v2\/posts\/96\/revisions\/109"}],"wp:featuredmedia":[{"embeddable":true,"href":"https:\/\/zastalowcy.pl\/index.php?rest_route=\/wp\/v2\/media\/97"}],"wp:attachment":[{"href":"https:\/\/zastalowcy.pl\/index.php?rest_route=%2Fwp%2Fv2%2Fmedia&parent=96"}],"wp:term":[{"taxonomy":"category","embeddable":true,"href":"https:\/\/zastalowcy.pl\/index.php?rest_route=%2Fwp%2Fv2%2Fcategories&post=96"},{"taxonomy":"post_tag","embeddable":true,"href":"https:\/\/zastalowcy.pl\/index.php?rest_route=%2Fwp%2Fv2%2Ftags&post=96"}],"curies":[{"name":"wp","href":"https:\/\/api.w.org\/{rel}","templated":true}]}}