{"id":965,"date":"2026-02-04T17:45:27","date_gmt":"2026-02-04T16:45:27","guid":{"rendered":"https:\/\/zastalowcy.pl\/?p=965"},"modified":"2026-02-04T17:45:27","modified_gmt":"2026-02-04T16:45:27","slug":"czy-zobaczymy-andyego-mazurczaka-w-meczu-z-arka-gdynia","status":"publish","type":"post","link":"https:\/\/zastalowcy.pl\/?p=965","title":{"rendered":"Czy zobaczymy Andy&#8217;ego Mazurczaka w meczu z Ark\u0105 Gdynia?"},"content":{"rendered":"\n<p class=\"wp-block-paragraph\">ORLEN Zastal Zielona G\u00f3ra b\u0119dzie musia\u0142 radzi\u0107 sobie bez Andrzeja Mazurczaka tak\u017ce w najbli\u017cszym spotkaniu ligowym. Klub zdecydowa\u0142, \u017ce podstawowy rozgrywaj\u0105cy zespo\u0142u nie pojedzie na czwartkowy (5 lutego 2026 roku) mecz wyjazdowy z AMW Ark\u0105 Gdynia, pozostaj\u0105c w Zielonej G\u00f3rze.<\/p>\n\n\n\n<p class=\"wp-block-paragraph\">Powodem absencji s\u0105 problemy zdrowotne zawodnika, kt\u00f3re da\u0142y o sobie zna\u0107 ju\u017c przed ostatnim spotkaniem ligowym. Jak poinformowa\u0142 po meczu trener Arkadiusz Mi\u0142oszewski, decyzja o nieobecno\u015bci Mazurczaka w meczu z Tauron GTK Gliwice by\u0142a podejmowana niemal do ostatniej chwili. \u2013 Dmuchamy na zimne. To jest jaki\u015b ma\u0142y skurcz w plecach. Wczoraj by\u0142o du\u017co lepiej, ale w trakcie dnia Andrzej m\u00f3wi\u0142, \u017ce dolegliwo\u015bci wracaj\u0105. Decyzj\u0119 podejmowali\u015bmy do samego ko\u0144ca \u2013 t\u0142umaczy\u0142 szkoleniowiec Zastalu.<\/p>\n\n\n\n<p class=\"wp-block-paragraph\">Ostatecznie uznano, \u017ce wyst\u0119p rozgrywaj\u0105cego m\u00f3g\u0142by przynie\u015b\u0107 wi\u0119cej szkody ni\u017c po\u017cytku \u2013 zar\u00f3wno dla samego zawodnika, jak i dla zespo\u0142u. \u2013 Jak ju\u017c podj\u0119li\u015bmy tak\u0105 decyzj\u0119, to uznali\u015bmy, \u017ce wej\u015bcie Andrzeja mog\u0142oby by\u0107 krzywd\u0105 dla niego i dla dru\u017cyny. Musia\u0142 odpocz\u0105\u0107 \u2013 doda\u0142 Mi\u0142oszewski.<\/p>\n\n\n\n<p class=\"wp-block-paragraph\">Podobne podej\u015bcie zastosowano przed wyjazdem do Gdyni. Sztab szkoleniowy zdecydowa\u0142, \u017ce Mazurczak zostanie w Zielonej G\u00f3rze, gdzie b\u0119dzie kontynuowa\u0142 leczenie i rehabilitacj\u0119, zamiast ryzykowa\u0107 pog\u0142\u0119bienie urazu podczas wymagaj\u0105cego meczu ligowego.<\/p>\n\n\n\n<p class=\"wp-block-paragraph\">Nieobecno\u015b\u0107 lidera rozegrania wymusza na Zastalu kolejne roszady w rotacji. Ju\u017c w spotkaniu z GTK wi\u0119ksz\u0105 odpowiedzialno\u015b\u0107 za prowadzenie gry wzi\u0119li na siebie pozostali obwodowi, a trener Mi\u0142oszewski podkre\u015bla\u0142 konieczno\u015b\u0107 dzielenia si\u0119 pi\u0142k\u0105 i wsp\u00f3lnego reagowania na agresywn\u0105 defensyw\u0119 rywali. \u2013 Prosi\u0142em, \u017ceby kilku zawodnik\u00f3w wi\u0119cej gra\u0142o na pi\u0142ce, \u017ceby si\u0119 od tego nie ukrywa\u0107. Zesp\u00f3\u0142 z Gliwic szybko si\u0119 zorientowa\u0142, \u017ce mamy jednego nominalnego rozgrywaj\u0105cego i zacz\u0119li mocno naciska\u0107 \u2013 m\u00f3wi\u0142 po meczu z GTK.<\/p>\n\n\n\n<p class=\"wp-block-paragraph\">\ud83c\udfc0 Zastalowcy.pl \u2013 o Zastalu od kibic\u00f3w \u2013 dla kibic\u00f3w<\/p>\n","protected":false},"excerpt":{"rendered":"<p>ORLEN Zastal Zielona G\u00f3ra b\u0119dzie musia\u0142 radzi\u0107 sobie bez Andrzeja Mazurczaka tak\u017ce w najbli\u017cszym spotkaniu ligowym. Klub zdecydowa\u0142,<\/p>\n","protected":false},"author":3,"featured_media":966,"comment_status":"open","ping_status":"open","sticky":false,"template":"","format":"standard","meta":{"om_disable_all_campaigns":false,"footnotes":""},"categories":[18,9],"tags":[126,125,140,17,295,26,15,22,66,13,129,12,14,42,11,10,16],"class_list":["post-965","post","type-post","status-publish","format-standard","has-post-thumbnail","hentry","category-aktualnosci","category-sezon-2025-2026","tag-andrzej-mazurczak","tag-andy-mazurczak","tag-arka-gdynia","tag-basketzg","tag-czy-mazurczak-zagra","tag-druzyna","tag-koszykowka","tag-mazurczak","tag-orlen-basket-liga","tag-orlen-zastal-zielona-gora","tag-plkpl","tag-zastal","tag-zastal-zielona-gora","tag-zastalowcy","tag-zielona-gora","tag-zielonagora","tag-zielonogorska-koszykowka"],"aioseo_notices":[],"aioseo_head":"\n\t\t<!-- All in One SEO 5.0.0.1 - aioseo.com -->\n\t<meta name=\"description\" content=\"ORLEN Zastal Zielona G\u00f3ra b\u0119dzie musia\u0142 radzi\u0107 sobie bez Andrzeja Mazurczaka tak\u017ce w najbli\u017cszym spotkaniu ligowym. Klub zdecydowa\u0142, \u017ce podstawowy rozgrywaj\u0105cy zespo\u0142u nie pojedzie na czwartkowy (5 lutego 2026 roku) mecz wyjazdowy z AMW Ark\u0105 Gdynia, pozostaj\u0105c w Zielonej G\u00f3rze. Powodem absencji s\u0105 problemy zdrowotne zawodnika, kt\u00f3re da\u0142y o sobie zna\u0107 ju\u017c przed ostatnim spotkaniem\" \/>\n\t<meta name=\"robots\" content=\"max-image-preview:large\" \/>\n\t<meta name=\"author\" content=\"Joanna Nawlicka\"\/>\n\t<link rel=\"canonical\" href=\"https:\/\/zastalowcy.pl\/?p=965\" \/>\n\t<meta name=\"generator\" content=\"All in One SEO (AIOSEO) 5.0.0.1\" \/>\n\t\t<meta property=\"og:locale\" content=\"pl_PL\" \/>\n\t\t<meta property=\"og:site_name\" content=\"- O Zastalu od kibic\u00f3w \u2013 dla kibic\u00f3w\" \/>\n\t\t<meta property=\"og:type\" content=\"article\" \/>\n\t\t<meta property=\"og:title\" content=\"Czy zobaczymy Andy\u2019ego Mazurczaka w meczu z Ark\u0105 Gdynia? -\" \/>\n\t\t<meta property=\"og:description\" content=\"ORLEN Zastal Zielona G\u00f3ra b\u0119dzie musia\u0142 radzi\u0107 sobie bez Andrzeja Mazurczaka tak\u017ce w najbli\u017cszym spotkaniu ligowym. Klub zdecydowa\u0142, \u017ce podstawowy rozgrywaj\u0105cy zespo\u0142u nie pojedzie na czwartkowy (5 lutego 2026 roku) mecz wyjazdowy z AMW Ark\u0105 Gdynia, pozostaj\u0105c w Zielonej G\u00f3rze. Powodem absencji s\u0105 problemy zdrowotne zawodnika, kt\u00f3re da\u0142y o sobie zna\u0107 ju\u017c przed ostatnim spotkaniem\" \/>\n\t\t<meta property=\"og:url\" content=\"https:\/\/zastalowcy.pl\/?p=965\" \/>\n\t\t<meta property=\"og:image\" content=\"https:\/\/zastalowcy.pl\/wp-content\/uploads\/2025\/09\/cropped-logo-strony-2.png\" \/>\n\t\t<meta property=\"og:image:secure_url\" content=\"https:\/\/zastalowcy.pl\/wp-content\/uploads\/2025\/09\/cropped-logo-strony-2.png\" \/>\n\t\t<meta property=\"og:image:width\" content=\"1862\" \/>\n\t\t<meta property=\"og:image:height\" content=\"384\" \/>\n\t\t<meta property=\"article:published_time\" content=\"2026-02-04T16:45:27+00:00\" \/>\n\t\t<meta property=\"article:modified_time\" content=\"2026-02-04T16:45:27+00:00\" \/>\n\t\t<meta name=\"twitter:card\" content=\"summary_large_image\" \/>\n\t\t<meta name=\"twitter:title\" content=\"Czy zobaczymy Andy\u2019ego Mazurczaka w meczu z Ark\u0105 Gdynia? -\" \/>\n\t\t<meta name=\"twitter:description\" content=\"ORLEN Zastal Zielona G\u00f3ra b\u0119dzie musia\u0142 radzi\u0107 sobie bez Andrzeja Mazurczaka tak\u017ce w najbli\u017cszym spotkaniu ligowym. Klub zdecydowa\u0142, \u017ce podstawowy rozgrywaj\u0105cy zespo\u0142u nie pojedzie na czwartkowy (5 lutego 2026 roku) mecz wyjazdowy z AMW Ark\u0105 Gdynia, pozostaj\u0105c w Zielonej G\u00f3rze. Powodem absencji s\u0105 problemy zdrowotne zawodnika, kt\u00f3re da\u0142y o sobie zna\u0107 ju\u017c przed ostatnim spotkaniem\" \/>\n\t\t<meta name=\"twitter:image\" content=\"https:\/\/zastalowcy.pl\/wp-content\/uploads\/2025\/09\/cropped-logo-strony-2.png\" \/>\n\t\t<script type=\"application\/ld+json\" class=\"aioseo-schema\">\n\t\t\t{\"@context\":\"https:\\\/\\\/schema.org\",\"@graph\":[{\"@type\":\"BlogPosting\",\"@id\":\"https:\\\/\\\/zastalowcy.pl\\\/?p=965#blogposting\",\"name\":\"Czy zobaczymy Andy\\u2019ego Mazurczaka w meczu z Ark\\u0105 Gdynia? -\",\"headline\":\"Czy zobaczymy Andy&#8217;ego Mazurczaka w meczu z Ark\\u0105 Gdynia?\",\"author\":{\"@id\":\"https:\\\/\\\/zastalowcy.pl\\\/?author=3#author\"},\"publisher\":{\"@id\":\"https:\\\/\\\/zastalowcy.pl\\\/#organization\"},\"image\":{\"@type\":\"ImageObject\",\"url\":\"https:\\\/\\\/zastalowcy.pl\\\/wp-content\\\/uploads\\\/2026\\\/02\\\/profilowe-4.png\",\"width\":2048,\"height\":2048},\"datePublished\":\"2026-02-04T17:45:27+01:00\",\"dateModified\":\"2026-02-04T17:45:27+01:00\",\"inLanguage\":\"pl-PL\",\"commentCount\":1,\"mainEntityOfPage\":{\"@id\":\"https:\\\/\\\/zastalowcy.pl\\\/?p=965#webpage\"},\"isPartOf\":{\"@id\":\"https:\\\/\\\/zastalowcy.pl\\\/?p=965#webpage\"},\"articleSection\":\"Aktualno\\u015bci, Sezon 2025\\\/2026, andrzej mazurczak, andy mazurczak, arka gdynia, basketzg, czy mazurczak zagra, dru\\u017cyna, koszyk\\u00f3wka, mazurczak, Orlen Basket Liga, orlen zastal zielona g\\u00f3ra, plkpl, zastal, zastal zielona g\\u00f3ra, zastalowcy, zielona g\\u00f3ra, zielonagora, zielonog\\u00f3rska koszyk\\u00f3wka\"},{\"@type\":\"BreadcrumbList\",\"@id\":\"https:\\\/\\\/zastalowcy.pl\\\/?p=965#breadcrumblist\",\"itemListElement\":[{\"@type\":\"ListItem\",\"@id\":\"https:\\\/\\\/zastalowcy.pl#listItem\",\"position\":1,\"name\":\"Home\",\"item\":\"https:\\\/\\\/zastalowcy.pl\",\"nextItem\":{\"@type\":\"ListItem\",\"@id\":\"https:\\\/\\\/zastalowcy.pl\\\/?cat=9#listItem\",\"name\":\"Sezon 2025\\\/2026\"}},{\"@type\":\"ListItem\",\"@id\":\"https:\\\/\\\/zastalowcy.pl\\\/?cat=9#listItem\",\"position\":2,\"name\":\"Sezon 2025\\\/2026\",\"item\":\"https:\\\/\\\/zastalowcy.pl\\\/?cat=9\",\"nextItem\":{\"@type\":\"ListItem\",\"@id\":\"https:\\\/\\\/zastalowcy.pl\\\/?p=965#listItem\",\"name\":\"Czy zobaczymy Andy&#8217;ego Mazurczaka w meczu z Ark\\u0105 Gdynia?\"},\"previousItem\":{\"@type\":\"ListItem\",\"@id\":\"https:\\\/\\\/zastalowcy.pl#listItem\",\"name\":\"Home\"}},{\"@type\":\"ListItem\",\"@id\":\"https:\\\/\\\/zastalowcy.pl\\\/?p=965#listItem\",\"position\":3,\"name\":\"Czy zobaczymy Andy&#8217;ego Mazurczaka w meczu z Ark\\u0105 Gdynia?\",\"previousItem\":{\"@type\":\"ListItem\",\"@id\":\"https:\\\/\\\/zastalowcy.pl\\\/?cat=9#listItem\",\"name\":\"Sezon 2025\\\/2026\"}}]},{\"@type\":\"Organization\",\"@id\":\"https:\\\/\\\/zastalowcy.pl\\\/#organization\",\"description\":\"O Zastalu od kibic\\u00f3w \\u2013 dla kibic\\u00f3w\",\"url\":\"https:\\\/\\\/zastalowcy.pl\\\/\",\"logo\":{\"@type\":\"ImageObject\",\"url\":\"https:\\\/\\\/zastalowcy.pl\\\/wp-content\\\/uploads\\\/2025\\\/09\\\/cropped-logo-strony-2.png\",\"@id\":\"https:\\\/\\\/zastalowcy.pl\\\/?p=965\\\/#organizationLogo\",\"width\":1862,\"height\":384},\"image\":{\"@id\":\"https:\\\/\\\/zastalowcy.pl\\\/?p=965\\\/#organizationLogo\"}},{\"@type\":\"Person\",\"@id\":\"https:\\\/\\\/zastalowcy.pl\\\/?author=3#author\",\"url\":\"https:\\\/\\\/zastalowcy.pl\\\/?author=3\",\"name\":\"Joanna Nawlicka\",\"image\":{\"@type\":\"ImageObject\",\"@id\":\"https:\\\/\\\/zastalowcy.pl\\\/?p=965#authorImage\",\"url\":\"https:\\\/\\\/secure.gravatar.com\\\/avatar\\\/66fc557d97536ff5096b6295970275631b7a4673997738477642001957f5274c?s=96&d=mm&r=g\",\"width\":96,\"height\":96,\"caption\":\"Joanna Nawlicka\"}},{\"@type\":\"WebPage\",\"@id\":\"https:\\\/\\\/zastalowcy.pl\\\/?p=965#webpage\",\"url\":\"https:\\\/\\\/zastalowcy.pl\\\/?p=965\",\"name\":\"Czy zobaczymy Andy\\u2019ego Mazurczaka w meczu z Ark\\u0105 Gdynia? -\",\"description\":\"ORLEN Zastal Zielona G\\u00f3ra b\\u0119dzie musia\\u0142 radzi\\u0107 sobie bez Andrzeja Mazurczaka tak\\u017ce w najbli\\u017cszym spotkaniu ligowym. Klub zdecydowa\\u0142, \\u017ce podstawowy rozgrywaj\\u0105cy zespo\\u0142u nie pojedzie na czwartkowy (5 lutego 2026 roku) mecz wyjazdowy z AMW Ark\\u0105 Gdynia, pozostaj\\u0105c w Zielonej G\\u00f3rze. Powodem absencji s\\u0105 problemy zdrowotne zawodnika, kt\\u00f3re da\\u0142y o sobie zna\\u0107 ju\\u017c przed ostatnim spotkaniem\",\"inLanguage\":\"pl-PL\",\"isPartOf\":{\"@id\":\"https:\\\/\\\/zastalowcy.pl\\\/#website\"},\"breadcrumb\":{\"@id\":\"https:\\\/\\\/zastalowcy.pl\\\/?p=965#breadcrumblist\"},\"author\":{\"@id\":\"https:\\\/\\\/zastalowcy.pl\\\/?author=3#author\"},\"creator\":{\"@id\":\"https:\\\/\\\/zastalowcy.pl\\\/?author=3#author\"},\"image\":{\"@type\":\"ImageObject\",\"url\":\"https:\\\/\\\/zastalowcy.pl\\\/wp-content\\\/uploads\\\/2026\\\/02\\\/profilowe-4.png\",\"@id\":\"https:\\\/\\\/zastalowcy.pl\\\/?p=965\\\/#mainImage\",\"width\":2048,\"height\":2048},\"primaryImageOfPage\":{\"@id\":\"https:\\\/\\\/zastalowcy.pl\\\/?p=965#mainImage\"},\"datePublished\":\"2026-02-04T17:45:27+01:00\",\"dateModified\":\"2026-02-04T17:45:27+01:00\"},{\"@type\":\"WebSite\",\"@id\":\"https:\\\/\\\/zastalowcy.pl\\\/#website\",\"url\":\"https:\\\/\\\/zastalowcy.pl\\\/\",\"description\":\"O Zastalu od kibic\\u00f3w \\u2013 dla kibic\\u00f3w\",\"inLanguage\":\"pl-PL\",\"publisher\":{\"@id\":\"https:\\\/\\\/zastalowcy.pl\\\/#organization\"}}]}\n\t\t<\/script>\n\t\t<!-- All in One SEO -->\n\n","aioseo_head_json":{"title":"Czy zobaczymy Andy\u2019ego Mazurczaka w meczu z Ark\u0105 Gdynia? -","description":"ORLEN Zastal Zielona G\u00f3ra b\u0119dzie musia\u0142 radzi\u0107 sobie bez Andrzeja Mazurczaka tak\u017ce w najbli\u017cszym spotkaniu ligowym. Klub zdecydowa\u0142, \u017ce podstawowy rozgrywaj\u0105cy zespo\u0142u nie pojedzie na czwartkowy (5 lutego 2026 roku) mecz wyjazdowy z AMW Ark\u0105 Gdynia, pozostaj\u0105c w Zielonej G\u00f3rze. Powodem absencji s\u0105 problemy zdrowotne zawodnika, kt\u00f3re da\u0142y o sobie zna\u0107 ju\u017c przed ostatnim spotkaniem","canonical_url":"https:\/\/zastalowcy.pl\/?p=965","robots":"max-image-preview:large","keywords":"","webmasterTools":{"miscellaneous":""},"schema":{"@context":"https:\/\/schema.org","@graph":[{"@type":"BlogPosting","@id":"https:\/\/zastalowcy.pl\/?p=965#blogposting","name":"Czy zobaczymy Andy\u2019ego Mazurczaka w meczu z Ark\u0105 Gdynia? -","headline":"Czy zobaczymy Andy&#8217;ego Mazurczaka w meczu z Ark\u0105 Gdynia?","author":{"@id":"https:\/\/zastalowcy.pl\/?author=3#author"},"publisher":{"@id":"https:\/\/zastalowcy.pl\/#organization"},"image":{"@type":"ImageObject","url":"https:\/\/zastalowcy.pl\/wp-content\/uploads\/2026\/02\/profilowe-4.png","width":2048,"height":2048},"datePublished":"2026-02-04T17:45:27+01:00","dateModified":"2026-02-04T17:45:27+01:00","inLanguage":"pl-PL","commentCount":1,"mainEntityOfPage":{"@id":"https:\/\/zastalowcy.pl\/?p=965#webpage"},"isPartOf":{"@id":"https:\/\/zastalowcy.pl\/?p=965#webpage"},"articleSection":"Aktualno\u015bci, Sezon 2025\/2026, andrzej mazurczak, andy mazurczak, arka gdynia, basketzg, czy mazurczak zagra, dru\u017cyna, koszyk\u00f3wka, mazurczak, Orlen Basket Liga, orlen zastal zielona g\u00f3ra, plkpl, zastal, zastal zielona g\u00f3ra, zastalowcy, zielona g\u00f3ra, zielonagora, zielonog\u00f3rska koszyk\u00f3wka"},{"@type":"BreadcrumbList","@id":"https:\/\/zastalowcy.pl\/?p=965#breadcrumblist","itemListElement":[{"@type":"ListItem","@id":"https:\/\/zastalowcy.pl#listItem","position":1,"name":"Home","item":"https:\/\/zastalowcy.pl","nextItem":{"@type":"ListItem","@id":"https:\/\/zastalowcy.pl\/?cat=9#listItem","name":"Sezon 2025\/2026"}},{"@type":"ListItem","@id":"https:\/\/zastalowcy.pl\/?cat=9#listItem","position":2,"name":"Sezon 2025\/2026","item":"https:\/\/zastalowcy.pl\/?cat=9","nextItem":{"@type":"ListItem","@id":"https:\/\/zastalowcy.pl\/?p=965#listItem","name":"Czy zobaczymy Andy&#8217;ego Mazurczaka w meczu z Ark\u0105 Gdynia?"},"previousItem":{"@type":"ListItem","@id":"https:\/\/zastalowcy.pl#listItem","name":"Home"}},{"@type":"ListItem","@id":"https:\/\/zastalowcy.pl\/?p=965#listItem","position":3,"name":"Czy zobaczymy Andy&#8217;ego Mazurczaka w meczu z Ark\u0105 Gdynia?","previousItem":{"@type":"ListItem","@id":"https:\/\/zastalowcy.pl\/?cat=9#listItem","name":"Sezon 2025\/2026"}}]},{"@type":"Organization","@id":"https:\/\/zastalowcy.pl\/#organization","description":"O Zastalu od kibic\u00f3w \u2013 dla kibic\u00f3w","url":"https:\/\/zastalowcy.pl\/","logo":{"@type":"ImageObject","url":"https:\/\/zastalowcy.pl\/wp-content\/uploads\/2025\/09\/cropped-logo-strony-2.png","@id":"https:\/\/zastalowcy.pl\/?p=965\/#organizationLogo","width":1862,"height":384},"image":{"@id":"https:\/\/zastalowcy.pl\/?p=965\/#organizationLogo"}},{"@type":"Person","@id":"https:\/\/zastalowcy.pl\/?author=3#author","url":"https:\/\/zastalowcy.pl\/?author=3","name":"Joanna Nawlicka","image":{"@type":"ImageObject","@id":"https:\/\/zastalowcy.pl\/?p=965#authorImage","url":"https:\/\/secure.gravatar.com\/avatar\/66fc557d97536ff5096b6295970275631b7a4673997738477642001957f5274c?s=96&d=mm&r=g","width":96,"height":96,"caption":"Joanna Nawlicka"}},{"@type":"WebPage","@id":"https:\/\/zastalowcy.pl\/?p=965#webpage","url":"https:\/\/zastalowcy.pl\/?p=965","name":"Czy zobaczymy Andy\u2019ego Mazurczaka w meczu z Ark\u0105 Gdynia? -","description":"ORLEN Zastal Zielona G\u00f3ra b\u0119dzie musia\u0142 radzi\u0107 sobie bez Andrzeja Mazurczaka tak\u017ce w najbli\u017cszym spotkaniu ligowym. Klub zdecydowa\u0142, \u017ce podstawowy rozgrywaj\u0105cy zespo\u0142u nie pojedzie na czwartkowy (5 lutego 2026 roku) mecz wyjazdowy z AMW Ark\u0105 Gdynia, pozostaj\u0105c w Zielonej G\u00f3rze. Powodem absencji s\u0105 problemy zdrowotne zawodnika, kt\u00f3re da\u0142y o sobie zna\u0107 ju\u017c przed ostatnim spotkaniem","inLanguage":"pl-PL","isPartOf":{"@id":"https:\/\/zastalowcy.pl\/#website"},"breadcrumb":{"@id":"https:\/\/zastalowcy.pl\/?p=965#breadcrumblist"},"author":{"@id":"https:\/\/zastalowcy.pl\/?author=3#author"},"creator":{"@id":"https:\/\/zastalowcy.pl\/?author=3#author"},"image":{"@type":"ImageObject","url":"https:\/\/zastalowcy.pl\/wp-content\/uploads\/2026\/02\/profilowe-4.png","@id":"https:\/\/zastalowcy.pl\/?p=965\/#mainImage","width":2048,"height":2048},"primaryImageOfPage":{"@id":"https:\/\/zastalowcy.pl\/?p=965#mainImage"},"datePublished":"2026-02-04T17:45:27+01:00","dateModified":"2026-02-04T17:45:27+01:00"},{"@type":"WebSite","@id":"https:\/\/zastalowcy.pl\/#website","url":"https:\/\/zastalowcy.pl\/","description":"O Zastalu od kibic\u00f3w \u2013 dla kibic\u00f3w","inLanguage":"pl-PL","publisher":{"@id":"https:\/\/zastalowcy.pl\/#organization"}}]},"og:locale":"pl_PL","og:site_name":"- O Zastalu od kibic\u00f3w \u2013 dla kibic\u00f3w","og:type":"article","og:title":"Czy zobaczymy Andy\u2019ego Mazurczaka w meczu z Ark\u0105 Gdynia? -","og:description":"ORLEN Zastal Zielona G\u00f3ra b\u0119dzie musia\u0142 radzi\u0107 sobie bez Andrzeja Mazurczaka tak\u017ce w najbli\u017cszym spotkaniu ligowym. Klub zdecydowa\u0142, \u017ce podstawowy rozgrywaj\u0105cy zespo\u0142u nie pojedzie na czwartkowy (5 lutego 2026 roku) mecz wyjazdowy z AMW Ark\u0105 Gdynia, pozostaj\u0105c w Zielonej G\u00f3rze. Powodem absencji s\u0105 problemy zdrowotne zawodnika, kt\u00f3re da\u0142y o sobie zna\u0107 ju\u017c przed ostatnim spotkaniem","og:url":"https:\/\/zastalowcy.pl\/?p=965","og:image":"https:\/\/zastalowcy.pl\/wp-content\/uploads\/2025\/09\/cropped-logo-strony-2.png","og:image:secure_url":"https:\/\/zastalowcy.pl\/wp-content\/uploads\/2025\/09\/cropped-logo-strony-2.png","og:image:width":1862,"og:image:height":384,"article:published_time":"2026-02-04T16:45:27+00:00","article:modified_time":"2026-02-04T16:45:27+00:00","twitter:card":"summary_large_image","twitter:title":"Czy zobaczymy Andy\u2019ego Mazurczaka w meczu z Ark\u0105 Gdynia? -","twitter:description":"ORLEN Zastal Zielona G\u00f3ra b\u0119dzie musia\u0142 radzi\u0107 sobie bez Andrzeja Mazurczaka tak\u017ce w najbli\u017cszym spotkaniu ligowym. Klub zdecydowa\u0142, \u017ce podstawowy rozgrywaj\u0105cy zespo\u0142u nie pojedzie na czwartkowy (5 lutego 2026 roku) mecz wyjazdowy z AMW Ark\u0105 Gdynia, pozostaj\u0105c w Zielonej G\u00f3rze. Powodem absencji s\u0105 problemy zdrowotne zawodnika, kt\u00f3re da\u0142y o sobie zna\u0107 ju\u017c przed ostatnim spotkaniem","twitter:image":"https:\/\/zastalowcy.pl\/wp-content\/uploads\/2025\/09\/cropped-logo-strony-2.png"},"aioseo_meta_data":{"post_id":"965","title":null,"description":null,"keywords":null,"keyphrases":null,"primary_term":null,"canonical_url":null,"og_title":null,"og_description":null,"og_object_type":"default","og_image_type":"default","og_image_custom_url":null,"og_image_custom_fields":null,"og_image_url":null,"og_image_width":null,"og_image_height":null,"og_video":null,"og_custom_url":null,"og_article_section":null,"og_article_tags":null,"twitter_use_og":false,"twitter_card":"default","twitter_image_type":"default","twitter_image_custom_url":null,"twitter_image_custom_fields":null,"twitter_image_url":null,"twitter_title":null,"twitter_description":null,"schema_type":"default","schema_type_options":null,"schema":{"blockGraphs":[],"customGraphs":[],"default":{"data":{"Article":[],"Course":[],"Dataset":[],"FAQPage":[],"Movie":[],"Person":[],"Product":[],"ProductReview":[],"Car":[],"Recipe":[],"Service":[],"SoftwareApplication":[],"WebPage":[]},"graphName":"","isEnabled":true},"graphs":[]},"pillar_content":false,"robots_default":true,"robots_noindex":false,"robots_noarchive":false,"robots_nosnippet":false,"robots_nofollow":false,"robots_noimageindex":false,"robots_noodp":false,"robots_notranslate":false,"robots_max_snippet":null,"robots_max_videopreview":null,"robots_max_imagepreview":"large","priority":null,"frequency":null,"local_seo":null,"limit_modified_date":false,"ai":null,"breadcrumb_settings":null,"seo_analyzer_scan_date":null,"created":"2026-07-15 16:56:07","updated":"2026-07-15 16:56:07","focus_keyword":null,"additional_keywords":null,"truseo_locale":null},"aioseo_breadcrumb":"<div class=\"aioseo-breadcrumbs\"><span class=\"aioseo-breadcrumb\">\n\t\t\t<a href=\"https:\/\/zastalowcy.pl\" title=\"Home\">Home<\/a>\n\t\t<\/span><span class=\"aioseo-breadcrumb-separator\">&raquo;<\/span><span class=\"aioseo-breadcrumb\">\n\t\t\t<a href=\"https:\/\/zastalowcy.pl\/?cat=9\" title=\"Sezon 2025\/2026\">Sezon 2025\/2026<\/a>\n\t\t<\/span><span class=\"aioseo-breadcrumb-separator\">&raquo;<\/span><span class=\"aioseo-breadcrumb\">\n\t\t\tCzy zobaczymy Andy\u2019ego Mazurczaka w meczu z Ark\u0105 Gdynia?\n\t\t<\/span><\/div>","aioseo_breadcrumb_json":[{"label":"Home","link":"https:\/\/zastalowcy.pl"},{"label":"Sezon 2025\/2026","link":"https:\/\/zastalowcy.pl\/?cat=9"},{"label":"Czy zobaczymy Andy&#8217;ego Mazurczaka w meczu z Ark\u0105 Gdynia?","link":"https:\/\/zastalowcy.pl\/?p=965"}],"_links":{"self":[{"href":"https:\/\/zastalowcy.pl\/index.php?rest_route=\/wp\/v2\/posts\/965","targetHints":{"allow":["GET"]}}],"collection":[{"href":"https:\/\/zastalowcy.pl\/index.php?rest_route=\/wp\/v2\/posts"}],"about":[{"href":"https:\/\/zastalowcy.pl\/index.php?rest_route=\/wp\/v2\/types\/post"}],"author":[{"embeddable":true,"href":"https:\/\/zastalowcy.pl\/index.php?rest_route=\/wp\/v2\/users\/3"}],"replies":[{"embeddable":true,"href":"https:\/\/zastalowcy.pl\/index.php?rest_route=%2Fwp%2Fv2%2Fcomments&post=965"}],"version-history":[{"count":1,"href":"https:\/\/zastalowcy.pl\/index.php?rest_route=\/wp\/v2\/posts\/965\/revisions"}],"predecessor-version":[{"id":967,"href":"https:\/\/zastalowcy.pl\/index.php?rest_route=\/wp\/v2\/posts\/965\/revisions\/967"}],"wp:featuredmedia":[{"embeddable":true,"href":"https:\/\/zastalowcy.pl\/index.php?rest_route=\/wp\/v2\/media\/966"}],"wp:attachment":[{"href":"https:\/\/zastalowcy.pl\/index.php?rest_route=%2Fwp%2Fv2%2Fmedia&parent=965"}],"wp:term":[{"taxonomy":"category","embeddable":true,"href":"https:\/\/zastalowcy.pl\/index.php?rest_route=%2Fwp%2Fv2%2Fcategories&post=965"},{"taxonomy":"post_tag","embeddable":true,"href":"https:\/\/zastalowcy.pl\/index.php?rest_route=%2Fwp%2Fv2%2Ftags&post=965"}],"curies":[{"name":"wp","href":"https:\/\/api.w.org\/{rel}","templated":true}]}}