{"id":974,"date":"2026-02-05T17:09:50","date_gmt":"2026-02-05T16:09:50","guid":{"rendered":"https:\/\/zastalowcy.pl\/?p=974"},"modified":"2026-02-05T17:09:51","modified_gmt":"2026-02-05T16:09:51","slug":"trener-miloszewski-przed-meczem-z-arka-jedziemy-z-bojowym-nastawieniem-i-checia-rewanzu","status":"publish","type":"post","link":"https:\/\/zastalowcy.pl\/?p=974","title":{"rendered":"Trener Mi\u0142oszewski przed meczem z Ark\u0105: \u201eJedziemy z bojowym nastawieniem i ch\u0119ci\u0105 rewan\u017cu\u201d"},"content":{"rendered":"\n<p class=\"wp-block-paragraph\">Przed ORLEN Zastalem Zielona G\u00f3ra kolejne trudne wyzwanie w ORLEN Basket Lidze. W 19. kolejce rundy zasadniczej zielonog\u00f3rzanie zmierz\u0105 si\u0119 na wyje\u017adzie z AMW Ark\u0105 Gdynia \u2013 zespo\u0142em z ligowej czo\u0142\u00f3wki. Przed wyjazdem g\u0142os zabra\u0142 trener Zastalu, Arkadiusz Mi\u0142oszewski.<\/p>\n\n\n\n<p class=\"wp-block-paragraph\">\u2013 Wyje\u017cd\u017camy z bardzo bojowym nastawieniem. Chcemy sprawi\u0107 niespodziank\u0119 \u2013 podkre\u015bli\u0142 szkoleniowiec zielonog\u00f3rzan. Jak zaznaczy\u0142, Arka to dru\u017cyna bardzo dobrze pouk\u0142adana i do\u015bwiadczona, z wieloma zawodnikami potrafi\u0105cymi zdobywa\u0107 punkty na r\u00f3\u017cne sposoby.<\/p>\n\n\n\n<p class=\"wp-block-paragraph\">Trener Zastalu nie ukrywa\u0142 r\u00f3wnie\u017c, \u017ce dodatkow\u0105 motywacj\u0105 dla jego zespo\u0142u jest ch\u0119\u0107 rewan\u017cu za spotkanie z pierwszej rundy. \u2013 Pa\u0142amy tak\u0105 ch\u0119ci\u0105 rewan\u017cu za ten pierwszy mecz u nas, kt\u00f3ry przegrali\u015bmy nieznaczn\u0105 ilo\u015bci\u0105 punkt\u00f3w \u2013 zaznaczy\u0142 Mi\u0142oszewski.<\/p>\n\n\n\n<p class=\"wp-block-paragraph\">Szkoleniowiec odni\u00f3s\u0142 si\u0119 tak\u017ce do aktualnej dyspozycji rywala. Arka Gdynia w ostatniej kolejce przegra\u0142a na w\u0142asnym parkiecie z Anwilem W\u0142oc\u0142awek. \u2013 Chcemy nie pozwoli\u0107 im odbudowa\u0107 si\u0119 w tym najbli\u017cszym meczu, kt\u00f3ry rozegraj\u0105 z nami \u2013 doda\u0142 trener Zastalu.<\/p>\n\n\n\n<p class=\"wp-block-paragraph\">Wa\u017cnym tematem pozostaje r\u00f3wnie\u017c sytuacja kadrowa zielonog\u00f3rskiej dru\u017cyny, a konkretnie stan zdrowia Andrzeja Mazurczaka. \u2013 Trwa walka z czasem i z jego plecami. Na wtorek nie by\u0142o znacznej poprawy i nie chcieliby\u015bmy ryzykowa\u0107 \u2013 wyja\u015bni\u0142 Mi\u0142oszewski. Decyzja dotycz\u0105ca ewentualnego wyjazdu i gry rozgrywaj\u0105cego zapad\u0142a po \u015brodowym treningu. \u2013 Musimy mie\u0107 stuprocentow\u0105 pewno\u015b\u0107, \u017ce wszystko jest okej \u2013 wyja\u015bni\u0142 trener.<\/p>\n\n\n\n<p class=\"wp-block-paragraph\">Wi\u0119cej o sytuacji Andy&#8217;ego Mazurczaka przeczytacie <a href=\"https:\/\/zastalowcy.pl\/?p=965\">TUTAJ<\/a>.<\/p>\n\n\n\n<p class=\"wp-block-paragraph\">Spotkanie <a href=\"https:\/\/zastalowcy.pl\/?p=971\">AMW Arka Gdynia \u2013 ORLEN Zastal Zielona G\u00f3ra<\/a> zostanie rozegrane w czwartek wieczorem w Polsat Plus Arenie Gdynia.<\/p>\n\n\n\n<p class=\"wp-block-paragraph\">\ud83c\udfc0 Zastalowcy.pl \u2013 o Zastalu od kibic\u00f3w \u2013 dla kibic\u00f3w<\/p>\n","protected":false},"excerpt":{"rendered":"<p>Przed ORLEN Zastalem Zielona G\u00f3ra kolejne trudne wyzwanie w ORLEN Basket Lidze. W 19. kolejce rundy zasadniczej zielonog\u00f3rzanie<\/p>\n","protected":false},"author":3,"featured_media":975,"comment_status":"open","ping_status":"open","sticky":false,"template":"","format":"standard","meta":{"om_disable_all_campaigns":false,"footnotes":""},"categories":[18,9],"tags":[126,125,140,17,26,15,13,129,12,14,42,11,10,16],"class_list":["post-974","post","type-post","status-publish","format-standard","has-post-thumbnail","hentry","category-aktualnosci","category-sezon-2025-2026","tag-andrzej-mazurczak","tag-andy-mazurczak","tag-arka-gdynia","tag-basketzg","tag-druzyna","tag-koszykowka","tag-orlen-zastal-zielona-gora","tag-plkpl","tag-zastal","tag-zastal-zielona-gora","tag-zastalowcy","tag-zielona-gora","tag-zielonagora","tag-zielonogorska-koszykowka"],"aioseo_notices":[],"aioseo_head":"\n\t\t<!-- All in One SEO 5.0.0.1 - aioseo.com -->\n\t<meta name=\"description\" content=\"Przed ORLEN Zastalem Zielona G\u00f3ra kolejne trudne wyzwanie w ORLEN Basket Lidze. W 19. kolejce rundy zasadniczej zielonog\u00f3rzanie zmierz\u0105 si\u0119 na wyje\u017adzie z AMW Ark\u0105 Gdynia \u2013 zespo\u0142em z ligowej czo\u0142\u00f3wki. Przed wyjazdem g\u0142os zabra\u0142 trener Zastalu, Arkadiusz Mi\u0142oszewski. \u2013 Wyje\u017cd\u017camy z bardzo bojowym nastawieniem. Chcemy sprawi\u0107 niespodziank\u0119 \u2013 podkre\u015bli\u0142 szkoleniowiec zielonog\u00f3rzan. Jak zaznaczy\u0142, Arka\" \/>\n\t<meta name=\"robots\" content=\"max-image-preview:large\" \/>\n\t<meta name=\"author\" content=\"Joanna Nawlicka\"\/>\n\t<link rel=\"canonical\" href=\"https:\/\/zastalowcy.pl\/?p=974\" \/>\n\t<meta name=\"generator\" content=\"All in One SEO (AIOSEO) 5.0.0.1\" \/>\n\t\t<meta property=\"og:locale\" content=\"pl_PL\" \/>\n\t\t<meta property=\"og:site_name\" content=\"- O Zastalu od kibic\u00f3w \u2013 dla kibic\u00f3w\" \/>\n\t\t<meta property=\"og:type\" content=\"article\" \/>\n\t\t<meta property=\"og:title\" content=\"Trener Mi\u0142oszewski przed meczem z Ark\u0105: \u201eJedziemy z bojowym nastawieniem i ch\u0119ci\u0105 rewan\u017cu\u201d -\" \/>\n\t\t<meta property=\"og:description\" content=\"Przed ORLEN Zastalem Zielona G\u00f3ra kolejne trudne wyzwanie w ORLEN Basket Lidze. W 19. kolejce rundy zasadniczej zielonog\u00f3rzanie zmierz\u0105 si\u0119 na wyje\u017adzie z AMW Ark\u0105 Gdynia \u2013 zespo\u0142em z ligowej czo\u0142\u00f3wki. Przed wyjazdem g\u0142os zabra\u0142 trener Zastalu, Arkadiusz Mi\u0142oszewski. \u2013 Wyje\u017cd\u017camy z bardzo bojowym nastawieniem. Chcemy sprawi\u0107 niespodziank\u0119 \u2013 podkre\u015bli\u0142 szkoleniowiec zielonog\u00f3rzan. Jak zaznaczy\u0142, Arka\" \/>\n\t\t<meta property=\"og:url\" content=\"https:\/\/zastalowcy.pl\/?p=974\" \/>\n\t\t<meta property=\"og:image\" content=\"https:\/\/zastalowcy.pl\/wp-content\/uploads\/2025\/09\/cropped-logo-strony-2.png\" \/>\n\t\t<meta property=\"og:image:secure_url\" content=\"https:\/\/zastalowcy.pl\/wp-content\/uploads\/2025\/09\/cropped-logo-strony-2.png\" \/>\n\t\t<meta property=\"og:image:width\" content=\"1862\" \/>\n\t\t<meta property=\"og:image:height\" content=\"384\" \/>\n\t\t<meta property=\"article:published_time\" content=\"2026-02-05T16:09:50+00:00\" \/>\n\t\t<meta property=\"article:modified_time\" content=\"2026-02-05T16:09:51+00:00\" \/>\n\t\t<meta name=\"twitter:card\" content=\"summary_large_image\" \/>\n\t\t<meta name=\"twitter:title\" content=\"Trener Mi\u0142oszewski przed meczem z Ark\u0105: \u201eJedziemy z bojowym nastawieniem i ch\u0119ci\u0105 rewan\u017cu\u201d -\" \/>\n\t\t<meta name=\"twitter:description\" content=\"Przed ORLEN Zastalem Zielona G\u00f3ra kolejne trudne wyzwanie w ORLEN Basket Lidze. W 19. kolejce rundy zasadniczej zielonog\u00f3rzanie zmierz\u0105 si\u0119 na wyje\u017adzie z AMW Ark\u0105 Gdynia \u2013 zespo\u0142em z ligowej czo\u0142\u00f3wki. Przed wyjazdem g\u0142os zabra\u0142 trener Zastalu, Arkadiusz Mi\u0142oszewski. \u2013 Wyje\u017cd\u017camy z bardzo bojowym nastawieniem. Chcemy sprawi\u0107 niespodziank\u0119 \u2013 podkre\u015bli\u0142 szkoleniowiec zielonog\u00f3rzan. Jak zaznaczy\u0142, Arka\" \/>\n\t\t<meta name=\"twitter:image\" content=\"https:\/\/zastalowcy.pl\/wp-content\/uploads\/2025\/09\/cropped-logo-strony-2.png\" \/>\n\t\t<script type=\"application\/ld+json\" class=\"aioseo-schema\">\n\t\t\t{\"@context\":\"https:\\\/\\\/schema.org\",\"@graph\":[{\"@type\":\"BlogPosting\",\"@id\":\"https:\\\/\\\/zastalowcy.pl\\\/?p=974#blogposting\",\"name\":\"Trener Mi\\u0142oszewski przed meczem z Ark\\u0105: \\u201eJedziemy z bojowym nastawieniem i ch\\u0119ci\\u0105 rewan\\u017cu\\u201d -\",\"headline\":\"Trener Mi\\u0142oszewski przed meczem z Ark\\u0105: \\u201eJedziemy z bojowym nastawieniem i ch\\u0119ci\\u0105 rewan\\u017cu\\u201d\",\"author\":{\"@id\":\"https:\\\/\\\/zastalowcy.pl\\\/?author=3#author\"},\"publisher\":{\"@id\":\"https:\\\/\\\/zastalowcy.pl\\\/#organization\"},\"image\":{\"@type\":\"ImageObject\",\"url\":\"https:\\\/\\\/zastalowcy.pl\\\/wp-content\\\/uploads\\\/2026\\\/02\\\/profilowe-7.png\",\"width\":2048,\"height\":2048},\"datePublished\":\"2026-02-05T17:09:50+01:00\",\"dateModified\":\"2026-02-05T17:09:51+01:00\",\"inLanguage\":\"pl-PL\",\"mainEntityOfPage\":{\"@id\":\"https:\\\/\\\/zastalowcy.pl\\\/?p=974#webpage\"},\"isPartOf\":{\"@id\":\"https:\\\/\\\/zastalowcy.pl\\\/?p=974#webpage\"},\"articleSection\":\"Aktualno\\u015bci, Sezon 2025\\\/2026, andrzej mazurczak, andy mazurczak, arka gdynia, basketzg, dru\\u017cyna, koszyk\\u00f3wka, orlen zastal zielona g\\u00f3ra, plkpl, zastal, zastal zielona g\\u00f3ra, zastalowcy, zielona g\\u00f3ra, zielonagora, zielonog\\u00f3rska koszyk\\u00f3wka\"},{\"@type\":\"BreadcrumbList\",\"@id\":\"https:\\\/\\\/zastalowcy.pl\\\/?p=974#breadcrumblist\",\"itemListElement\":[{\"@type\":\"ListItem\",\"@id\":\"https:\\\/\\\/zastalowcy.pl#listItem\",\"position\":1,\"name\":\"Home\",\"item\":\"https:\\\/\\\/zastalowcy.pl\",\"nextItem\":{\"@type\":\"ListItem\",\"@id\":\"https:\\\/\\\/zastalowcy.pl\\\/?cat=9#listItem\",\"name\":\"Sezon 2025\\\/2026\"}},{\"@type\":\"ListItem\",\"@id\":\"https:\\\/\\\/zastalowcy.pl\\\/?cat=9#listItem\",\"position\":2,\"name\":\"Sezon 2025\\\/2026\",\"item\":\"https:\\\/\\\/zastalowcy.pl\\\/?cat=9\",\"nextItem\":{\"@type\":\"ListItem\",\"@id\":\"https:\\\/\\\/zastalowcy.pl\\\/?p=974#listItem\",\"name\":\"Trener Mi\\u0142oszewski przed meczem z Ark\\u0105: \\u201eJedziemy z bojowym nastawieniem i ch\\u0119ci\\u0105 rewan\\u017cu\\u201d\"},\"previousItem\":{\"@type\":\"ListItem\",\"@id\":\"https:\\\/\\\/zastalowcy.pl#listItem\",\"name\":\"Home\"}},{\"@type\":\"ListItem\",\"@id\":\"https:\\\/\\\/zastalowcy.pl\\\/?p=974#listItem\",\"position\":3,\"name\":\"Trener Mi\\u0142oszewski przed meczem z Ark\\u0105: \\u201eJedziemy z bojowym nastawieniem i ch\\u0119ci\\u0105 rewan\\u017cu\\u201d\",\"previousItem\":{\"@type\":\"ListItem\",\"@id\":\"https:\\\/\\\/zastalowcy.pl\\\/?cat=9#listItem\",\"name\":\"Sezon 2025\\\/2026\"}}]},{\"@type\":\"Organization\",\"@id\":\"https:\\\/\\\/zastalowcy.pl\\\/#organization\",\"description\":\"O Zastalu od kibic\\u00f3w \\u2013 dla kibic\\u00f3w\",\"url\":\"https:\\\/\\\/zastalowcy.pl\\\/\",\"logo\":{\"@type\":\"ImageObject\",\"url\":\"https:\\\/\\\/zastalowcy.pl\\\/wp-content\\\/uploads\\\/2025\\\/09\\\/cropped-logo-strony-2.png\",\"@id\":\"https:\\\/\\\/zastalowcy.pl\\\/?p=974\\\/#organizationLogo\",\"width\":1862,\"height\":384},\"image\":{\"@id\":\"https:\\\/\\\/zastalowcy.pl\\\/?p=974\\\/#organizationLogo\"}},{\"@type\":\"Person\",\"@id\":\"https:\\\/\\\/zastalowcy.pl\\\/?author=3#author\",\"url\":\"https:\\\/\\\/zastalowcy.pl\\\/?author=3\",\"name\":\"Joanna Nawlicka\",\"image\":{\"@type\":\"ImageObject\",\"@id\":\"https:\\\/\\\/zastalowcy.pl\\\/?p=974#authorImage\",\"url\":\"https:\\\/\\\/secure.gravatar.com\\\/avatar\\\/66fc557d97536ff5096b6295970275631b7a4673997738477642001957f5274c?s=96&d=mm&r=g\",\"width\":96,\"height\":96,\"caption\":\"Joanna Nawlicka\"}},{\"@type\":\"WebPage\",\"@id\":\"https:\\\/\\\/zastalowcy.pl\\\/?p=974#webpage\",\"url\":\"https:\\\/\\\/zastalowcy.pl\\\/?p=974\",\"name\":\"Trener Mi\\u0142oszewski przed meczem z Ark\\u0105: \\u201eJedziemy z bojowym nastawieniem i ch\\u0119ci\\u0105 rewan\\u017cu\\u201d -\",\"description\":\"Przed ORLEN Zastalem Zielona G\\u00f3ra kolejne trudne wyzwanie w ORLEN Basket Lidze. W 19. kolejce rundy zasadniczej zielonog\\u00f3rzanie zmierz\\u0105 si\\u0119 na wyje\\u017adzie z AMW Ark\\u0105 Gdynia \\u2013 zespo\\u0142em z ligowej czo\\u0142\\u00f3wki. Przed wyjazdem g\\u0142os zabra\\u0142 trener Zastalu, Arkadiusz Mi\\u0142oszewski. \\u2013 Wyje\\u017cd\\u017camy z bardzo bojowym nastawieniem. Chcemy sprawi\\u0107 niespodziank\\u0119 \\u2013 podkre\\u015bli\\u0142 szkoleniowiec zielonog\\u00f3rzan. Jak zaznaczy\\u0142, Arka\",\"inLanguage\":\"pl-PL\",\"isPartOf\":{\"@id\":\"https:\\\/\\\/zastalowcy.pl\\\/#website\"},\"breadcrumb\":{\"@id\":\"https:\\\/\\\/zastalowcy.pl\\\/?p=974#breadcrumblist\"},\"author\":{\"@id\":\"https:\\\/\\\/zastalowcy.pl\\\/?author=3#author\"},\"creator\":{\"@id\":\"https:\\\/\\\/zastalowcy.pl\\\/?author=3#author\"},\"image\":{\"@type\":\"ImageObject\",\"url\":\"https:\\\/\\\/zastalowcy.pl\\\/wp-content\\\/uploads\\\/2026\\\/02\\\/profilowe-7.png\",\"@id\":\"https:\\\/\\\/zastalowcy.pl\\\/?p=974\\\/#mainImage\",\"width\":2048,\"height\":2048},\"primaryImageOfPage\":{\"@id\":\"https:\\\/\\\/zastalowcy.pl\\\/?p=974#mainImage\"},\"datePublished\":\"2026-02-05T17:09:50+01:00\",\"dateModified\":\"2026-02-05T17:09:51+01:00\"},{\"@type\":\"WebSite\",\"@id\":\"https:\\\/\\\/zastalowcy.pl\\\/#website\",\"url\":\"https:\\\/\\\/zastalowcy.pl\\\/\",\"description\":\"O Zastalu od kibic\\u00f3w \\u2013 dla kibic\\u00f3w\",\"inLanguage\":\"pl-PL\",\"publisher\":{\"@id\":\"https:\\\/\\\/zastalowcy.pl\\\/#organization\"}}]}\n\t\t<\/script>\n\t\t<!-- All in One SEO -->\n\n","aioseo_head_json":{"title":"Trener Mi\u0142oszewski przed meczem z Ark\u0105: \u201eJedziemy z bojowym nastawieniem i ch\u0119ci\u0105 rewan\u017cu\u201d -","description":"Przed ORLEN Zastalem Zielona G\u00f3ra kolejne trudne wyzwanie w ORLEN Basket Lidze. W 19. kolejce rundy zasadniczej zielonog\u00f3rzanie zmierz\u0105 si\u0119 na wyje\u017adzie z AMW Ark\u0105 Gdynia \u2013 zespo\u0142em z ligowej czo\u0142\u00f3wki. Przed wyjazdem g\u0142os zabra\u0142 trener Zastalu, Arkadiusz Mi\u0142oszewski. \u2013 Wyje\u017cd\u017camy z bardzo bojowym nastawieniem. Chcemy sprawi\u0107 niespodziank\u0119 \u2013 podkre\u015bli\u0142 szkoleniowiec zielonog\u00f3rzan. Jak zaznaczy\u0142, Arka","canonical_url":"https:\/\/zastalowcy.pl\/?p=974","robots":"max-image-preview:large","keywords":"","webmasterTools":{"miscellaneous":""},"schema":{"@context":"https:\/\/schema.org","@graph":[{"@type":"BlogPosting","@id":"https:\/\/zastalowcy.pl\/?p=974#blogposting","name":"Trener Mi\u0142oszewski przed meczem z Ark\u0105: \u201eJedziemy z bojowym nastawieniem i ch\u0119ci\u0105 rewan\u017cu\u201d -","headline":"Trener Mi\u0142oszewski przed meczem z Ark\u0105: \u201eJedziemy z bojowym nastawieniem i ch\u0119ci\u0105 rewan\u017cu\u201d","author":{"@id":"https:\/\/zastalowcy.pl\/?author=3#author"},"publisher":{"@id":"https:\/\/zastalowcy.pl\/#organization"},"image":{"@type":"ImageObject","url":"https:\/\/zastalowcy.pl\/wp-content\/uploads\/2026\/02\/profilowe-7.png","width":2048,"height":2048},"datePublished":"2026-02-05T17:09:50+01:00","dateModified":"2026-02-05T17:09:51+01:00","inLanguage":"pl-PL","mainEntityOfPage":{"@id":"https:\/\/zastalowcy.pl\/?p=974#webpage"},"isPartOf":{"@id":"https:\/\/zastalowcy.pl\/?p=974#webpage"},"articleSection":"Aktualno\u015bci, Sezon 2025\/2026, andrzej mazurczak, andy mazurczak, arka gdynia, basketzg, dru\u017cyna, koszyk\u00f3wka, orlen zastal zielona g\u00f3ra, plkpl, zastal, zastal zielona g\u00f3ra, zastalowcy, zielona g\u00f3ra, zielonagora, zielonog\u00f3rska koszyk\u00f3wka"},{"@type":"BreadcrumbList","@id":"https:\/\/zastalowcy.pl\/?p=974#breadcrumblist","itemListElement":[{"@type":"ListItem","@id":"https:\/\/zastalowcy.pl#listItem","position":1,"name":"Home","item":"https:\/\/zastalowcy.pl","nextItem":{"@type":"ListItem","@id":"https:\/\/zastalowcy.pl\/?cat=9#listItem","name":"Sezon 2025\/2026"}},{"@type":"ListItem","@id":"https:\/\/zastalowcy.pl\/?cat=9#listItem","position":2,"name":"Sezon 2025\/2026","item":"https:\/\/zastalowcy.pl\/?cat=9","nextItem":{"@type":"ListItem","@id":"https:\/\/zastalowcy.pl\/?p=974#listItem","name":"Trener Mi\u0142oszewski przed meczem z Ark\u0105: \u201eJedziemy z bojowym nastawieniem i ch\u0119ci\u0105 rewan\u017cu\u201d"},"previousItem":{"@type":"ListItem","@id":"https:\/\/zastalowcy.pl#listItem","name":"Home"}},{"@type":"ListItem","@id":"https:\/\/zastalowcy.pl\/?p=974#listItem","position":3,"name":"Trener Mi\u0142oszewski przed meczem z Ark\u0105: \u201eJedziemy z bojowym nastawieniem i ch\u0119ci\u0105 rewan\u017cu\u201d","previousItem":{"@type":"ListItem","@id":"https:\/\/zastalowcy.pl\/?cat=9#listItem","name":"Sezon 2025\/2026"}}]},{"@type":"Organization","@id":"https:\/\/zastalowcy.pl\/#organization","description":"O Zastalu od kibic\u00f3w \u2013 dla kibic\u00f3w","url":"https:\/\/zastalowcy.pl\/","logo":{"@type":"ImageObject","url":"https:\/\/zastalowcy.pl\/wp-content\/uploads\/2025\/09\/cropped-logo-strony-2.png","@id":"https:\/\/zastalowcy.pl\/?p=974\/#organizationLogo","width":1862,"height":384},"image":{"@id":"https:\/\/zastalowcy.pl\/?p=974\/#organizationLogo"}},{"@type":"Person","@id":"https:\/\/zastalowcy.pl\/?author=3#author","url":"https:\/\/zastalowcy.pl\/?author=3","name":"Joanna Nawlicka","image":{"@type":"ImageObject","@id":"https:\/\/zastalowcy.pl\/?p=974#authorImage","url":"https:\/\/secure.gravatar.com\/avatar\/66fc557d97536ff5096b6295970275631b7a4673997738477642001957f5274c?s=96&d=mm&r=g","width":96,"height":96,"caption":"Joanna Nawlicka"}},{"@type":"WebPage","@id":"https:\/\/zastalowcy.pl\/?p=974#webpage","url":"https:\/\/zastalowcy.pl\/?p=974","name":"Trener Mi\u0142oszewski przed meczem z Ark\u0105: \u201eJedziemy z bojowym nastawieniem i ch\u0119ci\u0105 rewan\u017cu\u201d -","description":"Przed ORLEN Zastalem Zielona G\u00f3ra kolejne trudne wyzwanie w ORLEN Basket Lidze. W 19. kolejce rundy zasadniczej zielonog\u00f3rzanie zmierz\u0105 si\u0119 na wyje\u017adzie z AMW Ark\u0105 Gdynia \u2013 zespo\u0142em z ligowej czo\u0142\u00f3wki. Przed wyjazdem g\u0142os zabra\u0142 trener Zastalu, Arkadiusz Mi\u0142oszewski. \u2013 Wyje\u017cd\u017camy z bardzo bojowym nastawieniem. Chcemy sprawi\u0107 niespodziank\u0119 \u2013 podkre\u015bli\u0142 szkoleniowiec zielonog\u00f3rzan. Jak zaznaczy\u0142, Arka","inLanguage":"pl-PL","isPartOf":{"@id":"https:\/\/zastalowcy.pl\/#website"},"breadcrumb":{"@id":"https:\/\/zastalowcy.pl\/?p=974#breadcrumblist"},"author":{"@id":"https:\/\/zastalowcy.pl\/?author=3#author"},"creator":{"@id":"https:\/\/zastalowcy.pl\/?author=3#author"},"image":{"@type":"ImageObject","url":"https:\/\/zastalowcy.pl\/wp-content\/uploads\/2026\/02\/profilowe-7.png","@id":"https:\/\/zastalowcy.pl\/?p=974\/#mainImage","width":2048,"height":2048},"primaryImageOfPage":{"@id":"https:\/\/zastalowcy.pl\/?p=974#mainImage"},"datePublished":"2026-02-05T17:09:50+01:00","dateModified":"2026-02-05T17:09:51+01:00"},{"@type":"WebSite","@id":"https:\/\/zastalowcy.pl\/#website","url":"https:\/\/zastalowcy.pl\/","description":"O Zastalu od kibic\u00f3w \u2013 dla kibic\u00f3w","inLanguage":"pl-PL","publisher":{"@id":"https:\/\/zastalowcy.pl\/#organization"}}]},"og:locale":"pl_PL","og:site_name":"- O Zastalu od kibic\u00f3w \u2013 dla kibic\u00f3w","og:type":"article","og:title":"Trener Mi\u0142oszewski przed meczem z Ark\u0105: \u201eJedziemy z bojowym nastawieniem i ch\u0119ci\u0105 rewan\u017cu\u201d -","og:description":"Przed ORLEN Zastalem Zielona G\u00f3ra kolejne trudne wyzwanie w ORLEN Basket Lidze. W 19. kolejce rundy zasadniczej zielonog\u00f3rzanie zmierz\u0105 si\u0119 na wyje\u017adzie z AMW Ark\u0105 Gdynia \u2013 zespo\u0142em z ligowej czo\u0142\u00f3wki. Przed wyjazdem g\u0142os zabra\u0142 trener Zastalu, Arkadiusz Mi\u0142oszewski. \u2013 Wyje\u017cd\u017camy z bardzo bojowym nastawieniem. Chcemy sprawi\u0107 niespodziank\u0119 \u2013 podkre\u015bli\u0142 szkoleniowiec zielonog\u00f3rzan. Jak zaznaczy\u0142, Arka","og:url":"https:\/\/zastalowcy.pl\/?p=974","og:image":"https:\/\/zastalowcy.pl\/wp-content\/uploads\/2025\/09\/cropped-logo-strony-2.png","og:image:secure_url":"https:\/\/zastalowcy.pl\/wp-content\/uploads\/2025\/09\/cropped-logo-strony-2.png","og:image:width":1862,"og:image:height":384,"article:published_time":"2026-02-05T16:09:50+00:00","article:modified_time":"2026-02-05T16:09:51+00:00","twitter:card":"summary_large_image","twitter:title":"Trener Mi\u0142oszewski przed meczem z Ark\u0105: \u201eJedziemy z bojowym nastawieniem i ch\u0119ci\u0105 rewan\u017cu\u201d -","twitter:description":"Przed ORLEN Zastalem Zielona G\u00f3ra kolejne trudne wyzwanie w ORLEN Basket Lidze. W 19. kolejce rundy zasadniczej zielonog\u00f3rzanie zmierz\u0105 si\u0119 na wyje\u017adzie z AMW Ark\u0105 Gdynia \u2013 zespo\u0142em z ligowej czo\u0142\u00f3wki. Przed wyjazdem g\u0142os zabra\u0142 trener Zastalu, Arkadiusz Mi\u0142oszewski. \u2013 Wyje\u017cd\u017camy z bardzo bojowym nastawieniem. Chcemy sprawi\u0107 niespodziank\u0119 \u2013 podkre\u015bli\u0142 szkoleniowiec zielonog\u00f3rzan. Jak zaznaczy\u0142, Arka","twitter:image":"https:\/\/zastalowcy.pl\/wp-content\/uploads\/2025\/09\/cropped-logo-strony-2.png"},"aioseo_meta_data":{"post_id":"974","title":null,"description":null,"keywords":null,"keyphrases":null,"primary_term":null,"canonical_url":null,"og_title":null,"og_description":null,"og_object_type":"default","og_image_type":"default","og_image_custom_url":null,"og_image_custom_fields":null,"og_image_url":null,"og_image_width":null,"og_image_height":null,"og_video":null,"og_custom_url":null,"og_article_section":null,"og_article_tags":null,"twitter_use_og":false,"twitter_card":"default","twitter_image_type":"default","twitter_image_custom_url":null,"twitter_image_custom_fields":null,"twitter_image_url":null,"twitter_title":null,"twitter_description":null,"schema_type":"default","schema_type_options":null,"schema":{"blockGraphs":[],"customGraphs":[],"default":{"data":{"Article":[],"Course":[],"Dataset":[],"FAQPage":[],"Movie":[],"Person":[],"Product":[],"ProductReview":[],"Car":[],"Recipe":[],"Service":[],"SoftwareApplication":[],"WebPage":[]},"graphName":"","isEnabled":true},"graphs":[]},"pillar_content":false,"robots_default":true,"robots_noindex":false,"robots_noarchive":false,"robots_nosnippet":false,"robots_nofollow":false,"robots_noimageindex":false,"robots_noodp":false,"robots_notranslate":false,"robots_max_snippet":null,"robots_max_videopreview":null,"robots_max_imagepreview":"large","priority":null,"frequency":null,"local_seo":null,"limit_modified_date":false,"ai":null,"breadcrumb_settings":null,"seo_analyzer_scan_date":null,"created":"2026-07-15 16:56:07","updated":"2026-07-15 16:56:07","focus_keyword":null,"additional_keywords":null,"truseo_locale":null},"aioseo_breadcrumb":"<div class=\"aioseo-breadcrumbs\"><span class=\"aioseo-breadcrumb\">\n\t\t\t<a href=\"https:\/\/zastalowcy.pl\" title=\"Home\">Home<\/a>\n\t\t<\/span><span class=\"aioseo-breadcrumb-separator\">&raquo;<\/span><span class=\"aioseo-breadcrumb\">\n\t\t\t<a href=\"https:\/\/zastalowcy.pl\/?cat=9\" title=\"Sezon 2025\/2026\">Sezon 2025\/2026<\/a>\n\t\t<\/span><span class=\"aioseo-breadcrumb-separator\">&raquo;<\/span><span class=\"aioseo-breadcrumb\">\n\t\t\tTrener Mi\u0142oszewski przed meczem z Ark\u0105: \u201eJedziemy z bojowym nastawieniem i ch\u0119ci\u0105 rewan\u017cu\u201d\n\t\t<\/span><\/div>","aioseo_breadcrumb_json":[{"label":"Home","link":"https:\/\/zastalowcy.pl"},{"label":"Sezon 2025\/2026","link":"https:\/\/zastalowcy.pl\/?cat=9"},{"label":"Trener Mi\u0142oszewski przed meczem z Ark\u0105: \u201eJedziemy z bojowym nastawieniem i ch\u0119ci\u0105 rewan\u017cu\u201d","link":"https:\/\/zastalowcy.pl\/?p=974"}],"_links":{"self":[{"href":"https:\/\/zastalowcy.pl\/index.php?rest_route=\/wp\/v2\/posts\/974","targetHints":{"allow":["GET"]}}],"collection":[{"href":"https:\/\/zastalowcy.pl\/index.php?rest_route=\/wp\/v2\/posts"}],"about":[{"href":"https:\/\/zastalowcy.pl\/index.php?rest_route=\/wp\/v2\/types\/post"}],"author":[{"embeddable":true,"href":"https:\/\/zastalowcy.pl\/index.php?rest_route=\/wp\/v2\/users\/3"}],"replies":[{"embeddable":true,"href":"https:\/\/zastalowcy.pl\/index.php?rest_route=%2Fwp%2Fv2%2Fcomments&post=974"}],"version-history":[{"count":1,"href":"https:\/\/zastalowcy.pl\/index.php?rest_route=\/wp\/v2\/posts\/974\/revisions"}],"predecessor-version":[{"id":976,"href":"https:\/\/zastalowcy.pl\/index.php?rest_route=\/wp\/v2\/posts\/974\/revisions\/976"}],"wp:featuredmedia":[{"embeddable":true,"href":"https:\/\/zastalowcy.pl\/index.php?rest_route=\/wp\/v2\/media\/975"}],"wp:attachment":[{"href":"https:\/\/zastalowcy.pl\/index.php?rest_route=%2Fwp%2Fv2%2Fmedia&parent=974"}],"wp:term":[{"taxonomy":"category","embeddable":true,"href":"https:\/\/zastalowcy.pl\/index.php?rest_route=%2Fwp%2Fv2%2Fcategories&post=974"},{"taxonomy":"post_tag","embeddable":true,"href":"https:\/\/zastalowcy.pl\/index.php?rest_route=%2Fwp%2Fv2%2Ftags&post=974"}],"curies":[{"name":"wp","href":"https:\/\/api.w.org\/{rel}","templated":true}]}}