{"id":984,"date":"2026-02-06T12:34:00","date_gmt":"2026-02-06T11:34:00","guid":{"rendered":"https:\/\/zastalowcy.pl\/?p=984"},"modified":"2026-02-08T21:37:07","modified_gmt":"2026-02-08T20:37:07","slug":"szumert-poprowadzil-zastal-do-rewanzu-w-gdyni-obudzilismy-sie-po-przerwie","status":"publish","type":"post","link":"https:\/\/zastalowcy.pl\/?p=984","title":{"rendered":"Szumert poprowadzi\u0142 Zastal do rewan\u017cu w Gdyni. \u201eObudzili\u015bmy si\u0119 po przerwie\u201d"},"content":{"rendered":"\n<p class=\"wp-block-paragraph\">ORLEN Zastal Zielona G\u00f3ra udanie zrewan\u017cowa\u0142 si\u0119 AMW Arce Gdynia za pora\u017ck\u0119 z pierwszej rundy. Zielonog\u00f3rzanie, mimo os\u0142abie\u0144 kadrowych, wygrali na wyje\u017adzie <a href=\"https:\/\/zastalowcy.pl\/?p=977\">82:71<\/a>, a jedn\u0105 z kluczowych postaci spotkania by\u0142 Jakub Szumert, kt\u00f3ry po meczu nie ukrywa\u0142, \u017ce pocz\u0105tek nie nale\u017ca\u0142 do udanych.<\/p>\n\n\n\n<p class=\"wp-block-paragraph\">\u2013 Wyszli\u015bmy bardzo ospale w ten mecz. Nie mogli\u015bmy wyegzekwowa\u0107 swoich rzeczy, czasami wypada\u0142a nam pi\u0142ka z r\u0105k \u2013 przyzna\u0142 Szumert. \u2013 Cieszymy si\u0119, \u017ce obudzili\u015bmy si\u0119 po po\u0142owie. Tak jak trener m\u00f3wi\u0142 \u2013 musieli\u015bmy si\u0119 obudzi\u0107. Dobr\u0105 obron\u0105 i szybkimi akcjami wyci\u0105gn\u0119li\u015bmy ten mecz i sko\u0144czy\u0142o si\u0119 jedenastoma punktami przewagi.<\/p>\n\n\n\n<p class=\"wp-block-paragraph\">Dla m\u0142odego skrzyd\u0142owego by\u0142 to tak\u017ce wyj\u0105tkowy mecz ze wzgl\u0119du na rywala. Szumert przez dwa sezony reprezentowa\u0142 barwy Arki, a powr\u00f3t do Gdyni mia\u0142 dla niego szczeg\u00f3lny wymiar. \u2013 To na pewno dodatkowa motywacja. Wraca si\u0119 do miejsca, gdzie dla mnie zacz\u0119\u0142a si\u0119 przygoda z Ekstraklas\u0105 \u2013 m\u00f3wi\u0142. \u2013 Mam tu du\u017co znajomych, nie tylko w klubie, ale i poza nim. Czuj\u0119 si\u0119 tu dobrze, ciesz\u0119 si\u0119, \u017ce mog\u0142em wr\u00f3ci\u0107.<\/p>\n\n\n\n<p class=\"wp-block-paragraph\">Po ko\u0144cowej syrenie Szumert zosta\u0142 przywo\u0142any przez gdy\u0144skich kibic\u00f3w, co r\u00f3wnie\u017c zapad\u0142o mu w pami\u0119\u0107. \u2013 Bardzo dzi\u0119kuj\u0119. Bardzo lubi\u0142em t\u0119 grup\u0119 kibic\u00f3w. Przybili\u015bmy pi\u0105tki \u2013 wiadomo, \u017ce dzi\u015b nie kibicowali mi za bardzo, ale by\u0142o bardzo mi\u0142o \u2013 doda\u0142 z u\u015bmiechem.<\/p>\n\n\n\n<p class=\"wp-block-paragraph\">Zapytany o koszykarskie inspiracje, zawodnik Zastalu wskaza\u0142 zar\u00f3wno na gwiazdy europejskich parkiet\u00f3w, jak i swojego idola z dzieci\u0144stwa. \u2013 Vezenkov na pewno, je\u015bli chodzi o Eurolig\u0119. Staram si\u0119 bra\u0107 co\u015b po\u017cytecznego od r\u00f3\u017cnych zawodnik\u00f3w. A moim idolem od dziecka by\u0142 i dalej jest Giannis Antetokounmpo \u2013 podkre\u015bli\u0142.<\/p>\n","protected":false},"excerpt":{"rendered":"<p>ORLEN Zastal Zielona G\u00f3ra udanie zrewan\u017cowa\u0142 si\u0119 AMW Arce Gdynia za pora\u017ck\u0119 z pierwszej rundy. Zielonog\u00f3rzanie, mimo os\u0142abie\u0144<\/p>\n","protected":false},"author":3,"featured_media":985,"comment_status":"open","ping_status":"open","sticky":false,"template":"","format":"standard","meta":{"om_disable_all_campaigns":false,"footnotes":""},"categories":[18,9],"tags":[141,140,17,26,75,15,304,13,156,12,14,42,11,10,16],"class_list":["post-984","post","type-post","status-publish","format-standard","has-post-thumbnail","hentry","category-aktualnosci","category-sezon-2025-2026","tag-amw-arka-gdynia","tag-arka-gdynia","tag-basketzg","tag-druzyna","tag-jakub-szumert","tag-koszykowka","tag-kuba-szumert","tag-orlen-zastal-zielona-gora","tag-szumert","tag-zastal","tag-zastal-zielona-gora","tag-zastalowcy","tag-zielona-gora","tag-zielonagora","tag-zielonogorska-koszykowka"],"aioseo_notices":[],"aioseo_head":"\n\t\t<!-- All in One SEO 5.0.0.1 - aioseo.com -->\n\t<meta name=\"description\" content=\"ORLEN Zastal Zielona G\u00f3ra udanie zrewan\u017cowa\u0142 si\u0119 AMW Arce Gdynia za pora\u017ck\u0119 z pierwszej rundy. Zielonog\u00f3rzanie, mimo os\u0142abie\u0144 kadrowych, wygrali na wyje\u017adzie 82:71, a jedn\u0105 z kluczowych postaci spotkania by\u0142 Jakub Szumert, kt\u00f3ry po meczu nie ukrywa\u0142, \u017ce pocz\u0105tek nie nale\u017ca\u0142 do udanych. \u2013 Wyszli\u015bmy bardzo ospale w ten mecz. Nie mogli\u015bmy wyegzekwowa\u0107 swoich rzeczy,\" \/>\n\t<meta name=\"robots\" content=\"max-image-preview:large\" \/>\n\t<meta name=\"author\" content=\"Joanna Nawlicka\"\/>\n\t<link rel=\"canonical\" href=\"https:\/\/zastalowcy.pl\/?p=984\" \/>\n\t<meta name=\"generator\" content=\"All in One SEO (AIOSEO) 5.0.0.1\" \/>\n\t\t<meta property=\"og:locale\" content=\"pl_PL\" \/>\n\t\t<meta property=\"og:site_name\" content=\"- O Zastalu od kibic\u00f3w \u2013 dla kibic\u00f3w\" \/>\n\t\t<meta property=\"og:type\" content=\"article\" \/>\n\t\t<meta property=\"og:title\" content=\"Szumert poprowadzi\u0142 Zastal do rewan\u017cu w Gdyni. \u201eObudzili\u015bmy si\u0119 po przerwie\u201d -\" \/>\n\t\t<meta property=\"og:description\" content=\"ORLEN Zastal Zielona G\u00f3ra udanie zrewan\u017cowa\u0142 si\u0119 AMW Arce Gdynia za pora\u017ck\u0119 z pierwszej rundy. Zielonog\u00f3rzanie, mimo os\u0142abie\u0144 kadrowych, wygrali na wyje\u017adzie 82:71, a jedn\u0105 z kluczowych postaci spotkania by\u0142 Jakub Szumert, kt\u00f3ry po meczu nie ukrywa\u0142, \u017ce pocz\u0105tek nie nale\u017ca\u0142 do udanych. \u2013 Wyszli\u015bmy bardzo ospale w ten mecz. Nie mogli\u015bmy wyegzekwowa\u0107 swoich rzeczy,\" \/>\n\t\t<meta property=\"og:url\" content=\"https:\/\/zastalowcy.pl\/?p=984\" \/>\n\t\t<meta property=\"og:image\" content=\"https:\/\/zastalowcy.pl\/wp-content\/uploads\/2025\/09\/cropped-logo-strony-2.png\" \/>\n\t\t<meta property=\"og:image:secure_url\" content=\"https:\/\/zastalowcy.pl\/wp-content\/uploads\/2025\/09\/cropped-logo-strony-2.png\" \/>\n\t\t<meta property=\"og:image:width\" content=\"1862\" \/>\n\t\t<meta property=\"og:image:height\" content=\"384\" \/>\n\t\t<meta property=\"article:published_time\" content=\"2026-02-06T11:34:00+00:00\" \/>\n\t\t<meta property=\"article:modified_time\" content=\"2026-02-08T20:37:07+00:00\" \/>\n\t\t<meta name=\"twitter:card\" content=\"summary_large_image\" \/>\n\t\t<meta name=\"twitter:title\" content=\"Szumert poprowadzi\u0142 Zastal do rewan\u017cu w Gdyni. \u201eObudzili\u015bmy si\u0119 po przerwie\u201d -\" \/>\n\t\t<meta name=\"twitter:description\" content=\"ORLEN Zastal Zielona G\u00f3ra udanie zrewan\u017cowa\u0142 si\u0119 AMW Arce Gdynia za pora\u017ck\u0119 z pierwszej rundy. Zielonog\u00f3rzanie, mimo os\u0142abie\u0144 kadrowych, wygrali na wyje\u017adzie 82:71, a jedn\u0105 z kluczowych postaci spotkania by\u0142 Jakub Szumert, kt\u00f3ry po meczu nie ukrywa\u0142, \u017ce pocz\u0105tek nie nale\u017ca\u0142 do udanych. \u2013 Wyszli\u015bmy bardzo ospale w ten mecz. Nie mogli\u015bmy wyegzekwowa\u0107 swoich rzeczy,\" \/>\n\t\t<meta name=\"twitter:image\" content=\"https:\/\/zastalowcy.pl\/wp-content\/uploads\/2025\/09\/cropped-logo-strony-2.png\" \/>\n\t\t<script type=\"application\/ld+json\" class=\"aioseo-schema\">\n\t\t\t{\"@context\":\"https:\\\/\\\/schema.org\",\"@graph\":[{\"@type\":\"BlogPosting\",\"@id\":\"https:\\\/\\\/zastalowcy.pl\\\/?p=984#blogposting\",\"name\":\"Szumert poprowadzi\\u0142 Zastal do rewan\\u017cu w Gdyni. \\u201eObudzili\\u015bmy si\\u0119 po przerwie\\u201d -\",\"headline\":\"Szumert poprowadzi\\u0142 Zastal do rewan\\u017cu w Gdyni. \\u201eObudzili\\u015bmy si\\u0119 po przerwie\\u201d\",\"author\":{\"@id\":\"https:\\\/\\\/zastalowcy.pl\\\/?author=3#author\"},\"publisher\":{\"@id\":\"https:\\\/\\\/zastalowcy.pl\\\/#organization\"},\"image\":{\"@type\":\"ImageObject\",\"url\":\"https:\\\/\\\/zastalowcy.pl\\\/wp-content\\\/uploads\\\/2026\\\/02\\\/profilowe-10.png\",\"width\":2048,\"height\":2048},\"datePublished\":\"2026-02-06T12:34:00+01:00\",\"dateModified\":\"2026-02-08T21:37:07+01:00\",\"inLanguage\":\"pl-PL\",\"mainEntityOfPage\":{\"@id\":\"https:\\\/\\\/zastalowcy.pl\\\/?p=984#webpage\"},\"isPartOf\":{\"@id\":\"https:\\\/\\\/zastalowcy.pl\\\/?p=984#webpage\"},\"articleSection\":\"Aktualno\\u015bci, Sezon 2025\\\/2026, amw arka gdynia, arka gdynia, basketzg, dru\\u017cyna, jakub szumert, koszyk\\u00f3wka, kuba szumert, orlen zastal zielona g\\u00f3ra, szumert, zastal, zastal zielona g\\u00f3ra, zastalowcy, zielona g\\u00f3ra, zielonagora, zielonog\\u00f3rska koszyk\\u00f3wka\"},{\"@type\":\"BreadcrumbList\",\"@id\":\"https:\\\/\\\/zastalowcy.pl\\\/?p=984#breadcrumblist\",\"itemListElement\":[{\"@type\":\"ListItem\",\"@id\":\"https:\\\/\\\/zastalowcy.pl#listItem\",\"position\":1,\"name\":\"Home\",\"item\":\"https:\\\/\\\/zastalowcy.pl\",\"nextItem\":{\"@type\":\"ListItem\",\"@id\":\"https:\\\/\\\/zastalowcy.pl\\\/?cat=9#listItem\",\"name\":\"Sezon 2025\\\/2026\"}},{\"@type\":\"ListItem\",\"@id\":\"https:\\\/\\\/zastalowcy.pl\\\/?cat=9#listItem\",\"position\":2,\"name\":\"Sezon 2025\\\/2026\",\"item\":\"https:\\\/\\\/zastalowcy.pl\\\/?cat=9\",\"nextItem\":{\"@type\":\"ListItem\",\"@id\":\"https:\\\/\\\/zastalowcy.pl\\\/?p=984#listItem\",\"name\":\"Szumert poprowadzi\\u0142 Zastal do rewan\\u017cu w Gdyni. \\u201eObudzili\\u015bmy si\\u0119 po przerwie\\u201d\"},\"previousItem\":{\"@type\":\"ListItem\",\"@id\":\"https:\\\/\\\/zastalowcy.pl#listItem\",\"name\":\"Home\"}},{\"@type\":\"ListItem\",\"@id\":\"https:\\\/\\\/zastalowcy.pl\\\/?p=984#listItem\",\"position\":3,\"name\":\"Szumert poprowadzi\\u0142 Zastal do rewan\\u017cu w Gdyni. \\u201eObudzili\\u015bmy si\\u0119 po przerwie\\u201d\",\"previousItem\":{\"@type\":\"ListItem\",\"@id\":\"https:\\\/\\\/zastalowcy.pl\\\/?cat=9#listItem\",\"name\":\"Sezon 2025\\\/2026\"}}]},{\"@type\":\"Organization\",\"@id\":\"https:\\\/\\\/zastalowcy.pl\\\/#organization\",\"description\":\"O Zastalu od kibic\\u00f3w \\u2013 dla kibic\\u00f3w\",\"url\":\"https:\\\/\\\/zastalowcy.pl\\\/\",\"logo\":{\"@type\":\"ImageObject\",\"url\":\"https:\\\/\\\/zastalowcy.pl\\\/wp-content\\\/uploads\\\/2025\\\/09\\\/cropped-logo-strony-2.png\",\"@id\":\"https:\\\/\\\/zastalowcy.pl\\\/?p=984\\\/#organizationLogo\",\"width\":1862,\"height\":384},\"image\":{\"@id\":\"https:\\\/\\\/zastalowcy.pl\\\/?p=984\\\/#organizationLogo\"}},{\"@type\":\"Person\",\"@id\":\"https:\\\/\\\/zastalowcy.pl\\\/?author=3#author\",\"url\":\"https:\\\/\\\/zastalowcy.pl\\\/?author=3\",\"name\":\"Joanna Nawlicka\",\"image\":{\"@type\":\"ImageObject\",\"@id\":\"https:\\\/\\\/zastalowcy.pl\\\/?p=984#authorImage\",\"url\":\"https:\\\/\\\/secure.gravatar.com\\\/avatar\\\/66fc557d97536ff5096b6295970275631b7a4673997738477642001957f5274c?s=96&d=mm&r=g\",\"width\":96,\"height\":96,\"caption\":\"Joanna Nawlicka\"}},{\"@type\":\"WebPage\",\"@id\":\"https:\\\/\\\/zastalowcy.pl\\\/?p=984#webpage\",\"url\":\"https:\\\/\\\/zastalowcy.pl\\\/?p=984\",\"name\":\"Szumert poprowadzi\\u0142 Zastal do rewan\\u017cu w Gdyni. \\u201eObudzili\\u015bmy si\\u0119 po przerwie\\u201d -\",\"description\":\"ORLEN Zastal Zielona G\\u00f3ra udanie zrewan\\u017cowa\\u0142 si\\u0119 AMW Arce Gdynia za pora\\u017ck\\u0119 z pierwszej rundy. Zielonog\\u00f3rzanie, mimo os\\u0142abie\\u0144 kadrowych, wygrali na wyje\\u017adzie 82:71, a jedn\\u0105 z kluczowych postaci spotkania by\\u0142 Jakub Szumert, kt\\u00f3ry po meczu nie ukrywa\\u0142, \\u017ce pocz\\u0105tek nie nale\\u017ca\\u0142 do udanych. \\u2013 Wyszli\\u015bmy bardzo ospale w ten mecz. Nie mogli\\u015bmy wyegzekwowa\\u0107 swoich rzeczy,\",\"inLanguage\":\"pl-PL\",\"isPartOf\":{\"@id\":\"https:\\\/\\\/zastalowcy.pl\\\/#website\"},\"breadcrumb\":{\"@id\":\"https:\\\/\\\/zastalowcy.pl\\\/?p=984#breadcrumblist\"},\"author\":{\"@id\":\"https:\\\/\\\/zastalowcy.pl\\\/?author=3#author\"},\"creator\":{\"@id\":\"https:\\\/\\\/zastalowcy.pl\\\/?author=3#author\"},\"image\":{\"@type\":\"ImageObject\",\"url\":\"https:\\\/\\\/zastalowcy.pl\\\/wp-content\\\/uploads\\\/2026\\\/02\\\/profilowe-10.png\",\"@id\":\"https:\\\/\\\/zastalowcy.pl\\\/?p=984\\\/#mainImage\",\"width\":2048,\"height\":2048},\"primaryImageOfPage\":{\"@id\":\"https:\\\/\\\/zastalowcy.pl\\\/?p=984#mainImage\"},\"datePublished\":\"2026-02-06T12:34:00+01:00\",\"dateModified\":\"2026-02-08T21:37:07+01:00\"},{\"@type\":\"WebSite\",\"@id\":\"https:\\\/\\\/zastalowcy.pl\\\/#website\",\"url\":\"https:\\\/\\\/zastalowcy.pl\\\/\",\"description\":\"O Zastalu od kibic\\u00f3w \\u2013 dla kibic\\u00f3w\",\"inLanguage\":\"pl-PL\",\"publisher\":{\"@id\":\"https:\\\/\\\/zastalowcy.pl\\\/#organization\"}}]}\n\t\t<\/script>\n\t\t<!-- All in One SEO -->\n\n","aioseo_head_json":{"title":"Szumert poprowadzi\u0142 Zastal do rewan\u017cu w Gdyni. \u201eObudzili\u015bmy si\u0119 po przerwie\u201d -","description":"ORLEN Zastal Zielona G\u00f3ra udanie zrewan\u017cowa\u0142 si\u0119 AMW Arce Gdynia za pora\u017ck\u0119 z pierwszej rundy. Zielonog\u00f3rzanie, mimo os\u0142abie\u0144 kadrowych, wygrali na wyje\u017adzie 82:71, a jedn\u0105 z kluczowych postaci spotkania by\u0142 Jakub Szumert, kt\u00f3ry po meczu nie ukrywa\u0142, \u017ce pocz\u0105tek nie nale\u017ca\u0142 do udanych. \u2013 Wyszli\u015bmy bardzo ospale w ten mecz. Nie mogli\u015bmy wyegzekwowa\u0107 swoich rzeczy,","canonical_url":"https:\/\/zastalowcy.pl\/?p=984","robots":"max-image-preview:large","keywords":"","webmasterTools":{"miscellaneous":""},"schema":{"@context":"https:\/\/schema.org","@graph":[{"@type":"BlogPosting","@id":"https:\/\/zastalowcy.pl\/?p=984#blogposting","name":"Szumert poprowadzi\u0142 Zastal do rewan\u017cu w Gdyni. \u201eObudzili\u015bmy si\u0119 po przerwie\u201d -","headline":"Szumert poprowadzi\u0142 Zastal do rewan\u017cu w Gdyni. \u201eObudzili\u015bmy si\u0119 po przerwie\u201d","author":{"@id":"https:\/\/zastalowcy.pl\/?author=3#author"},"publisher":{"@id":"https:\/\/zastalowcy.pl\/#organization"},"image":{"@type":"ImageObject","url":"https:\/\/zastalowcy.pl\/wp-content\/uploads\/2026\/02\/profilowe-10.png","width":2048,"height":2048},"datePublished":"2026-02-06T12:34:00+01:00","dateModified":"2026-02-08T21:37:07+01:00","inLanguage":"pl-PL","mainEntityOfPage":{"@id":"https:\/\/zastalowcy.pl\/?p=984#webpage"},"isPartOf":{"@id":"https:\/\/zastalowcy.pl\/?p=984#webpage"},"articleSection":"Aktualno\u015bci, Sezon 2025\/2026, amw arka gdynia, arka gdynia, basketzg, dru\u017cyna, jakub szumert, koszyk\u00f3wka, kuba szumert, orlen zastal zielona g\u00f3ra, szumert, zastal, zastal zielona g\u00f3ra, zastalowcy, zielona g\u00f3ra, zielonagora, zielonog\u00f3rska koszyk\u00f3wka"},{"@type":"BreadcrumbList","@id":"https:\/\/zastalowcy.pl\/?p=984#breadcrumblist","itemListElement":[{"@type":"ListItem","@id":"https:\/\/zastalowcy.pl#listItem","position":1,"name":"Home","item":"https:\/\/zastalowcy.pl","nextItem":{"@type":"ListItem","@id":"https:\/\/zastalowcy.pl\/?cat=9#listItem","name":"Sezon 2025\/2026"}},{"@type":"ListItem","@id":"https:\/\/zastalowcy.pl\/?cat=9#listItem","position":2,"name":"Sezon 2025\/2026","item":"https:\/\/zastalowcy.pl\/?cat=9","nextItem":{"@type":"ListItem","@id":"https:\/\/zastalowcy.pl\/?p=984#listItem","name":"Szumert poprowadzi\u0142 Zastal do rewan\u017cu w Gdyni. \u201eObudzili\u015bmy si\u0119 po przerwie\u201d"},"previousItem":{"@type":"ListItem","@id":"https:\/\/zastalowcy.pl#listItem","name":"Home"}},{"@type":"ListItem","@id":"https:\/\/zastalowcy.pl\/?p=984#listItem","position":3,"name":"Szumert poprowadzi\u0142 Zastal do rewan\u017cu w Gdyni. \u201eObudzili\u015bmy si\u0119 po przerwie\u201d","previousItem":{"@type":"ListItem","@id":"https:\/\/zastalowcy.pl\/?cat=9#listItem","name":"Sezon 2025\/2026"}}]},{"@type":"Organization","@id":"https:\/\/zastalowcy.pl\/#organization","description":"O Zastalu od kibic\u00f3w \u2013 dla kibic\u00f3w","url":"https:\/\/zastalowcy.pl\/","logo":{"@type":"ImageObject","url":"https:\/\/zastalowcy.pl\/wp-content\/uploads\/2025\/09\/cropped-logo-strony-2.png","@id":"https:\/\/zastalowcy.pl\/?p=984\/#organizationLogo","width":1862,"height":384},"image":{"@id":"https:\/\/zastalowcy.pl\/?p=984\/#organizationLogo"}},{"@type":"Person","@id":"https:\/\/zastalowcy.pl\/?author=3#author","url":"https:\/\/zastalowcy.pl\/?author=3","name":"Joanna Nawlicka","image":{"@type":"ImageObject","@id":"https:\/\/zastalowcy.pl\/?p=984#authorImage","url":"https:\/\/secure.gravatar.com\/avatar\/66fc557d97536ff5096b6295970275631b7a4673997738477642001957f5274c?s=96&d=mm&r=g","width":96,"height":96,"caption":"Joanna Nawlicka"}},{"@type":"WebPage","@id":"https:\/\/zastalowcy.pl\/?p=984#webpage","url":"https:\/\/zastalowcy.pl\/?p=984","name":"Szumert poprowadzi\u0142 Zastal do rewan\u017cu w Gdyni. \u201eObudzili\u015bmy si\u0119 po przerwie\u201d -","description":"ORLEN Zastal Zielona G\u00f3ra udanie zrewan\u017cowa\u0142 si\u0119 AMW Arce Gdynia za pora\u017ck\u0119 z pierwszej rundy. Zielonog\u00f3rzanie, mimo os\u0142abie\u0144 kadrowych, wygrali na wyje\u017adzie 82:71, a jedn\u0105 z kluczowych postaci spotkania by\u0142 Jakub Szumert, kt\u00f3ry po meczu nie ukrywa\u0142, \u017ce pocz\u0105tek nie nale\u017ca\u0142 do udanych. \u2013 Wyszli\u015bmy bardzo ospale w ten mecz. Nie mogli\u015bmy wyegzekwowa\u0107 swoich rzeczy,","inLanguage":"pl-PL","isPartOf":{"@id":"https:\/\/zastalowcy.pl\/#website"},"breadcrumb":{"@id":"https:\/\/zastalowcy.pl\/?p=984#breadcrumblist"},"author":{"@id":"https:\/\/zastalowcy.pl\/?author=3#author"},"creator":{"@id":"https:\/\/zastalowcy.pl\/?author=3#author"},"image":{"@type":"ImageObject","url":"https:\/\/zastalowcy.pl\/wp-content\/uploads\/2026\/02\/profilowe-10.png","@id":"https:\/\/zastalowcy.pl\/?p=984\/#mainImage","width":2048,"height":2048},"primaryImageOfPage":{"@id":"https:\/\/zastalowcy.pl\/?p=984#mainImage"},"datePublished":"2026-02-06T12:34:00+01:00","dateModified":"2026-02-08T21:37:07+01:00"},{"@type":"WebSite","@id":"https:\/\/zastalowcy.pl\/#website","url":"https:\/\/zastalowcy.pl\/","description":"O Zastalu od kibic\u00f3w \u2013 dla kibic\u00f3w","inLanguage":"pl-PL","publisher":{"@id":"https:\/\/zastalowcy.pl\/#organization"}}]},"og:locale":"pl_PL","og:site_name":"- O Zastalu od kibic\u00f3w \u2013 dla kibic\u00f3w","og:type":"article","og:title":"Szumert poprowadzi\u0142 Zastal do rewan\u017cu w Gdyni. \u201eObudzili\u015bmy si\u0119 po przerwie\u201d -","og:description":"ORLEN Zastal Zielona G\u00f3ra udanie zrewan\u017cowa\u0142 si\u0119 AMW Arce Gdynia za pora\u017ck\u0119 z pierwszej rundy. Zielonog\u00f3rzanie, mimo os\u0142abie\u0144 kadrowych, wygrali na wyje\u017adzie 82:71, a jedn\u0105 z kluczowych postaci spotkania by\u0142 Jakub Szumert, kt\u00f3ry po meczu nie ukrywa\u0142, \u017ce pocz\u0105tek nie nale\u017ca\u0142 do udanych. \u2013 Wyszli\u015bmy bardzo ospale w ten mecz. Nie mogli\u015bmy wyegzekwowa\u0107 swoich rzeczy,","og:url":"https:\/\/zastalowcy.pl\/?p=984","og:image":"https:\/\/zastalowcy.pl\/wp-content\/uploads\/2025\/09\/cropped-logo-strony-2.png","og:image:secure_url":"https:\/\/zastalowcy.pl\/wp-content\/uploads\/2025\/09\/cropped-logo-strony-2.png","og:image:width":1862,"og:image:height":384,"article:published_time":"2026-02-06T11:34:00+00:00","article:modified_time":"2026-02-08T20:37:07+00:00","twitter:card":"summary_large_image","twitter:title":"Szumert poprowadzi\u0142 Zastal do rewan\u017cu w Gdyni. \u201eObudzili\u015bmy si\u0119 po przerwie\u201d -","twitter:description":"ORLEN Zastal Zielona G\u00f3ra udanie zrewan\u017cowa\u0142 si\u0119 AMW Arce Gdynia za pora\u017ck\u0119 z pierwszej rundy. Zielonog\u00f3rzanie, mimo os\u0142abie\u0144 kadrowych, wygrali na wyje\u017adzie 82:71, a jedn\u0105 z kluczowych postaci spotkania by\u0142 Jakub Szumert, kt\u00f3ry po meczu nie ukrywa\u0142, \u017ce pocz\u0105tek nie nale\u017ca\u0142 do udanych. \u2013 Wyszli\u015bmy bardzo ospale w ten mecz. Nie mogli\u015bmy wyegzekwowa\u0107 swoich rzeczy,","twitter:image":"https:\/\/zastalowcy.pl\/wp-content\/uploads\/2025\/09\/cropped-logo-strony-2.png"},"aioseo_meta_data":{"post_id":"984","title":null,"description":null,"keywords":null,"keyphrases":null,"primary_term":null,"canonical_url":null,"og_title":null,"og_description":null,"og_object_type":"default","og_image_type":"default","og_image_custom_url":null,"og_image_custom_fields":null,"og_image_url":null,"og_image_width":null,"og_image_height":null,"og_video":null,"og_custom_url":null,"og_article_section":null,"og_article_tags":null,"twitter_use_og":false,"twitter_card":"default","twitter_image_type":"default","twitter_image_custom_url":null,"twitter_image_custom_fields":null,"twitter_image_url":null,"twitter_title":null,"twitter_description":null,"schema_type":"default","schema_type_options":null,"schema":{"blockGraphs":[],"customGraphs":[],"default":{"data":{"Article":[],"Course":[],"Dataset":[],"FAQPage":[],"Movie":[],"Person":[],"Product":[],"ProductReview":[],"Car":[],"Recipe":[],"Service":[],"SoftwareApplication":[],"WebPage":[]},"graphName":"","isEnabled":true},"graphs":[]},"pillar_content":false,"robots_default":true,"robots_noindex":false,"robots_noarchive":false,"robots_nosnippet":false,"robots_nofollow":false,"robots_noimageindex":false,"robots_noodp":false,"robots_notranslate":false,"robots_max_snippet":null,"robots_max_videopreview":null,"robots_max_imagepreview":"large","priority":null,"frequency":null,"local_seo":null,"limit_modified_date":false,"ai":null,"breadcrumb_settings":null,"seo_analyzer_scan_date":null,"created":"2026-07-15 16:57:18","updated":"2026-07-15 16:57:18","focus_keyword":null,"additional_keywords":null,"truseo_locale":null},"aioseo_breadcrumb":"<div class=\"aioseo-breadcrumbs\"><span class=\"aioseo-breadcrumb\">\n\t\t\t<a href=\"https:\/\/zastalowcy.pl\" title=\"Home\">Home<\/a>\n\t\t<\/span><span class=\"aioseo-breadcrumb-separator\">&raquo;<\/span><span class=\"aioseo-breadcrumb\">\n\t\t\t<a href=\"https:\/\/zastalowcy.pl\/?cat=9\" title=\"Sezon 2025\/2026\">Sezon 2025\/2026<\/a>\n\t\t<\/span><span class=\"aioseo-breadcrumb-separator\">&raquo;<\/span><span class=\"aioseo-breadcrumb\">\n\t\t\tSzumert poprowadzi\u0142 Zastal do rewan\u017cu w Gdyni. \u201eObudzili\u015bmy si\u0119 po przerwie\u201d\n\t\t<\/span><\/div>","aioseo_breadcrumb_json":[{"label":"Home","link":"https:\/\/zastalowcy.pl"},{"label":"Sezon 2025\/2026","link":"https:\/\/zastalowcy.pl\/?cat=9"},{"label":"Szumert poprowadzi\u0142 Zastal do rewan\u017cu w Gdyni. \u201eObudzili\u015bmy si\u0119 po przerwie\u201d","link":"https:\/\/zastalowcy.pl\/?p=984"}],"_links":{"self":[{"href":"https:\/\/zastalowcy.pl\/index.php?rest_route=\/wp\/v2\/posts\/984","targetHints":{"allow":["GET"]}}],"collection":[{"href":"https:\/\/zastalowcy.pl\/index.php?rest_route=\/wp\/v2\/posts"}],"about":[{"href":"https:\/\/zastalowcy.pl\/index.php?rest_route=\/wp\/v2\/types\/post"}],"author":[{"embeddable":true,"href":"https:\/\/zastalowcy.pl\/index.php?rest_route=\/wp\/v2\/users\/3"}],"replies":[{"embeddable":true,"href":"https:\/\/zastalowcy.pl\/index.php?rest_route=%2Fwp%2Fv2%2Fcomments&post=984"}],"version-history":[{"count":1,"href":"https:\/\/zastalowcy.pl\/index.php?rest_route=\/wp\/v2\/posts\/984\/revisions"}],"predecessor-version":[{"id":986,"href":"https:\/\/zastalowcy.pl\/index.php?rest_route=\/wp\/v2\/posts\/984\/revisions\/986"}],"wp:featuredmedia":[{"embeddable":true,"href":"https:\/\/zastalowcy.pl\/index.php?rest_route=\/wp\/v2\/media\/985"}],"wp:attachment":[{"href":"https:\/\/zastalowcy.pl\/index.php?rest_route=%2Fwp%2Fv2%2Fmedia&parent=984"}],"wp:term":[{"taxonomy":"category","embeddable":true,"href":"https:\/\/zastalowcy.pl\/index.php?rest_route=%2Fwp%2Fv2%2Fcategories&post=984"},{"taxonomy":"post_tag","embeddable":true,"href":"https:\/\/zastalowcy.pl\/index.php?rest_route=%2Fwp%2Fv2%2Ftags&post=984"}],"curies":[{"name":"wp","href":"https:\/\/api.w.org\/{rel}","templated":true}]}}