{"id":991,"date":"2026-02-07T19:44:00","date_gmt":"2026-02-07T18:44:00","guid":{"rendered":"https:\/\/zastalowcy.pl\/?p=991"},"modified":"2026-02-09T00:01:26","modified_gmt":"2026-02-08T23:01:26","slug":"zastal-radzi-sobie-mimo-oslabien-miloszewski-o-mazurczaku-i-sulimie","status":"publish","type":"post","link":"https:\/\/zastalowcy.pl\/?p=991","title":{"rendered":"Zastal radzi sobie mimo os\u0142abie\u0144. Mi\u0142oszewski o Mazurczaku i Sulimie"},"content":{"rendered":"\n<p class=\"wp-block-paragraph\">Wyjazdowe zwyci\u0119stwo ORLEN Zastalu Zielona G\u00f3ra w Gdyni by\u0142o tym cenniejsze, \u017ce zielonog\u00f3rzanie musieli radzi\u0107 sobie w mocno okrojonym sk\u0142adzie. W meczu z AMW Ark\u0105 zabrak\u0142o Andrzeja Mazurczaka i Krzysztofa Sulimy, a mimo to zesp\u00f3\u0142 trenera Arkadiusza Mi\u0142oszewskiego zdo\u0142a\u0142 odwr\u00f3ci\u0107 losy spotkania po przerwie i si\u0119gn\u0105\u0107 po wygran\u0105.<\/p>\n\n\n\n<p class=\"wp-block-paragraph\">Szkoleniowiec Zastalu nie ukrywa\u0142 satysfakcji z postawy dru\u017cyny mimo nieobecno\u015bci swojego podstawowego rozgrywaj\u0105cego. \u2013 Ciesz\u0119 si\u0119, \u017ce wygrali\u015bmy bez Andy&#8217;ego. Wiemy, \u017ce czasami jest to cz\u0142owiek niezast\u0105piony, ale okazuje si\u0119, \u017ce mo\u017cna go zast\u0105pi\u0107 \u2013 podkre\u015bla\u0142 Mi\u0142oszewski. \u2013 Chocia\u017cby Jayvon Maughmer na pick&amp;rollach naprawd\u0119 kwitnie, gra coraz lepiej i zas\u0142uguje na to, \u017ceby dawa\u0107 mu pi\u0142k\u0119 w tych sytuacjach.<\/p>\n\n\n\n<p class=\"wp-block-paragraph\">Trener odni\u00f3s\u0142 si\u0119 tak\u017ce do aktualnego stanu zdrowia Andrzeja Mazurczaka, kt\u00f3ry od kilku dni zmaga si\u0119 z problemami z plecami. Jak przyzna\u0142, w ostatnich godzinach nast\u0105pi\u0142a wyra\u017ana poprawa. \u2013 Wczoraj (tj. w \u015brod\u0119, 4 lutego) by\u0142 zrobiony rezonans. Andy powiedzia\u0142, \u017ce jest du\u017co, du\u017co lepiej. Nast\u0105pi\u0142a nag\u0142a poprawa \u2013 m\u00f3wi\u0142 szkoleniowiec. \u2013 To leczenie zachowawcze i ten pierwszy tydzie\u0144 pokazuje, czy b\u00f3l mija, czy przeradza si\u0119 w co\u015b powa\u017cniejszego.<\/p>\n\n\n\n<p class=\"wp-block-paragraph\">Decyzja o przeprowadzeniu rezonansu mia\u0142a r\u00f3wnie\u017c znaczenie mentalne dla zawodnika. \u2013 Zrobili\u015bmy badanie, \u017ceby wykluczy\u0107 wszystkie powa\u017cniejsze rzeczy \u2013 dla zawodnika i dla jego g\u0142owy \u2013 zaznaczy\u0142 trener. \u2013 Nie mamy jeszcze pe\u0142nego odczytu od lekarza, mo\u017cliwe, \u017ce b\u0119d\u0119 go mia\u0142 ju\u017c w drodze powrotnej.<\/p>\n\n\n\n<p class=\"wp-block-paragraph\">W Gdyni zabrak\u0142o r\u00f3wnie\u017c Krzysztofa Sulimy. Jego absencja by\u0142a spowodowana nag\u0142ym problemem zdrowotnym tu\u017c przed wyjazdem. \u2013 Krzysztof przed samym wyjazdem powiedzia\u0142, \u017ce co\u015b go dopad\u0142o. Zrobi\u0142 test \u2013 grypa typu 2 \u2013 wyja\u015bni\u0142 Mi\u0142oszewski. \u2013 Dosta\u0142 lekarstwo, nie antybiotyk. W niedziel\u0119\/poniedzia\u0142ek powinien wr\u00f3ci\u0107 do trening\u00f3w.<\/p>\n\n\n\n<p class=\"wp-block-paragraph\">Mimo tych problem\u00f3w kadrowych Zastal pokaza\u0142, \u017ce potrafi reagowa\u0107 na trudne sytuacje i znale\u017a\u0107 rozwi\u0105zania wewn\u0105trz zespo\u0142u. Zwyci\u0119stwo w Gdyni by\u0142o tego najlepszym potwierdzeniem \u2013 zar\u00f3wno sportowo, jak i mentalnie.<\/p>\n\n\n\n<p class=\"wp-block-paragraph\">\ud83c\udfc0 Zastalowcy.pl \u2013 o Zastalu od kibic\u00f3w \u2013 dla kibic\u00f3w<\/p>\n","protected":false},"excerpt":{"rendered":"<p>Wyjazdowe zwyci\u0119stwo ORLEN Zastalu Zielona G\u00f3ra w Gdyni by\u0142o tym cenniejsze, \u017ce zielonog\u00f3rzanie musieli radzi\u0107 sobie w mocno<\/p>\n","protected":false},"author":3,"featured_media":993,"comment_status":"open","ping_status":"open","sticky":false,"template":"","format":"standard","meta":{"om_disable_all_campaigns":false,"footnotes":""},"categories":[18,9],"tags":[126,125,17,305,26,15,83,22,21,13,82,12,14,42,11,10,16],"class_list":["post-991","post","type-post","status-publish","format-standard","has-post-thumbnail","hentry","category-aktualnosci","category-sezon-2025-2026","tag-andrzej-mazurczak","tag-andy-mazurczak","tag-basketzg","tag-chorba-w-zastalu","tag-druzyna","tag-koszykowka","tag-krzysztof-sulima","tag-mazurczak","tag-miloszewski","tag-orlen-zastal-zielona-gora","tag-sulima","tag-zastal","tag-zastal-zielona-gora","tag-zastalowcy","tag-zielona-gora","tag-zielonagora","tag-zielonogorska-koszykowka"],"aioseo_notices":[],"aioseo_head":"\n\t\t<!-- All in One SEO 5.0.0.1 - aioseo.com -->\n\t<meta name=\"description\" content=\"Wyjazdowe zwyci\u0119stwo ORLEN Zastalu Zielona G\u00f3ra w Gdyni by\u0142o tym cenniejsze, \u017ce zielonog\u00f3rzanie musieli radzi\u0107 sobie w mocno okrojonym sk\u0142adzie. W meczu z AMW Ark\u0105 zabrak\u0142o Andrzeja Mazurczaka i Krzysztofa Sulimy, a mimo to zesp\u00f3\u0142 trenera Arkadiusza Mi\u0142oszewskiego zdo\u0142a\u0142 odwr\u00f3ci\u0107 losy spotkania po przerwie i si\u0119gn\u0105\u0107 po wygran\u0105. Szkoleniowiec Zastalu nie ukrywa\u0142 satysfakcji z postawy\" \/>\n\t<meta name=\"robots\" content=\"max-image-preview:large\" \/>\n\t<meta name=\"author\" content=\"Joanna Nawlicka\"\/>\n\t<link rel=\"canonical\" href=\"https:\/\/zastalowcy.pl\/?p=991\" \/>\n\t<meta name=\"generator\" content=\"All in One SEO (AIOSEO) 5.0.0.1\" \/>\n\t\t<meta property=\"og:locale\" content=\"pl_PL\" \/>\n\t\t<meta property=\"og:site_name\" content=\"- O Zastalu od kibic\u00f3w \u2013 dla kibic\u00f3w\" \/>\n\t\t<meta property=\"og:type\" content=\"article\" \/>\n\t\t<meta property=\"og:title\" content=\"Zastal radzi sobie mimo os\u0142abie\u0144. Mi\u0142oszewski o Mazurczaku i Sulimie -\" \/>\n\t\t<meta property=\"og:description\" content=\"Wyjazdowe zwyci\u0119stwo ORLEN Zastalu Zielona G\u00f3ra w Gdyni by\u0142o tym cenniejsze, \u017ce zielonog\u00f3rzanie musieli radzi\u0107 sobie w mocno okrojonym sk\u0142adzie. W meczu z AMW Ark\u0105 zabrak\u0142o Andrzeja Mazurczaka i Krzysztofa Sulimy, a mimo to zesp\u00f3\u0142 trenera Arkadiusza Mi\u0142oszewskiego zdo\u0142a\u0142 odwr\u00f3ci\u0107 losy spotkania po przerwie i si\u0119gn\u0105\u0107 po wygran\u0105. Szkoleniowiec Zastalu nie ukrywa\u0142 satysfakcji z postawy\" \/>\n\t\t<meta property=\"og:url\" content=\"https:\/\/zastalowcy.pl\/?p=991\" \/>\n\t\t<meta property=\"og:image\" content=\"https:\/\/zastalowcy.pl\/wp-content\/uploads\/2025\/09\/cropped-logo-strony-2.png\" \/>\n\t\t<meta property=\"og:image:secure_url\" content=\"https:\/\/zastalowcy.pl\/wp-content\/uploads\/2025\/09\/cropped-logo-strony-2.png\" \/>\n\t\t<meta property=\"og:image:width\" content=\"1862\" \/>\n\t\t<meta property=\"og:image:height\" content=\"384\" \/>\n\t\t<meta property=\"article:published_time\" content=\"2026-02-07T18:44:00+00:00\" \/>\n\t\t<meta property=\"article:modified_time\" content=\"2026-02-08T23:01:26+00:00\" \/>\n\t\t<meta name=\"twitter:card\" content=\"summary_large_image\" \/>\n\t\t<meta name=\"twitter:title\" content=\"Zastal radzi sobie mimo os\u0142abie\u0144. Mi\u0142oszewski o Mazurczaku i Sulimie -\" \/>\n\t\t<meta name=\"twitter:description\" content=\"Wyjazdowe zwyci\u0119stwo ORLEN Zastalu Zielona G\u00f3ra w Gdyni by\u0142o tym cenniejsze, \u017ce zielonog\u00f3rzanie musieli radzi\u0107 sobie w mocno okrojonym sk\u0142adzie. W meczu z AMW Ark\u0105 zabrak\u0142o Andrzeja Mazurczaka i Krzysztofa Sulimy, a mimo to zesp\u00f3\u0142 trenera Arkadiusza Mi\u0142oszewskiego zdo\u0142a\u0142 odwr\u00f3ci\u0107 losy spotkania po przerwie i si\u0119gn\u0105\u0107 po wygran\u0105. Szkoleniowiec Zastalu nie ukrywa\u0142 satysfakcji z postawy\" \/>\n\t\t<meta name=\"twitter:image\" content=\"https:\/\/zastalowcy.pl\/wp-content\/uploads\/2025\/09\/cropped-logo-strony-2.png\" \/>\n\t\t<script type=\"application\/ld+json\" class=\"aioseo-schema\">\n\t\t\t{\"@context\":\"https:\\\/\\\/schema.org\",\"@graph\":[{\"@type\":\"BlogPosting\",\"@id\":\"https:\\\/\\\/zastalowcy.pl\\\/?p=991#blogposting\",\"name\":\"Zastal radzi sobie mimo os\\u0142abie\\u0144. Mi\\u0142oszewski o Mazurczaku i Sulimie -\",\"headline\":\"Zastal radzi sobie mimo os\\u0142abie\\u0144. Mi\\u0142oszewski o Mazurczaku i Sulimie\",\"author\":{\"@id\":\"https:\\\/\\\/zastalowcy.pl\\\/?author=3#author\"},\"publisher\":{\"@id\":\"https:\\\/\\\/zastalowcy.pl\\\/#organization\"},\"image\":{\"@type\":\"ImageObject\",\"url\":\"https:\\\/\\\/zastalowcy.pl\\\/wp-content\\\/uploads\\\/2026\\\/02\\\/profilowe-13.png\",\"width\":2048,\"height\":2048},\"datePublished\":\"2026-02-07T19:44:00+01:00\",\"dateModified\":\"2026-02-09T00:01:26+01:00\",\"inLanguage\":\"pl-PL\",\"mainEntityOfPage\":{\"@id\":\"https:\\\/\\\/zastalowcy.pl\\\/?p=991#webpage\"},\"isPartOf\":{\"@id\":\"https:\\\/\\\/zastalowcy.pl\\\/?p=991#webpage\"},\"articleSection\":\"Aktualno\\u015bci, Sezon 2025\\\/2026, andrzej mazurczak, andy mazurczak, basketzg, chorba w zastalu, dru\\u017cyna, koszyk\\u00f3wka, krzysztof sulima, mazurczak, mi\\u0142oszewski, orlen zastal zielona g\\u00f3ra, sulima, zastal, zastal zielona g\\u00f3ra, zastalowcy, zielona g\\u00f3ra, zielonagora, zielonog\\u00f3rska koszyk\\u00f3wka\"},{\"@type\":\"BreadcrumbList\",\"@id\":\"https:\\\/\\\/zastalowcy.pl\\\/?p=991#breadcrumblist\",\"itemListElement\":[{\"@type\":\"ListItem\",\"@id\":\"https:\\\/\\\/zastalowcy.pl#listItem\",\"position\":1,\"name\":\"Home\",\"item\":\"https:\\\/\\\/zastalowcy.pl\",\"nextItem\":{\"@type\":\"ListItem\",\"@id\":\"https:\\\/\\\/zastalowcy.pl\\\/?cat=9#listItem\",\"name\":\"Sezon 2025\\\/2026\"}},{\"@type\":\"ListItem\",\"@id\":\"https:\\\/\\\/zastalowcy.pl\\\/?cat=9#listItem\",\"position\":2,\"name\":\"Sezon 2025\\\/2026\",\"item\":\"https:\\\/\\\/zastalowcy.pl\\\/?cat=9\",\"nextItem\":{\"@type\":\"ListItem\",\"@id\":\"https:\\\/\\\/zastalowcy.pl\\\/?p=991#listItem\",\"name\":\"Zastal radzi sobie mimo os\\u0142abie\\u0144. Mi\\u0142oszewski o Mazurczaku i Sulimie\"},\"previousItem\":{\"@type\":\"ListItem\",\"@id\":\"https:\\\/\\\/zastalowcy.pl#listItem\",\"name\":\"Home\"}},{\"@type\":\"ListItem\",\"@id\":\"https:\\\/\\\/zastalowcy.pl\\\/?p=991#listItem\",\"position\":3,\"name\":\"Zastal radzi sobie mimo os\\u0142abie\\u0144. Mi\\u0142oszewski o Mazurczaku i Sulimie\",\"previousItem\":{\"@type\":\"ListItem\",\"@id\":\"https:\\\/\\\/zastalowcy.pl\\\/?cat=9#listItem\",\"name\":\"Sezon 2025\\\/2026\"}}]},{\"@type\":\"Organization\",\"@id\":\"https:\\\/\\\/zastalowcy.pl\\\/#organization\",\"description\":\"O Zastalu od kibic\\u00f3w \\u2013 dla kibic\\u00f3w\",\"url\":\"https:\\\/\\\/zastalowcy.pl\\\/\",\"logo\":{\"@type\":\"ImageObject\",\"url\":\"https:\\\/\\\/zastalowcy.pl\\\/wp-content\\\/uploads\\\/2025\\\/09\\\/cropped-logo-strony-2.png\",\"@id\":\"https:\\\/\\\/zastalowcy.pl\\\/?p=991\\\/#organizationLogo\",\"width\":1862,\"height\":384},\"image\":{\"@id\":\"https:\\\/\\\/zastalowcy.pl\\\/?p=991\\\/#organizationLogo\"}},{\"@type\":\"Person\",\"@id\":\"https:\\\/\\\/zastalowcy.pl\\\/?author=3#author\",\"url\":\"https:\\\/\\\/zastalowcy.pl\\\/?author=3\",\"name\":\"Joanna Nawlicka\",\"image\":{\"@type\":\"ImageObject\",\"@id\":\"https:\\\/\\\/zastalowcy.pl\\\/?p=991#authorImage\",\"url\":\"https:\\\/\\\/secure.gravatar.com\\\/avatar\\\/66fc557d97536ff5096b6295970275631b7a4673997738477642001957f5274c?s=96&d=mm&r=g\",\"width\":96,\"height\":96,\"caption\":\"Joanna Nawlicka\"}},{\"@type\":\"WebPage\",\"@id\":\"https:\\\/\\\/zastalowcy.pl\\\/?p=991#webpage\",\"url\":\"https:\\\/\\\/zastalowcy.pl\\\/?p=991\",\"name\":\"Zastal radzi sobie mimo os\\u0142abie\\u0144. Mi\\u0142oszewski o Mazurczaku i Sulimie -\",\"description\":\"Wyjazdowe zwyci\\u0119stwo ORLEN Zastalu Zielona G\\u00f3ra w Gdyni by\\u0142o tym cenniejsze, \\u017ce zielonog\\u00f3rzanie musieli radzi\\u0107 sobie w mocno okrojonym sk\\u0142adzie. W meczu z AMW Ark\\u0105 zabrak\\u0142o Andrzeja Mazurczaka i Krzysztofa Sulimy, a mimo to zesp\\u00f3\\u0142 trenera Arkadiusza Mi\\u0142oszewskiego zdo\\u0142a\\u0142 odwr\\u00f3ci\\u0107 losy spotkania po przerwie i si\\u0119gn\\u0105\\u0107 po wygran\\u0105. Szkoleniowiec Zastalu nie ukrywa\\u0142 satysfakcji z postawy\",\"inLanguage\":\"pl-PL\",\"isPartOf\":{\"@id\":\"https:\\\/\\\/zastalowcy.pl\\\/#website\"},\"breadcrumb\":{\"@id\":\"https:\\\/\\\/zastalowcy.pl\\\/?p=991#breadcrumblist\"},\"author\":{\"@id\":\"https:\\\/\\\/zastalowcy.pl\\\/?author=3#author\"},\"creator\":{\"@id\":\"https:\\\/\\\/zastalowcy.pl\\\/?author=3#author\"},\"image\":{\"@type\":\"ImageObject\",\"url\":\"https:\\\/\\\/zastalowcy.pl\\\/wp-content\\\/uploads\\\/2026\\\/02\\\/profilowe-13.png\",\"@id\":\"https:\\\/\\\/zastalowcy.pl\\\/?p=991\\\/#mainImage\",\"width\":2048,\"height\":2048},\"primaryImageOfPage\":{\"@id\":\"https:\\\/\\\/zastalowcy.pl\\\/?p=991#mainImage\"},\"datePublished\":\"2026-02-07T19:44:00+01:00\",\"dateModified\":\"2026-02-09T00:01:26+01:00\"},{\"@type\":\"WebSite\",\"@id\":\"https:\\\/\\\/zastalowcy.pl\\\/#website\",\"url\":\"https:\\\/\\\/zastalowcy.pl\\\/\",\"description\":\"O Zastalu od kibic\\u00f3w \\u2013 dla kibic\\u00f3w\",\"inLanguage\":\"pl-PL\",\"publisher\":{\"@id\":\"https:\\\/\\\/zastalowcy.pl\\\/#organization\"}}]}\n\t\t<\/script>\n\t\t<!-- All in One SEO -->\n\n","aioseo_head_json":{"title":"Zastal radzi sobie mimo os\u0142abie\u0144. Mi\u0142oszewski o Mazurczaku i Sulimie -","description":"Wyjazdowe zwyci\u0119stwo ORLEN Zastalu Zielona G\u00f3ra w Gdyni by\u0142o tym cenniejsze, \u017ce zielonog\u00f3rzanie musieli radzi\u0107 sobie w mocno okrojonym sk\u0142adzie. W meczu z AMW Ark\u0105 zabrak\u0142o Andrzeja Mazurczaka i Krzysztofa Sulimy, a mimo to zesp\u00f3\u0142 trenera Arkadiusza Mi\u0142oszewskiego zdo\u0142a\u0142 odwr\u00f3ci\u0107 losy spotkania po przerwie i si\u0119gn\u0105\u0107 po wygran\u0105. Szkoleniowiec Zastalu nie ukrywa\u0142 satysfakcji z postawy","canonical_url":"https:\/\/zastalowcy.pl\/?p=991","robots":"max-image-preview:large","keywords":"","webmasterTools":{"miscellaneous":""},"schema":{"@context":"https:\/\/schema.org","@graph":[{"@type":"BlogPosting","@id":"https:\/\/zastalowcy.pl\/?p=991#blogposting","name":"Zastal radzi sobie mimo os\u0142abie\u0144. Mi\u0142oszewski o Mazurczaku i Sulimie -","headline":"Zastal radzi sobie mimo os\u0142abie\u0144. Mi\u0142oszewski o Mazurczaku i Sulimie","author":{"@id":"https:\/\/zastalowcy.pl\/?author=3#author"},"publisher":{"@id":"https:\/\/zastalowcy.pl\/#organization"},"image":{"@type":"ImageObject","url":"https:\/\/zastalowcy.pl\/wp-content\/uploads\/2026\/02\/profilowe-13.png","width":2048,"height":2048},"datePublished":"2026-02-07T19:44:00+01:00","dateModified":"2026-02-09T00:01:26+01:00","inLanguage":"pl-PL","mainEntityOfPage":{"@id":"https:\/\/zastalowcy.pl\/?p=991#webpage"},"isPartOf":{"@id":"https:\/\/zastalowcy.pl\/?p=991#webpage"},"articleSection":"Aktualno\u015bci, Sezon 2025\/2026, andrzej mazurczak, andy mazurczak, basketzg, chorba w zastalu, dru\u017cyna, koszyk\u00f3wka, krzysztof sulima, mazurczak, mi\u0142oszewski, orlen zastal zielona g\u00f3ra, sulima, zastal, zastal zielona g\u00f3ra, zastalowcy, zielona g\u00f3ra, zielonagora, zielonog\u00f3rska koszyk\u00f3wka"},{"@type":"BreadcrumbList","@id":"https:\/\/zastalowcy.pl\/?p=991#breadcrumblist","itemListElement":[{"@type":"ListItem","@id":"https:\/\/zastalowcy.pl#listItem","position":1,"name":"Home","item":"https:\/\/zastalowcy.pl","nextItem":{"@type":"ListItem","@id":"https:\/\/zastalowcy.pl\/?cat=9#listItem","name":"Sezon 2025\/2026"}},{"@type":"ListItem","@id":"https:\/\/zastalowcy.pl\/?cat=9#listItem","position":2,"name":"Sezon 2025\/2026","item":"https:\/\/zastalowcy.pl\/?cat=9","nextItem":{"@type":"ListItem","@id":"https:\/\/zastalowcy.pl\/?p=991#listItem","name":"Zastal radzi sobie mimo os\u0142abie\u0144. Mi\u0142oszewski o Mazurczaku i Sulimie"},"previousItem":{"@type":"ListItem","@id":"https:\/\/zastalowcy.pl#listItem","name":"Home"}},{"@type":"ListItem","@id":"https:\/\/zastalowcy.pl\/?p=991#listItem","position":3,"name":"Zastal radzi sobie mimo os\u0142abie\u0144. Mi\u0142oszewski o Mazurczaku i Sulimie","previousItem":{"@type":"ListItem","@id":"https:\/\/zastalowcy.pl\/?cat=9#listItem","name":"Sezon 2025\/2026"}}]},{"@type":"Organization","@id":"https:\/\/zastalowcy.pl\/#organization","description":"O Zastalu od kibic\u00f3w \u2013 dla kibic\u00f3w","url":"https:\/\/zastalowcy.pl\/","logo":{"@type":"ImageObject","url":"https:\/\/zastalowcy.pl\/wp-content\/uploads\/2025\/09\/cropped-logo-strony-2.png","@id":"https:\/\/zastalowcy.pl\/?p=991\/#organizationLogo","width":1862,"height":384},"image":{"@id":"https:\/\/zastalowcy.pl\/?p=991\/#organizationLogo"}},{"@type":"Person","@id":"https:\/\/zastalowcy.pl\/?author=3#author","url":"https:\/\/zastalowcy.pl\/?author=3","name":"Joanna Nawlicka","image":{"@type":"ImageObject","@id":"https:\/\/zastalowcy.pl\/?p=991#authorImage","url":"https:\/\/secure.gravatar.com\/avatar\/66fc557d97536ff5096b6295970275631b7a4673997738477642001957f5274c?s=96&d=mm&r=g","width":96,"height":96,"caption":"Joanna Nawlicka"}},{"@type":"WebPage","@id":"https:\/\/zastalowcy.pl\/?p=991#webpage","url":"https:\/\/zastalowcy.pl\/?p=991","name":"Zastal radzi sobie mimo os\u0142abie\u0144. Mi\u0142oszewski o Mazurczaku i Sulimie -","description":"Wyjazdowe zwyci\u0119stwo ORLEN Zastalu Zielona G\u00f3ra w Gdyni by\u0142o tym cenniejsze, \u017ce zielonog\u00f3rzanie musieli radzi\u0107 sobie w mocno okrojonym sk\u0142adzie. W meczu z AMW Ark\u0105 zabrak\u0142o Andrzeja Mazurczaka i Krzysztofa Sulimy, a mimo to zesp\u00f3\u0142 trenera Arkadiusza Mi\u0142oszewskiego zdo\u0142a\u0142 odwr\u00f3ci\u0107 losy spotkania po przerwie i si\u0119gn\u0105\u0107 po wygran\u0105. Szkoleniowiec Zastalu nie ukrywa\u0142 satysfakcji z postawy","inLanguage":"pl-PL","isPartOf":{"@id":"https:\/\/zastalowcy.pl\/#website"},"breadcrumb":{"@id":"https:\/\/zastalowcy.pl\/?p=991#breadcrumblist"},"author":{"@id":"https:\/\/zastalowcy.pl\/?author=3#author"},"creator":{"@id":"https:\/\/zastalowcy.pl\/?author=3#author"},"image":{"@type":"ImageObject","url":"https:\/\/zastalowcy.pl\/wp-content\/uploads\/2026\/02\/profilowe-13.png","@id":"https:\/\/zastalowcy.pl\/?p=991\/#mainImage","width":2048,"height":2048},"primaryImageOfPage":{"@id":"https:\/\/zastalowcy.pl\/?p=991#mainImage"},"datePublished":"2026-02-07T19:44:00+01:00","dateModified":"2026-02-09T00:01:26+01:00"},{"@type":"WebSite","@id":"https:\/\/zastalowcy.pl\/#website","url":"https:\/\/zastalowcy.pl\/","description":"O Zastalu od kibic\u00f3w \u2013 dla kibic\u00f3w","inLanguage":"pl-PL","publisher":{"@id":"https:\/\/zastalowcy.pl\/#organization"}}]},"og:locale":"pl_PL","og:site_name":"- O Zastalu od kibic\u00f3w \u2013 dla kibic\u00f3w","og:type":"article","og:title":"Zastal radzi sobie mimo os\u0142abie\u0144. Mi\u0142oszewski o Mazurczaku i Sulimie -","og:description":"Wyjazdowe zwyci\u0119stwo ORLEN Zastalu Zielona G\u00f3ra w Gdyni by\u0142o tym cenniejsze, \u017ce zielonog\u00f3rzanie musieli radzi\u0107 sobie w mocno okrojonym sk\u0142adzie. W meczu z AMW Ark\u0105 zabrak\u0142o Andrzeja Mazurczaka i Krzysztofa Sulimy, a mimo to zesp\u00f3\u0142 trenera Arkadiusza Mi\u0142oszewskiego zdo\u0142a\u0142 odwr\u00f3ci\u0107 losy spotkania po przerwie i si\u0119gn\u0105\u0107 po wygran\u0105. Szkoleniowiec Zastalu nie ukrywa\u0142 satysfakcji z postawy","og:url":"https:\/\/zastalowcy.pl\/?p=991","og:image":"https:\/\/zastalowcy.pl\/wp-content\/uploads\/2025\/09\/cropped-logo-strony-2.png","og:image:secure_url":"https:\/\/zastalowcy.pl\/wp-content\/uploads\/2025\/09\/cropped-logo-strony-2.png","og:image:width":1862,"og:image:height":384,"article:published_time":"2026-02-07T18:44:00+00:00","article:modified_time":"2026-02-08T23:01:26+00:00","twitter:card":"summary_large_image","twitter:title":"Zastal radzi sobie mimo os\u0142abie\u0144. Mi\u0142oszewski o Mazurczaku i Sulimie -","twitter:description":"Wyjazdowe zwyci\u0119stwo ORLEN Zastalu Zielona G\u00f3ra w Gdyni by\u0142o tym cenniejsze, \u017ce zielonog\u00f3rzanie musieli radzi\u0107 sobie w mocno okrojonym sk\u0142adzie. W meczu z AMW Ark\u0105 zabrak\u0142o Andrzeja Mazurczaka i Krzysztofa Sulimy, a mimo to zesp\u00f3\u0142 trenera Arkadiusza Mi\u0142oszewskiego zdo\u0142a\u0142 odwr\u00f3ci\u0107 losy spotkania po przerwie i si\u0119gn\u0105\u0107 po wygran\u0105. Szkoleniowiec Zastalu nie ukrywa\u0142 satysfakcji z postawy","twitter:image":"https:\/\/zastalowcy.pl\/wp-content\/uploads\/2025\/09\/cropped-logo-strony-2.png"},"aioseo_meta_data":{"post_id":"991","title":null,"description":null,"keywords":null,"keyphrases":null,"primary_term":null,"canonical_url":null,"og_title":null,"og_description":null,"og_object_type":"default","og_image_type":"default","og_image_custom_url":null,"og_image_custom_fields":null,"og_image_url":null,"og_image_width":null,"og_image_height":null,"og_video":null,"og_custom_url":null,"og_article_section":null,"og_article_tags":null,"twitter_use_og":false,"twitter_card":"default","twitter_image_type":"default","twitter_image_custom_url":null,"twitter_image_custom_fields":null,"twitter_image_url":null,"twitter_title":null,"twitter_description":null,"schema_type":"default","schema_type_options":null,"schema":{"blockGraphs":[],"customGraphs":[],"default":{"data":{"Article":[],"Course":[],"Dataset":[],"FAQPage":[],"Movie":[],"Person":[],"Product":[],"ProductReview":[],"Car":[],"Recipe":[],"Service":[],"SoftwareApplication":[],"WebPage":[]},"graphName":"","isEnabled":true},"graphs":[]},"pillar_content":false,"robots_default":true,"robots_noindex":false,"robots_noarchive":false,"robots_nosnippet":false,"robots_nofollow":false,"robots_noimageindex":false,"robots_noodp":false,"robots_notranslate":false,"robots_max_snippet":null,"robots_max_videopreview":null,"robots_max_imagepreview":"large","priority":null,"frequency":null,"local_seo":null,"limit_modified_date":false,"ai":null,"breadcrumb_settings":null,"seo_analyzer_scan_date":null,"created":"2026-07-15 16:57:18","updated":"2026-07-15 16:57:18","focus_keyword":null,"additional_keywords":null,"truseo_locale":null},"aioseo_breadcrumb":"<div class=\"aioseo-breadcrumbs\"><span class=\"aioseo-breadcrumb\">\n\t\t\t<a href=\"https:\/\/zastalowcy.pl\" title=\"Home\">Home<\/a>\n\t\t<\/span><span class=\"aioseo-breadcrumb-separator\">&raquo;<\/span><span class=\"aioseo-breadcrumb\">\n\t\t\t<a href=\"https:\/\/zastalowcy.pl\/?cat=9\" title=\"Sezon 2025\/2026\">Sezon 2025\/2026<\/a>\n\t\t<\/span><span class=\"aioseo-breadcrumb-separator\">&raquo;<\/span><span class=\"aioseo-breadcrumb\">\n\t\t\tZastal radzi sobie mimo os\u0142abie\u0144. Mi\u0142oszewski o Mazurczaku i Sulimie\n\t\t<\/span><\/div>","aioseo_breadcrumb_json":[{"label":"Home","link":"https:\/\/zastalowcy.pl"},{"label":"Sezon 2025\/2026","link":"https:\/\/zastalowcy.pl\/?cat=9"},{"label":"Zastal radzi sobie mimo os\u0142abie\u0144. Mi\u0142oszewski o Mazurczaku i Sulimie","link":"https:\/\/zastalowcy.pl\/?p=991"}],"_links":{"self":[{"href":"https:\/\/zastalowcy.pl\/index.php?rest_route=\/wp\/v2\/posts\/991","targetHints":{"allow":["GET"]}}],"collection":[{"href":"https:\/\/zastalowcy.pl\/index.php?rest_route=\/wp\/v2\/posts"}],"about":[{"href":"https:\/\/zastalowcy.pl\/index.php?rest_route=\/wp\/v2\/types\/post"}],"author":[{"embeddable":true,"href":"https:\/\/zastalowcy.pl\/index.php?rest_route=\/wp\/v2\/users\/3"}],"replies":[{"embeddable":true,"href":"https:\/\/zastalowcy.pl\/index.php?rest_route=%2Fwp%2Fv2%2Fcomments&post=991"}],"version-history":[{"count":2,"href":"https:\/\/zastalowcy.pl\/index.php?rest_route=\/wp\/v2\/posts\/991\/revisions"}],"predecessor-version":[{"id":995,"href":"https:\/\/zastalowcy.pl\/index.php?rest_route=\/wp\/v2\/posts\/991\/revisions\/995"}],"wp:featuredmedia":[{"embeddable":true,"href":"https:\/\/zastalowcy.pl\/index.php?rest_route=\/wp\/v2\/media\/993"}],"wp:attachment":[{"href":"https:\/\/zastalowcy.pl\/index.php?rest_route=%2Fwp%2Fv2%2Fmedia&parent=991"}],"wp:term":[{"taxonomy":"category","embeddable":true,"href":"https:\/\/zastalowcy.pl\/index.php?rest_route=%2Fwp%2Fv2%2Fcategories&post=991"},{"taxonomy":"post_tag","embeddable":true,"href":"https:\/\/zastalowcy.pl\/index.php?rest_route=%2Fwp%2Fv2%2Ftags&post=991"}],"curies":[{"name":"wp","href":"https:\/\/api.w.org\/{rel}","templated":true}]}}